{"id":815762,"date":"2026-02-21T23:31:14","date_gmt":"2026-02-21T23:31:14","guid":{"rendered":"https:\/\/www.europesays.com\/de\/815762\/"},"modified":"2026-02-21T23:31:14","modified_gmt":"2026-02-21T23:31:14","slug":"siegesserie-in-la-liga-gerissen-real-madrid-in-pamplona-auf-die-hoerner-genommen","status":"publish","type":"post","link":"https:\/\/www.europesays.com\/de\/815762\/","title":{"rendered":"Siegesserie in La Liga gerissen: Real Madrid in Pamplona auf die H\u00f6rner genommen"},"content":{"rendered":"<p>            <img loading=\"lazy\" decoding=\"async\" class=\"ts-image\" src=\"https:\/\/www.europesays.com\/de\/wp-content\/uploads\/2026\/02\/real-osasuna-104.jpg\" alt=\"Kylian Mbappe (l.) bei der Pleite in Pamplona\" title=\"Kylian Mbappe (l.) bei der Pleite in Pamplona | AP Photo\/Miguel Oses\"\/><\/p>\n<p class=\"metatextline\">Stand: 21.02.2026 \u2022 21:00 Uhr<\/p>\n<p class=\"article-head__shorttext\">\n        <strong>Real Madrid kassiert nach acht Siegen in Serie in der spanischen Liga bei Osasuna  eine 1:2-Niederlage und muss um die Tabellenf\u00fchrung bangen. Der FC Barcelona k\u00f6nnte mit einem Sieg gegen UD Levante vorbeiziehen.<\/strong>\n    <\/p>\n<p class=\"textabsatz m-ten m-offset-one l-eight l-offset-two columns twelve\">Ante Budimir brachte Osasuna in der 38. Minute vom Elfmeterpunkt in F\u00fchrung. Vinicius Junior erzielte den zwischenzeitlichen Ausgleich (73.), Raul Garcia schockte Real mit dem Siegtor in der Nachspielzeit (90.+2).<\/p>\n<ul class=\"buttongroup buttongroup--copytext\">\n<li class=\"buttongroup__item\">\n<p>    <a class=\"btn btn--text btn--standard-secondary btn--fullwidth\" href=\"https:\/\/www.sportschau.de\/live-und-ergebnisse\/fussball\/spanien-primera-division\/ma11223608\/ca-osasuna_real-madrid\/liveticker\" rel=\"nofollow noopener\" target=\"_blank\"><br \/>\n        Live-Ticker zum Nachlesen<\/p>\n<p>  Pfeil rechts<\/p>\n<p>    <\/a>\n<\/li>\n<li class=\"buttongroup__item\">\n<p>    <a class=\"btn btn--text btn--standard-secondary btn--fullwidth\" href=\"https:\/\/www.sportschau.de\/live-und-ergebnisse\/fussball\/spanien-primera-division\/spiele-und-ergebnisse\" rel=\"nofollow noopener\" target=\"_blank\"><br \/>\n        25. Spieltag<\/p>\n<p>  Pfeil rechts<\/p>\n<p>    <\/a>\n<\/li>\n<\/ul>\n<p>    Osasuna auf Augenh\u00f6he mit den &#8222;K\u00f6niglichen&#8220;<\/p>\n<p class=\"textabsatz m-ten m-offset-one l-eight l-offset-two columns twelve\">Osasuna pr\u00e4sentierte sich von Beginn an auf Augenh\u00f6he mit dem Star-Ensemble, spielte couragiert nach vorne und belohnte sich mit der F\u00fchrung: Nach einem langen Ball in die Spitze kam Budimir im Duell mit Real-Keeper Thibaut Courtois zu Fall. Budimir sah zun\u00e4chst Gelb wegen einer vermeintlichen Schwalbe, die Entscheidung wurde jedoch durch den VAR revidiert: Stattdessen gab es Gelb f\u00fcr Courtois und Elfmeter f\u00fcr die Gastgeber. Budimir trat selbst an und behielt die Nerven &#8211; Osasuna f\u00fchrte zur Halbzeit.<\/p>\n<p class=\"textabsatz m-ten m-offset-one l-eight l-offset-two columns twelve\">Die &#8222;K\u00f6niglichen&#8220; machten nach der Pause Druck, Osasuna verteidigte aber weiter konsequent und lie\u00df kaum etwas zu. Erst eine starke Einzelaktion von Federico Valverde brachte Real ins Spiel zur\u00fcck: Valverde sah die L\u00fccke auf der linken Seite, nahm Fahrt auf und legte den Ball perfekt in die Mitte, dort hatte Vinicius Junior keine Probleme, aus kurzer Distanz zu vollenden.<\/p>\n<p class=\"textabsatz m-ten m-offset-one l-eight l-offset-two columns twelve\">Madrid dr\u00e4ngte in der Schlussphase auf den Sieg, Kylian Mbapp\u00e9 hatte die beste Chance nach einem verungl\u00fcckten Kl\u00e4rungsversuch, jagte den Ball aber aus knapp zehn Metern \u00fcber die Latte.<\/p>\n<p>    Raul Garcia mit dem Last-Minute-Siegtor f\u00fcr Osasuna<\/p>\n<p class=\"textabsatz m-ten m-offset-one l-eight l-offset-two columns twelve\">Aber Osasuna konnte tats\u00e4chlich noch einmal zulegen: Raul Garcia lie\u00df Raul Asencio im Laufduell ganz schlecht aussehen, schlug noch einen Haken und jagte den Ball aus ganz spitzem Winkel an Thibaut Courtois vorbei oben ins Eck.<\/p>\n<p class=\"textabsatz m-ten m-offset-one l-eight l-offset-two columns twelve\">Die 22.000 Fans im Estadio El Sadar mussten noch einige bange Sekunden \u00fcberstehen, weil der Treffer vom VAR wegen einen m\u00f6gliche Abseitsstellung \u00fcberpruft wurde, bevor sie dann kollektiv ausrasten konnten &#8211; es war der erste Sieg f\u00fcr Osasuna in der spanischen Liga gegen die &#8222;K\u00f6niglichen&#8220; nach 15 Jahren.<\/p>\n","protected":false},"excerpt":{"rendered":"Stand: 21.02.2026 \u2022 21:00 Uhr Real Madrid kassiert nach acht Siegen in Serie in der spanischen Liga bei&hellip;\n","protected":false},"author":2,"featured_media":815763,"comment_status":"","ping_status":"","sticky":false,"template":"","format":"standard","meta":{"footnotes":"","_share_on_mastodon":"0"},"categories":[5],"tags":[331,332,3364,29,347,30,13,348,14,15,3349,12],"class_list":["post-815762","post","type-post","status-publish","format-standard","has-post-thumbnail","category-nachrichten","tag-aktuelle-nachrichten","tag-aktuelle-news","tag-de","tag-deutschland","tag-fussball","tag-germany","tag-headlines","tag-la-liga","tag-nachrichten","tag-news","tag-real-madrid","tag-schlagzeilen"],"share_on_mastodon":{"url":"https:\/\/pubeurope.com\/@de\/116111231325288098","error":""},"_links":{"self":[{"href":"https:\/\/www.europesays.com\/de\/wp-json\/wp\/v2\/posts\/815762","targetHints":{"allow":["GET"]}}],"collection":[{"href":"https:\/\/www.europesays.com\/de\/wp-json\/wp\/v2\/posts"}],"about":[{"href":"https:\/\/www.europesays.com\/de\/wp-json\/wp\/v2\/types\/post"}],"author":[{"embeddable":true,"href":"https:\/\/www.europesays.com\/de\/wp-json\/wp\/v2\/users\/2"}],"replies":[{"embeddable":true,"href":"https:\/\/www.europesays.com\/de\/wp-json\/wp\/v2\/comments?post=815762"}],"version-history":[{"count":0,"href":"https:\/\/www.europesays.com\/de\/wp-json\/wp\/v2\/posts\/815762\/revisions"}],"wp:featuredmedia":[{"embeddable":true,"href":"https:\/\/www.europesays.com\/de\/wp-json\/wp\/v2\/media\/815763"}],"wp:attachment":[{"href":"https:\/\/www.europesays.com\/de\/wp-json\/wp\/v2\/media?parent=815762"}],"wp:term":[{"taxonomy":"category","embeddable":true,"href":"https:\/\/www.europesays.com\/de\/wp-json\/wp\/v2\/categories?post=815762"},{"taxonomy":"post_tag","embeddable":true,"href":"https:\/\/www.europesays.com\/de\/wp-json\/wp\/v2\/tags?post=815762"}],"curies":[{"name":"wp","href":"https:\/\/api.w.org\/{rel}","templated":true}]}}