{"id":815766,"date":"2026-02-21T23:33:47","date_gmt":"2026-02-21T23:33:47","guid":{"rendered":"https:\/\/www.europesays.com\/de\/815766\/"},"modified":"2026-02-21T23:33:47","modified_gmt":"2026-02-21T23:33:47","slug":"baumpflegearbeiten-an-der-draitschquelle-bundesstadt-bonn","status":"publish","type":"post","link":"https:\/\/www.europesays.com\/de\/815766\/","title":{"rendered":"Baumpflegearbeiten an der Draitschquelle | Bundesstadt Bonn"},"content":{"rendered":"<p>                            20.02.2026<\/p>\n<p>Ab Montag, 23. Februar 2026, l\u00e4sst die Stadtf\u00f6rsterei der Stadt Bonn an der Draitschquelle in Bad Godesberg dringend erforderliche Baumpflegearbeiten und F\u00e4llungen durchf\u00fchren.<\/p>\n<p>Grund f\u00fcr die Ma\u00dfnahmen ist der stark abg\u00e4ngige, \u00e4ltere Baumbestand in diesem Bereich. Um die Sicherheit f\u00fcr Naherholungsuchende und den Stra\u00dfenverkehr zu gew\u00e4hrleisten, m\u00fcssen abgestorbene \u00c4ste entfernt und stark besch\u00e4digte B\u00e4ume gef\u00e4llt werden. F\u00fcr die Arbeiten ist teilweise der Einsatz gr\u00f6\u00dferer Maschinen notwendig.<\/p>\n<p>Im Verlauf der Arbeiten kommt es zu tempor\u00e4ren Stra\u00dfensperrungen. Betroffen sind die Drachenfelsstra\u00dfe und die Stra\u00dfe Am Draitschbusch entlang des Waldgebiets. An der Drachenfelsstra\u00dfe darf am Dienstag, 24. Februar, entlang der Waldseite nicht geparkt werden. Die Stra\u00dfe wird weitestgehend passierbar bleiben. Die Stra\u00dfe Am Draitschbusch wird am Donnerstag, 26. Februar, und Freitagvormittag, 27. Februar, zeitweise vollst\u00e4ndig gesperrt. Die Anwohnenden werden ab Montag informiert, auch \u00fcber die genauen Uhrzeiten. Wegesperrungen im Waldgebiet werden nach Abschluss der Arbeiten wieder ge\u00f6ffnet.<\/p>\n<p>F\u00fcr den kommenden Winter sind Baumpflanzungen geplant, um das kleine Waldgebiet wieder aufzuwerten und den Aufbau einer neuen Waldgeneration an der Draitschquelle einzuleiten.<\/p>\n<p>                            Sie befinden sich hier:<\/p>\n<ol class=\"SP-Path__list\">\n<li class=\"SP-Path__item\"><a class=\"SP-Path__link\" href=\"https:\/\/www.bonn.de\/index.php\" rel=\"nofollow noopener\" target=\"_blank\">Startseite<\/a><\/li>\n<li class=\"SP-Path__item\"><a class=\"SP-Path__link\" href=\"https:\/\/www.bonn.de\/service-bieten\/index.php\" rel=\"nofollow noopener\" target=\"_blank\">Service bieten.<\/a><\/li>\n<li class=\"SP-Path__item\"><a class=\"SP-Path__link\" href=\"https:\/\/www.bonn.de\/service-bieten\/aktuelles-zahlen-fakten\/index.php\" rel=\"nofollow noopener\" target=\"_blank\">Aktuelles. Zahlen. Fakten.<\/a><\/li>\n<li class=\"SP-Path__item\"><a class=\"SP-Path__link\" href=\"https:\/\/www.bonn.de\/service-bieten\/aktuelles-zahlen-fakten\/newsroom.php\" rel=\"nofollow noopener\" target=\"_blank\">Newsroom.<\/a><\/li>\n<li class=\"SP-Path__item\"><a class=\"SP-Path__link\" href=\"https:\/\/www.bonn.de\/pressemitteilungen\/index.php\" rel=\"nofollow noopener\" target=\"_blank\">Aktuelle Meldungen.<\/a><\/li>\n<li class=\"SP-Path__item\"><strong class=\"SP-Path__self\">Baumpflegearbeiten an der Draitschquelle<\/strong><\/li>\n<\/ol>\n<p>Erl\u00e4uterungen und Hinweise                        <\/p>\n","protected":false},"excerpt":{"rendered":"20.02.2026 Ab Montag, 23. Februar 2026, l\u00e4sst die Stadtf\u00f6rsterei der Stadt Bonn an der Draitschquelle in Bad Godesberg&hellip;\n","protected":false},"author":2,"featured_media":815767,"comment_status":"","ping_status":"","sticky":false,"template":"","format":"standard","meta":{"footnotes":"","_share_on_mastodon":"0"},"categories":[1842],"tags":[1741,3364,29,30,1209],"class_list":["post-815766","post","type-post","status-publish","format-standard","has-post-thumbnail","category-bonn","tag-bonn","tag-de","tag-deutschland","tag-germany","tag-nordrhein-westfalen"],"share_on_mastodon":{"url":"https:\/\/pubeurope.com\/@de\/116111242963663377","error":""},"_links":{"self":[{"href":"https:\/\/www.europesays.com\/de\/wp-json\/wp\/v2\/posts\/815766","targetHints":{"allow":["GET"]}}],"collection":[{"href":"https:\/\/www.europesays.com\/de\/wp-json\/wp\/v2\/posts"}],"about":[{"href":"https:\/\/www.europesays.com\/de\/wp-json\/wp\/v2\/types\/post"}],"author":[{"embeddable":true,"href":"https:\/\/www.europesays.com\/de\/wp-json\/wp\/v2\/users\/2"}],"replies":[{"embeddable":true,"href":"https:\/\/www.europesays.com\/de\/wp-json\/wp\/v2\/comments?post=815766"}],"version-history":[{"count":0,"href":"https:\/\/www.europesays.com\/de\/wp-json\/wp\/v2\/posts\/815766\/revisions"}],"wp:featuredmedia":[{"embeddable":true,"href":"https:\/\/www.europesays.com\/de\/wp-json\/wp\/v2\/media\/815767"}],"wp:attachment":[{"href":"https:\/\/www.europesays.com\/de\/wp-json\/wp\/v2\/media?parent=815766"}],"wp:term":[{"taxonomy":"category","embeddable":true,"href":"https:\/\/www.europesays.com\/de\/wp-json\/wp\/v2\/categories?post=815766"},{"taxonomy":"post_tag","embeddable":true,"href":"https:\/\/www.europesays.com\/de\/wp-json\/wp\/v2\/tags?post=815766"}],"curies":[{"name":"wp","href":"https:\/\/api.w.org\/{rel}","templated":true}]}}