{"id":815780,"date":"2026-02-21T23:41:31","date_gmt":"2026-02-21T23:41:31","guid":{"rendered":"https:\/\/www.europesays.com\/de\/815780\/"},"modified":"2026-02-21T23:41:31","modified_gmt":"2026-02-21T23:41:31","slug":"warum-fahrradbuegel-in-cotta-fuer-aerger-sorgen","status":"publish","type":"post","link":"https:\/\/www.europesays.com\/de\/815780\/","title":{"rendered":"Warum Fahrradb\u00fcgel in Cotta f\u00fcr \u00c4rger sorgen"},"content":{"rendered":"<p>Guten Morgen, liebe Leserinnen und Leser,<\/p>\n<p class=\"Textstyled__Text-sc-1cqv9mi-0 cLyiiX\">Fahrradb\u00fcgel sind eine gute Sache. Das Fahrrad kann fixiert werden und ist so sicher vor Kriminellen, die angeschlossene Fahrr\u00e4der blitzschnell auf die Ladefl\u00e4che eines Transporters werfen und die Schl\u00f6sser dann in aller Seelenruhe in ihren \u201eWerkst\u00e4tten\u201c knacken.<\/p>\n<p>Weiterlesen nach der Anzeige<\/p>\n<p>Weiterlesen nach der Anzeige<\/p>\n<p class=\"Textstyled__Text-sc-1cqv9mi-0 cLyiiX\">Dresden braucht mehr Fahrradb\u00fcgel. Aber bitte an den richtigen Stellen. Wenn Fahrradb\u00fcgel wie auf der Warthaer Stra\u00dfe in Cotta quasi mitten im Verkehrsraum installiert werden und mit Warnbaken vor dem Hindernis gewarnt werden muss, wird das Ziel verfehlt.<\/p>\n<p class=\"Textstyled__Text-sc-1cqv9mi-0 cLyiiX\">Leidtragende sind auch Fahrradfahrer, die den Stra\u00dfenbahngleisen gef\u00e4hrlich nahe kommen, w\u00e4hrend sie die Fahrradb\u00fcgel umkurven m\u00fcssen.<a href=\"https:\/\/www.dnn.de\/lokales\/dresden\/stadtbezirksbeirat-dresden-cotta-rebelliert-fahrradbuegel-sollen-wieder-weg-7CZEZMO6INGVLMNB77BOJV3MTU.html\" target=\"_self\" rel=\"nofollow noopener\" title=\"https:\/\/www.dnn.de\/lokales\/dresden\/stadtbezirksbeirat-dresden-cotta-rebelliert-fahrradbuegel-sollen-wieder-weg-7CZEZMO6INGVLMNB77BOJV3MTU.html\" data-vars-event-category=\"intext_link\" data-vars-event-action=\"click\" data-vars-event-label=\"https:\/\/www.dnn.de\/lokales\/dresden\/stadtbezirksbeirat-dresden-cotta-rebelliert-fahrradbuegel-sollen-wieder-weg-7CZEZMO6INGVLMNB77BOJV3MTU.html\"> Jetzt lesen<\/a><\/p>\n<p>Weiterlesen nach der Anzeige<\/p>\n<p>Weiterlesen nach der Anzeige<\/p>\n<p>Dresden und die Region \u2013 Leseempfehlungen<img decoding=\"async\" alt=\"Bislang rollen die Stra\u00dfenbahnen nur \u00fcber die Oskarstra\u00dfe zum Wasaplatz. K\u00fcnftig sollen hier aber auch Trams in und aus Richtung Zellescher Weg fahren.\" loading=\"lazy\"  src=\"https:\/\/www.europesays.com\/de\/wp-content\/uploads\/2026\/02\/72ZYR5R3GVFXZOW27EBU32BR2I.jpg\" \/>Tr\u00f6deln bei Campuslinie zum Wasaplatz: Dresden warnt vor Millionenschaden<\/p>\n<p class=\"Textstyled__Text-sc-1cqv9mi-0 cLyiiX\">Angesichts leerer Kassen hatte ein CDU-Stadtrat gefordert, die Planungen f\u00fcr den \u00f6stlichen Abschnitt ruhen zu lassen. F\u00fcr den westlichen Fl\u00fcgel mit der Nossener Br\u00fccke k\u00f6nnte das aus Sicht der Stadt in einem finanziellen Desaster gipfeln. <a href=\"https:\/\/www.dnn.de\/lokales\/dresden\/troedeln-bei-campuslinie-zum-wasaplatz-dresden-warnt-vor-millionenschaden-34M4QIE4ABHAXIKCROF2KWZO64.html\" target=\"_self\" rel=\"nofollow noopener\" title=\"https:\/\/www.dnn.de\/lokales\/dresden\/troedeln-bei-campuslinie-zum-wasaplatz-dresden-warnt-vor-millionenschaden-34M4QIE4ABHAXIKCROF2KWZO64.html\" data-vars-event-category=\"intext_link\" data-vars-event-action=\"click\" data-vars-event-label=\"https:\/\/www.dnn.de\/lokales\/dresden\/troedeln-bei-campuslinie-zum-wasaplatz-dresden-warnt-vor-millionenschaden-34M4QIE4ABHAXIKCROF2KWZO64.html\">Jetzt lesen<\/a><\/p>\n<p>Weiterlesen nach der Anzeige<\/p>\n<p>Weiterlesen nach der Anzeige<\/p>\n<p>Zitat des Tages<\/p>\n<blockquote><p>Wer einen Abschnitt der Campuslinie streichen will, gef\u00e4hrdet damit auch den Neubau der Nossener Br\u00fccke.<\/p><\/blockquote>\n<p class=\"Quotestyled__Author-sc-q277fq-1 jpwDCb\">Stefan Engel<\/p>\n<p class=\"Quotestyled__AuthorDescription-sc-q277fq-2 hpcTzH\">verkehrspolitischer Sprecher der SPD<\/p>\n<p>Aus unserem Netzwerk<img decoding=\"async\" alt=\"Der Eingang des ARD ZDF Deutschlandradio Beitragsservice auf dem WDR-Gel\u00e4nde in K\u00f6ln Bocklem\u00fcnd.\" loading=\"lazy\"  src=\"https:\/\/www.europesays.com\/de\/wp-content\/uploads\/2026\/02\/A6Q6OMUQYFBA3PNYE2JAKKBELU.jpg\" \/><\/p>\n<p>Weiterlesen nach der Anzeige<\/p>\n<p>Weiterlesen nach der Anzeige<\/p>\n<p>Expertenkommission empfiehlt Rundfunkbeitrag von 18,64 Euro ab 2027<\/p>\n<p class=\"Textstyled__Text-sc-1cqv9mi-0 cLyiiX\">Mehr Einnahmen und verschobene Investitionen f\u00fchren zu einer neuen Berechnungsgrundlage f\u00fcr den Rundfunkbeitrag. Was das f\u00fcr die Beitragszahler bedeutet. <a href=\"https:\/\/www.dnn.de\/medien\/rundfunkgebuehren-18-64-euro-ab-2027-so-die-empfehlung-einer-expertenkommission-IRR4ASYHHZA65EPFWPKIGWCT5M.html\" target=\"_blank\" rel=\"noreferrer nofollow noopener\" title=\"https:\/\/www.dnn.de\/medien\/rundfunkgebuehren-18-64-euro-ab-2027-so-die-empfehlung-einer-expertenkommission-IRR4ASYHHZA65EPFWPKIGWCT5M.html\" data-vars-event-category=\"intext_link\" data-vars-event-action=\"click\" data-vars-event-label=\"https:\/\/www.dnn.de\/medien\/rundfunkgebuehren-18-64-euro-ab-2027-so-die-empfehlung-einer-expertenkommission-IRR4ASYHHZA65EPFWPKIGWCT5M.html\">Jetzt lesen<\/a><\/p>\n<p>Termine am Wochenende<\/p>\n<p class=\"Textstyled__Text-sc-1cqv9mi-0 cLyiiX\"><b>Sonnabend und Sonntag: 2. Genussmesse Dresden &#8211;<\/b> Hier dreht sich alles rund um kulinarische Gen\u00fcsse und hochwertige Lebensmittel. <b>Ort: <\/b>Messe Dresden, Messering 6, 01067 Dresden <a href=\"https:\/\/dresdenkreativ.de\/genussmesse\/\" rel=\"nofollow noopener\" title=\"https:\/\/dresdenkreativ.de\/genussmesse\/\" data-vars-event-category=\"intext_link\" data-vars-event-action=\"click\" data-vars-event-label=\"https:\/\/dresdenkreativ.de\/genussmesse\/\" target=\"_blank\">dresdenkreativ.de\/genussmesse<\/a><\/p>\n<p>Weiterlesen nach der Anzeige<\/p>\n<p>Weiterlesen nach der Anzeige<\/p>\n<p class=\"Textstyled__Text-sc-1cqv9mi-0 cLyiiX\"><b>Sonntag, 11.30 Uhr: Para-Eshockey <\/b>&#8211; Sportb\u00fcrgermeister Jan Donhauser verabschiedet die Para-Eishockeyspieler des ESC Dresden Steven Betz, Bernhard Hering, Christian Pilz und Frank Rennhack am Ende des Spiels des ESC Dresden gegen die Weserstars Bremen zu den Paralympischen Winterspielen in Italien (6. bis 15. M\u00e4rz) <b>Ort:<\/b> JOYNEXT Arena, Magdeburger Stra\u00dfe 10, 01067 Dresden. <\/p>\n<p class=\"Textstyled__Text-sc-1cqv9mi-0 cLyiiX\"><b>Sonntag, 13.30 Uhr: Dynamo in Hannover <\/b>\u2013 Schwere Aufgabe: Dynamo Dresden reist als Tabellenschlusslicht zu den heimstarken Hannoveranern. <a href=\"https:\/\/www.dnn.de\/sport\/regional\/liveticker-hannover-96-gegen-dynamo-dresden-JIRFRRLWUBAMBPDAOE7YQEDTVY.html\" target=\"_self\" rel=\"nofollow noopener\" title=\"https:\/\/www.dnn.de\/sport\/regional\/liveticker-hannover-96-gegen-dynamo-dresden-JIRFRRLWUBAMBPDAOE7YQEDTVY.html\" data-vars-event-category=\"intext_link\" data-vars-event-action=\"click\" data-vars-event-label=\"https:\/\/www.dnn.de\/sport\/regional\/liveticker-hannover-96-gegen-dynamo-dresden-JIRFRRLWUBAMBPDAOE7YQEDTVY.html\">Verfolgen Sie hier das Spiel im Liveticker.<\/a><\/p>\n<p>Wer heute wichtig wird<img decoding=\"async\" alt=\" Friedrich Merz, Bundesvorsitzender der CDU und  Bundeskanzler, w\u00e4hrend einer Rede auf dem Parteitag.\" loading=\"lazy\"  src=\"https:\/\/www.europesays.com\/de\/wp-content\/uploads\/2026\/02\/FETLQ4RAN5HAJH2UGRWAWRGSQ4.jpg\" \/><\/p>\n<p>Weiterlesen nach der Anzeige<\/p>\n<p>Weiterlesen nach der Anzeige<\/p>\n<p class=\"Textstyled__Text-sc-1cqv9mi-0 cLyiiX\"><b>Die CDU <\/b>beendet ihren Bundesparteitag mit Beratungen \u00fcber inhaltliche Antr\u00e4ge. Nach den Vorstandswahlen geht es am zweiten Tag des Parteitags um die Inhalte. Unter anderem stehen Antr\u00e4ge zu Teilzeit, Einschr\u00e4nkung der Social-Media-Nutzung f\u00fcr Kinder und zur Rentenreform zur Beratung an. Als Gast wird CSU-Chef Markus S\u00f6der erwartet.<\/p>\n<p>Gewusst wie \u2013 die Tipps f\u00fcr den TagUnd dann war da noch &#8230;<img decoding=\"async\" alt=\"Als w\u00e4ren das Brad Pitt und Tom Cruise: Dieses Fake-Video wurde mit KI generiert.\" loading=\"lazy\"  src=\"https:\/\/www.europesays.com\/de\/wp-content\/uploads\/2026\/02\/XM6IFALXOJDPDPBU6AIQLFJJ7I.jpg\" \/><\/p>\n<p>Weiterlesen nach der Anzeige<\/p>\n<p>Weiterlesen nach der Anzeige<\/p>\n<p>&#8230; ein Fake-Video mit Tom Cruise und Brad Pitt, das die Filmwelt erzittern l\u00e4sst<\/p>\n<p class=\"Textstyled__Text-sc-1cqv9mi-0 cLyiiX\">Eine filmreife Sequenz, in der die beiden Welt\u00adstars sich einen Kampf zu liefern scheinen, zeigt die M\u00f6glich\u00adkeiten der KI. Die deutsche Schauspieler-Gewerkschaft sieht die Branche vor einer Revolution \u2013 wie beim \u00dcbergang in die Tonfilm-\u00c4ra.<a href=\"https:\/\/www.dnn.de\/kultur\/ki-und-kino-fake-video-mit-tom-cruise-und-brad-pitt-laesst-filmwelt-erzittern-DTV7ESOQSVEM7HFB6GOVWJFACM.html\" target=\"_blank\" rel=\"noreferrer nofollow noopener\" title=\"https:\/\/www.dnn.de\/kultur\/ki-und-kino-fake-video-mit-tom-cruise-und-brad-pitt-laesst-filmwelt-erzittern-DTV7ESOQSVEM7HFB6GOVWJFACM.html\" data-vars-event-category=\"intext_link\" data-vars-event-action=\"click\" data-vars-event-label=\"https:\/\/www.dnn.de\/kultur\/ki-und-kino-fake-video-mit-tom-cruise-und-brad-pitt-laesst-filmwelt-erzittern-DTV7ESOQSVEM7HFB6GOVWJFACM.html\"> Jetzt lesen (+)<\/a><\/p>\n<p class=\"Textstyled__Text-sc-1cqv9mi-0 cLyiiX\">Wir w\u00fcnschen Ihnen ein angenehmes Wochenende<\/p>\n<p>Weiterlesen nach der Anzeige<\/p>\n<p>Weiterlesen nach der Anzeige<\/p>\n<p class=\"Textstyled__Text-sc-1cqv9mi-0 cLyiiX\">Ihr <b>Thomas Baumann-Hartwig<\/b><\/p>\n<p class=\"Textstyled__Text-sc-1cqv9mi-0 cLyiiX\">DNN-Chefreporter<\/p>\n<p>H\u00f6ren Sie auch unsere Podcasts<\/p>\n<p class=\"Textstyled__Text-sc-1cqv9mi-0 cLyiiX\"><b>Weitere Podcasts <\/b>finden Sie bei <a href=\"https:\/\/dnn.de\/podcast?utm_source=newsletter&amp;utm_medium=email&amp;utm_campaign=dnn-update&amp;utm_content=20250707_LE3XPXPBO5CBRG2BCS7TDMFWPQ_dnn\" rel=\"nofollow noopener\" data-vars-event-category=\"intext_link\" data-vars-event-action=\"click\" data-vars-event-label=\"https:\/\/dnn.de\/podcast?utm_source=newsletter&amp;utm_medium=email&amp;utm_campaign=dnn-update&amp;utm_content=20250707_LE3XPXPBO5CBRG2BCS7TDMFWPQ_dnn\" target=\"_blank\">dnn.de\/podcast<\/a><\/p>\n<p>Weiterlesen nach der Anzeige<\/p>\n<p>Weiterlesen nach der Anzeige<\/p>\n<p>Jetzt unsere Spiele-Seite besuchen<\/p>\n<p class=\"Textstyled__Text-sc-1cqv9mi-0 cLyiiX\">Spielen Sie <a href=\"https:\/\/www.dnn.de\/spiele\/\" target=\"_blank\" rel=\"noopener nofollow\" data-vars-event-category=\"intext_link\" data-vars-event-action=\"click\" data-vars-event-label=\"https:\/\/www.dnn.de\/spiele\/\">spannende Kreuzwortr\u00e4tsel, kniffelige Sudoku oder endlose Mahjong-Runden sowie weitere Spiele gratis <\/a>bei uns. Jede neue Spiel-Session f\u00f6rdert Ihr logisches Denkverm\u00f6gen und sorgt dabei f\u00fcr Abwechslung.<\/p>\n<p><img decoding=\"async\" alt=\"\" loading=\"lazy\"  src=\"https:\/\/www.europesays.com\/de\/wp-content\/uploads\/2026\/02\/1771717291_352_AZ6DEK55R5EVHCNQSZ3ME4CDEI.jpg\" \/>E-Paper: die Zeitung von morgen schon am Abend lesen<\/p>\n<p class=\"CallToActionBasestyled__Text-sc-1k69918-5 iACELr\">Die DNN-Ausgabe des n\u00e4chsten Tages gegen 21 Uhr (Aktualisierung am Morgen) und mehrere Ausgaben handlich immer dabei.<\/p>\n<p class=\"Textstyled__Text-sc-1cqv9mi-0 cLyiiX\"><a href=\"https:\/\/apps.apple.com\/de\/app\/dnn-e-paper-news-aus-dresden\/id451717749?utm_campaign=Das%20t%C3%A4gliche%20DNN-Update&amp;utm_content=20220521&amp;utm_medium=email&amp;utm_source=Revue%20newsletter\" target=\"_self\" rel=\"noopener noreferrer nofollow\" title=\"https:\/\/apps.apple.com\/de\/app\/dnn-e-paper-news-aus-dresden\/id451717749?utm_campaign=Das%20t%C3%A4gliche%20DNN-Update&amp;utm_content=20220521&amp;utm_medium=email&amp;utm_source=Revue%20newsletter\" data-vars-event-category=\"intext_link\" data-vars-event-action=\"click\" data-vars-event-label=\"https:\/\/apps.apple.com\/de\/app\/dnn-e-paper-news-aus-dresden\/id451717749?utm_campaign=Das%20t%C3%A4gliche%20DNN-Update&amp;utm_content=20220521&amp;utm_medium=email&amp;utm_source=Revue%20newsletter\"><b>iOS: Das E-Paper der DNN im App Store<\/b><\/a><\/p>\n<p>Weiterlesen nach der Anzeige<\/p>\n<p>Weiterlesen nach der Anzeige<\/p>\n<p class=\"Textstyled__Text-sc-1cqv9mi-0 cLyiiX\"><a href=\"https:\/\/play.google.com\/store\/apps\/details?id=com.newscope.epaper.dnn&amp;utm_campaign=Das%20t%C3%A4gliche%20DNN-Update&amp;utm_content=20220521&amp;utm_medium=email&amp;utm_source=Revue%20newsletter\" target=\"_self\" rel=\"noopener noreferrer nofollow\" title=\"https:\/\/play.google.com\/store\/apps\/details?id=com.newscope.epaper.dnn&amp;utm_campaign=Das%20t%C3%A4gliche%20DNN-Update&amp;utm_content=20220521&amp;utm_medium=email&amp;utm_source=Revue%20newsletter\" data-vars-event-category=\"intext_link\" data-vars-event-action=\"click\" data-vars-event-label=\"https:\/\/play.google.com\/store\/apps\/details?id=com.newscope.epaper.dnn&amp;utm_campaign=Das%20t%C3%A4gliche%20DNN-Update&amp;utm_content=20220521&amp;utm_medium=email&amp;utm_source=Revue%20newsletter\"><b>Android: Das E-Paper der DNN bei Google Play<\/b><\/a><\/p>\n<p>Hier geht\u2019s zur DNN-App<\/p>\n<p class=\"Textstyled__Text-sc-1cqv9mi-0 cLyiiX\">Exklusive News, Hintergr\u00fcnde und Meinungen immer schnell und rund um die Uhr!<\/p>\n<p class=\"Textstyled__Text-sc-1cqv9mi-0 cLyiiX\"><a href=\"https:\/\/apps.apple.com\/de\/app\/dnn-nachrichten-und-podcast\/id1577326989?utm_campaign=Das%20t%C3%A4gliche%20DNN-Update&amp;utm_content=20220521&amp;utm_medium=email&amp;utm_source=Revue%20newsletter\" data-vars-event-category=\"intext_link\" data-vars-event-action=\"click\" data-vars-event-label=\"https:\/\/apps.apple.com\/de\/app\/dnn-nachrichten-und-podcast\/id1577326989?utm_campaign=Das%20t%C3%A4gliche%20DNN-Update&amp;utm_content=20220521&amp;utm_medium=email&amp;utm_source=Revue%20newsletter\" rel=\"nofollow noopener\" target=\"_blank\"><b>iOS: Die DNN-App im App Store<\/b><\/a><\/p>\n<p class=\"Textstyled__Text-sc-1cqv9mi-0 cLyiiX\"><a href=\"https:\/\/play.google.com\/store\/apps\/details?id=de.rnd.dnn&amp;utm_campaign=Das%20t%C3%A4gliche%20DNN-Update&amp;utm_content=20220521&amp;utm_medium=email&amp;utm_source=Revue%20newsletter\" data-vars-event-category=\"intext_link\" data-vars-event-action=\"click\" data-vars-event-label=\"https:\/\/play.google.com\/store\/apps\/details?id=de.rnd.dnn&amp;utm_campaign=Das%20t%C3%A4gliche%20DNN-Update&amp;utm_content=20220521&amp;utm_medium=email&amp;utm_source=Revue%20newsletter\" rel=\"nofollow noopener\" target=\"_blank\"><b>Android: Die DNN-App bei Google Play<\/b><\/a><\/p>\n<p>Weiterlesen nach der Anzeige<\/p>\n<p>Weiterlesen nach der Anzeige<\/p>\n<p>Mehr DNN-Newsletter finden Sie hier<\/p>\n<ul class=\"Liststyled__UnorderedList-sc-1ck6pl2-1 iyAmNN\" data-testid=\"list\">\n<li class=\"ListItemstyled__ListItem-sc-u7ur86-0 cvVRXc\"><a href=\" https:\/\/www.dnn.de\/newsletter\/dresden-update\/\" target=\"_self\" rel=\"\" title=\" https:\/\/www.dnn.de\/newsletter\/dresden-update\/\"><b>Dresden Update<\/b><\/a>: T\u00e4glich Nachrichten aus der Landeshauptstadt, der Region und der Welt<\/li>\n<li class=\"ListItemstyled__ListItem-sc-u7ur86-0 cvVRXc\"><a href=\"https:\/\/www.dnn.de\/newsletter\/dnn-schlemmerei\/\" target=\"_self\" rel=\"nofollow noopener\" title=\"https:\/\/www.dnn.de\/newsletter\/dnn-schlemmerei\/\"><b>DNN Schlemmerei<\/b><\/a><b> <\/b>&#8211; Welche Restaurants sind Dresdens Geheimtipps f\u00fcr Feinschmecker? Welche Kochrezepte sind typisch s\u00e4chsisch und wie gelingen sie gut?<\/li>\n<li class=\"ListItemstyled__ListItem-sc-u7ur86-0 cvVRXc\"><a href=\"https:\/\/www.dnn.de\/newsletter\/rnd-wohnen\/\" target=\"_self\" rel=\"nofollow noopener\" title=\"https:\/\/www.dnn.de\/newsletter\/rnd-wohnen\/\"><b>Bauen und Wohnen<\/b><\/a>: Einmal monatlich Informationen rund ums Bauen, Kaufen und Mieten f\u00fcr das eigene Zuhause in Zusammenarbeit mit dem RedaktionsNetzwerk Deutschland (RND).<\/li>\n<\/ul>\n<p class=\"Editorialstyled__Editorial-sc-1bfvh9l-0 cSmjnJ\">DNN<\/p>\n","protected":false},"excerpt":{"rendered":"Guten Morgen, liebe Leserinnen und Leser, Fahrradb\u00fcgel sind eine gute Sache. Das Fahrrad kann fixiert werden und ist&hellip;\n","protected":false},"author":2,"featured_media":253888,"comment_status":"","ping_status":"","sticky":false,"template":"","format":"standard","meta":{"footnotes":"","_share_on_mastodon":"0"},"categories":[1835],"tags":[3364,29,2386,30,859],"class_list":["post-815780","post","type-post","status-publish","format-standard","has-post-thumbnail","category-dresden","tag-de","tag-deutschland","tag-dresden","tag-germany","tag-sachsen"],"share_on_mastodon":{"url":"https:\/\/pubeurope.com\/@de\/116111270891881961","error":""},"_links":{"self":[{"href":"https:\/\/www.europesays.com\/de\/wp-json\/wp\/v2\/posts\/815780","targetHints":{"allow":["GET"]}}],"collection":[{"href":"https:\/\/www.europesays.com\/de\/wp-json\/wp\/v2\/posts"}],"about":[{"href":"https:\/\/www.europesays.com\/de\/wp-json\/wp\/v2\/types\/post"}],"author":[{"embeddable":true,"href":"https:\/\/www.europesays.com\/de\/wp-json\/wp\/v2\/users\/2"}],"replies":[{"embeddable":true,"href":"https:\/\/www.europesays.com\/de\/wp-json\/wp\/v2\/comments?post=815780"}],"version-history":[{"count":0,"href":"https:\/\/www.europesays.com\/de\/wp-json\/wp\/v2\/posts\/815780\/revisions"}],"wp:featuredmedia":[{"embeddable":true,"href":"https:\/\/www.europesays.com\/de\/wp-json\/wp\/v2\/media\/253888"}],"wp:attachment":[{"href":"https:\/\/www.europesays.com\/de\/wp-json\/wp\/v2\/media?parent=815780"}],"wp:term":[{"taxonomy":"category","embeddable":true,"href":"https:\/\/www.europesays.com\/de\/wp-json\/wp\/v2\/categories?post=815780"},{"taxonomy":"post_tag","embeddable":true,"href":"https:\/\/www.europesays.com\/de\/wp-json\/wp\/v2\/tags?post=815780"}],"curies":[{"name":"wp","href":"https:\/\/api.w.org\/{rel}","templated":true}]}}