{"id":815906,"date":"2026-02-22T00:54:15","date_gmt":"2026-02-22T00:54:15","guid":{"rendered":"https:\/\/www.europesays.com\/de\/815906\/"},"modified":"2026-02-22T00:54:15","modified_gmt":"2026-02-22T00:54:15","slug":"spektakel-mit-acht-toren-schalke-verteidigt-gegen-magdeburg-die-tabellenfuehrung","status":"publish","type":"post","link":"https:\/\/www.europesays.com\/de\/815906\/","title":{"rendered":"Spektakel mit acht Toren: Schalke verteidigt gegen Magdeburg die Tabellenf\u00fchrung"},"content":{"rendered":"<p>            <img loading=\"lazy\" decoding=\"async\" class=\"ts-image\" src=\"https:\/\/www.europesays.com\/de\/wp-content\/uploads\/2026\/02\/schalke-magdeburg-112.jpg\" alt=\"Kenan Karaman (l.) jubelt mit Adil Aouchiche (m.) und Dejan Ljubicic (r.)\" title=\"Kenan Karaman (l.) jubelt mit Adil Aouchiche (m.) und Dejan Ljubicic (r.) | J\u00fcrgen Fromme \/firo Sportphoto\"\/><\/p>\n<p class=\"metatextline\">Stand: 21.02.2026 \u2022 23:29 Uhr<\/p>\n<p class=\"article-head__shorttext\">\n        <strong>Durch einen spektakul\u00e4ren Sieg gegen den 1. FC Magdeburg hat der FC Schalke 04 die Tabellenf\u00fchrung der 2. Bundesliga verteidigt. Edin Dzeko und Kenan Karaman ragten heraus.   <\/strong>\n    <\/p>\n<p class=\"textabsatz m-ten m-offset-one l-eight l-offset-two columns twelve\">Beim 5:3-Erfolg vor knapp 62.000 Zuschauern in der Gelsenkirchener Arena trafen neben Dzeko (39.) und Karaman (49., Handelfmeter und 68.) auch Jean Hugonet (15., Eigentor) und Dejan Ljubicic (65.) f\u00fcr die Schalker, Alexander Nollenberger (17.) und Mateusz Zukowski (53. und 84.\/Foulelfmeter) machten die Tore f\u00fcr die Magdeburger. &#8222;Das muss uns einen Push geben f\u00fcr die folgenden Spiele&#8220;, meinte S04-Kapit\u00e4n <a href=\"https:\/\/www.sportschau.de\/fussball\/bundesliga2\/schalkes-karaman-belohnen-uns-mit-fuenf-toren,netcast-s04-x-104.html\" title=\"Doppelpack gegen Magdeburg: Schalkes Karaman - &quot;Belohnen uns mit f\u00fcnf Toren&quot;\" rel=\"nofollow noopener\" target=\"_blank\">Kenan Karaman nach der ausgelassenen Feier vor der Fankurve im Sportschau-Gespr\u00e4ch.<\/a><\/p>\n<ul class=\"buttongroup buttongroup--copytext\">\n<li class=\"buttongroup__item\">\n<p>    <a class=\"btn btn--text btn--standard-secondary btn--fullwidth\" href=\"https:\/\/www.sportschau.de\/live-und-ergebnisse\/fussball\/deutschland-2-bundesliga\/ma11200280\/fc-schalke-04_1-fc-magdeburg\/liveticker\" rel=\"nofollow noopener\" target=\"_blank\"><br \/>\n        Live-Ticker zum Nachlesen<\/p>\n<p>  Pfeil rechts<\/p>\n<p>    <\/a>\n<\/li>\n<li class=\"buttongroup__item\">\n<p>    <a class=\"btn btn--text btn--standard-secondary btn--fullwidth\" href=\"https:\/\/www.sportschau.de\/live-und-ergebnisse\/fussball\/deutschland-2-bundesliga\/se94781\/2025-2026\/ro262550\/spieltag\/md23\/spiele-und-ergebnisse\" rel=\"nofollow noopener\" target=\"_blank\"><br \/>\n        23. Spieltag<\/p>\n<p>  Pfeil rechts<\/p>\n<p>    <\/a>\n<\/li>\n<\/ul>\n<p class=\"textabsatz m-ten m-offset-one l-eight l-offset-two columns twelve\">Durch den Sieg verteidigte Schalke die Tabellenspitze, das Team von Trainer Miron Muslic hat jetzt 46 Punkte auf dem Konto. Entsprechend gel\u00f6st war die Stimmung auch beim Trainer. &#8222;Das war ein spektakul\u00e4rer Abend f\u00fcr uns, ein Spektakel. Ich glaube, jeder Fan war heute zufrieden&#8220;, meinte Muslic am Sportschau-Mikrofon. Eine kleine Einschr\u00e4nkung hatte er allerdings: &#8222;Dass wir zu Hause drei Gegentore bekommen, damit sind wir nicht zufrieden.&#8220;<\/p>\n<p>    FCM h\u00e4ngt im Tabellenkeller fest<\/p>\n<p class=\"textabsatz m-ten m-offset-one l-eight l-offset-two columns twelve\">Magdeburg bleibt mit 23 Z\u00e4hlern auf Rang 16, dem Relegationsplatz. F\u00fcr das Team von Trainer Petrik Sander endete eine Serie von zuvor vier Ausw\u00e4rtssiegen in Serie.<\/p>\n<p class=\"textabsatz m-ten m-offset-one l-eight l-offset-two columns twelve\">&#8222;Ich bin traurig dar\u00fcber, dass wir trotz der drei Tore nicht in der Lage waren, hier etwas mitzunehmen&#8220;, so Sander gegen\u00fcber der Sportschau.<\/p>\n<p>    Magdeburg gleicht Schalker F\u00fchrung schnell aus<\/p>\n<p class=\"textabsatz m-ten m-offset-one l-eight l-offset-two columns twelve\">Nach ausgeglichenem Beginn nahmen beide Teams nach einer Viertelstunde Fahrt auf. Nach einem langen Schlag in die Magdeburger H\u00e4lfte landete der Ball \u00fcber Karaman und Dzeko bei Adil Aouchiche, und der zog ihn von der linken Seite einfach mal aufs Tor. Hugonet f\u00e4lschte den Ball ungl\u00fccklich ab, so dass Dominik Reimann im FCM-Kasten keine Chance hatte.<\/p>\n<p class=\"textabsatz m-ten m-offset-one l-eight l-offset-two columns twelve\">Magdeburg schlug im Gegenzug zur\u00fcck. Nollenberger ging auf der linken Seite auf und davon und spielte den Ball in die Mitte auf Zukowski. Der legte ihn wieder ab auf Nollenbeger und der schlenzte das Leder nach einem Schlenker im Strafraum ins lange Eck des Schalker Tores. In dem stand Kevin M\u00fcller, der Neuzugang vom 1. FC Heidenheim. Stammkeeper Loris Karius musste mit R\u00fcckenbeschwerden kurzfristig passen. Das Spiel blieb intensiv, beide Teams suchten den Weg nach vorne. Im letzten Drittel fehlte es dann aber oftmals an Pr\u00e4zession und Durchsetzungsverm\u00f6gen.<\/p>\n<p>    Schalkes Dzeko zeigt seine Klasse<\/p>\n<p class=\"textabsatz m-ten m-offset-one l-eight l-offset-two columns twelve\">Und dann zeigte Dzeko seine ganze Klasse. Zun\u00e4chst zog er bei einem Konter vom Strafraumeck ab und verfehlte den Magdeburger Kasten nur knapp, nachdem er seinen Gegenspieler Tobias M\u00fcller verladen hatte. Kurz danach traf er per Kopf zum 2:1. Aouchiche hatte den Ball sch\u00f6n in den Strafraum geflankt, Dzeko musste im Duell mit Nollenberger nicht mal hochspringen.<\/p>\n<p>    Michel trifft nur die Latte<\/p>\n<p class=\"textabsatz m-ten m-offset-one l-eight l-offset-two columns twelve\">Magdeburg blieb dran. Nach einem Steckpass zwischen die Schalker Linien zog Zukowski aus 16 Metern ab und verfehlte den Kasten nur knapp. Und kurz vor der Pause klatschte der Ball dann an die Latte des Schalker Tores. Nach einem Freisto\u00df von Baris Atik war Falko Michel mit dem Kopf zur Stelle. Mit der knappen Schalker 2:1-F\u00fchrung ging es in die Pause.<\/p>\n<p>    Karaman trifft vom Punkt, Zukowski aus der Drehung<\/p>\n<p class=\"textabsatz m-ten m-offset-one l-eight l-offset-two columns twelve\">Was immer sich Magdeburg in der Halbzeit vorgenommen hatte, es war kurz nach dem Wiederanpfiff dahin. Bei einer Ecke war Philipp Hercher mit der Hand am Ball und Schiedsrichter Timo Gerach zeigte auf den Punkt. Karaman verwandelte den Strafsto\u00df sicher.<\/p>\n<p class=\"textabsatz m-ten m-offset-one l-eight l-offset-two columns twelve\">Die G\u00e4ste aus Sachsen-Anhalt sch\u00fcttelten sich nur kurz. \u00dcber Laurin Ulrich und Hercher kam der Ball an der Strafraumlinie zu Zukowski, und der zog aus der Drehung volley ab &#8211; tolles Tor zum 2:3-Anschluss und alles wieder offen. Und Schalke wackelte. In ihrer besten Phase des Spiels dr\u00e4ngten die Ostdeutschen auf den Ausgleich.<\/p>\n<p>    Schalke mit Doppelschlag<\/p>\n<p class=\"textabsatz m-ten m-offset-one l-eight l-offset-two columns twelve\">Mitten hinein in diese Drangphase schlug Schalke zu. Nach einer tollen Kombination durchs Mittelfeld kam der Ball von Karaman zu Dzeko, der ihn perfekt in die Mitte zu Ljubicic brachte und der machte seinen ersten Treffer im Schalker Trikot. Und Schalke legte nach. Nach einem Patzer im Strafraum von Lubambo Musonda war Karaman zur Stelle und traf zum 5:2.<\/p>\n<p class=\"textabsatz m-ten m-offset-one l-eight l-offset-two columns twelve\">In der Folge spielte nur noch Schalke. Dzeko, Aouchiche und der eingewechselte Moussa Sylla hatten weitere Chancen f\u00fcr &#8222;K\u00f6nigsblau&#8220;. Dennoch machten die Magdeburger den n\u00e4chsten Treffer. Nach einem Katastrophen-Fehlpass von Torwart M\u00fcller bekam Zukowski den Ball und wurde im Strafraum von Mertcan Ayhan umgerannt. Zukowski verwandelte den f\u00e4lligen Strafsto\u00df selbst. Dabei blieb es dann aber auch.<\/p>\n<p>    Schalke in F\u00fcrth, Magdeburg gegen Karlsruhe<\/p>\n<p class=\"textabsatz m-ten m-offset-one l-eight l-offset-two columns twelve\">Schalke ist am n\u00e4chsten Spieltag am Samstagabend bei der SpVgg Greuther F\u00fcrth zu Gast (20.30 Uhr). Magdeburg empf\u00e4ngt am Sonntagmittag den Karlsruher SC (13.30 Uhr).<\/p>\n<ul class=\"buttongroup buttongroup--copytext\">\n<li class=\"buttongroup__item\">\n<p>    <a class=\"btn btn--text btn--standard-secondary btn--fullwidth\" href=\"https:\/\/calovo.de\/f\/sportschau\/fc-schalke-04\" rel=\"nofollow noopener\" target=\"_blank\"><br \/>\n        Schalke 04 f\u00fcr Ihren Kalender<\/p>\n<p>  Pfeil rechts<\/p>\n<p>    <\/a>\n<\/li>\n<li class=\"buttongroup__item\">\n<p>    <a class=\"btn btn--text btn--standard-secondary btn--fullwidth\" href=\"https:\/\/calovo.de\/f\/sportschau\/1-fc-magdeburg\" rel=\"nofollow noopener\" target=\"_blank\"><br \/>\n        1. FC Magdeburg f\u00fcr Ihren Kalender<\/p>\n<p>  Pfeil rechts<\/p>\n<p>    <\/a>\n<\/li>\n<\/ul>\n","protected":false},"excerpt":{"rendered":"Stand: 21.02.2026 \u2022 23:29 Uhr Durch einen spektakul\u00e4ren Sieg gegen den 1. FC Magdeburg hat der FC Schalke&hellip;\n","protected":false},"author":2,"featured_media":815907,"comment_status":"","ping_status":"","sticky":false,"template":"","format":"standard","meta":{"footnotes":"","_share_on_mastodon":"0"},"categories":[5],"tags":[7973,621,331,332,3364,29,3158,347,30,13,14,15,12],"class_list":["post-815906","post","type-post","status-publish","format-standard","has-post-thumbnail","category-nachrichten","tag-1-fc-magdeburg","tag-2-bundesliga","tag-aktuelle-nachrichten","tag-aktuelle-news","tag-de","tag-deutschland","tag-fc-schalke-04","tag-fussball","tag-germany","tag-headlines","tag-nachrichten","tag-news","tag-schlagzeilen"],"share_on_mastodon":{"url":"https:\/\/pubeurope.com\/@de\/116111557480978645","error":""},"_links":{"self":[{"href":"https:\/\/www.europesays.com\/de\/wp-json\/wp\/v2\/posts\/815906","targetHints":{"allow":["GET"]}}],"collection":[{"href":"https:\/\/www.europesays.com\/de\/wp-json\/wp\/v2\/posts"}],"about":[{"href":"https:\/\/www.europesays.com\/de\/wp-json\/wp\/v2\/types\/post"}],"author":[{"embeddable":true,"href":"https:\/\/www.europesays.com\/de\/wp-json\/wp\/v2\/users\/2"}],"replies":[{"embeddable":true,"href":"https:\/\/www.europesays.com\/de\/wp-json\/wp\/v2\/comments?post=815906"}],"version-history":[{"count":0,"href":"https:\/\/www.europesays.com\/de\/wp-json\/wp\/v2\/posts\/815906\/revisions"}],"wp:featuredmedia":[{"embeddable":true,"href":"https:\/\/www.europesays.com\/de\/wp-json\/wp\/v2\/media\/815907"}],"wp:attachment":[{"href":"https:\/\/www.europesays.com\/de\/wp-json\/wp\/v2\/media?parent=815906"}],"wp:term":[{"taxonomy":"category","embeddable":true,"href":"https:\/\/www.europesays.com\/de\/wp-json\/wp\/v2\/categories?post=815906"},{"taxonomy":"post_tag","embeddable":true,"href":"https:\/\/www.europesays.com\/de\/wp-json\/wp\/v2\/tags?post=815906"}],"curies":[{"name":"wp","href":"https:\/\/api.w.org\/{rel}","templated":true}]}}