{"id":816106,"date":"2026-02-22T02:53:35","date_gmt":"2026-02-22T02:53:35","guid":{"rendered":"https:\/\/www.europesays.com\/de\/816106\/"},"modified":"2026-02-22T02:53:35","modified_gmt":"2026-02-22T02:53:35","slug":"christoph-ploss-wirft-peter-tschentscher-unwahrheiten-vor","status":"publish","type":"post","link":"https:\/\/www.europesays.com\/de\/816106\/","title":{"rendered":"Christoph Plo\u00df wirft Peter Tschentscher &#8218;Unwahrheiten&#8216; vor"},"content":{"rendered":"<p>Streit um Hafenfinanzierung <\/p>\n<p>Plo\u00df wirft Tschentscher &#8222;Unwahrheiten&#8220; vor<\/p>\n<p>21.02.2026 &#8211; 13:43 UhrLesedauer: 2 Min.<\/p>\n<p><a href=\"#focus-0\" class=\"transition-colors duration-200 block text-current relative\" data-sctrack=\"FocusGalleryImage.Reference\"><img fetchpriority=\"high\" data-testid=\"Opener.Image\" style=\"--lqipURL:url('https:\/\/images.t-online.de\/2026\/02\/oNCdqgYyxglP\/883x146:2578x1450\/fit-in\/150x0\/filters:blur(25)\/christoph-ploss-im-bundestag-archivbild-der-hamburger-cdu-politiker-ist-der-maritime-koordinator-der-bundesregierung.jpg')\"   loading=\"eager\" src=\"https:\/\/www.europesays.com\/de\/wp-content\/uploads\/2026\/02\/christoph-ploss-im-bundestag-archivbild-der-hamburger-cdu-politiker-ist-der-maritime-koordinator-der.jpeg\" alt=\"Christoph Plo\u00df im Bundestag (Archivbild): Der Hamburger CDU-Politiker ist der Maritime Koordinator der Bundesregierung.\" title=\"Christoph Plo\u00df im Bundestag (Archivbild): Der Hamburger CDU-Politiker ist der Maritime Koordinator der Bundesregierung.\" width=\"2578\" height=\"1450\" class=\"bg-[url:var(--lqipURL)] bg-cover bg-center flex h-full w-full max-w-full\" decoding=\"async\"\/><img style=\"--width:32;--height:32\" loading=\"lazy\" src=\"https:\/\/hamburg.t-online.de\/s\/paper\/_next\/static\/media\/zoom-in.f7dae02f.svg\" alt=\"Vergr\u00f6\u00dfern des Bildes\" title=\"Vergr\u00f6\u00dfern des Bildes\" class=\"block h-[calc(var(--height)_\/_16_*_1rem)] w-[calc(var(--width)_\/_16_*_1rem)] max-w-none absolute bottom-8 right-8 rounded-4 bg-snow p-8\" decoding=\"async\"\/><\/a><\/p>\n<p>Christoph Plo\u00df im Bundestag (Archivbild): Der Hamburger CDU-Politiker ist der Maritime Koordinator der Bundesregierung. (Quelle: IMAGO\/dts Nachrichtenagentur)<\/p>\n<p class=\"font-bold text-18 leading-17 user-text-lg:text-22 user-text-xl:text-24\">Der Bund und Hamburg streiten \u00fcber die Finanzierung der deutschen Seeh\u00e4fen und die Verwendung von Bundesmitteln. Christoph Plo\u00df teilt gegen Peter Tschentscher aus.<\/p>\n<p class=\"text-18 leading-17 user-text-lg:text-22 user-text-xl:text-24\">Der Maritime Koordinator der Bundesregierung, Christoph Plo\u00df, hat Hamburgs Erstem B\u00fcrgermeister Peter Tschentscher die Verbreitung von &#8222;Unsch\u00e4rfen&#8220; und &#8222;Unwahrheiten&#8220; vorgeworfen.<\/p>\n<p class=\"text-18 leading-17 user-text-lg:text-22 user-text-xl:text-24\">In einem Brief, \u00fcber den die &#8222;Welt am Sonntag&#8220; in ihrer Hamburger Regionalausgabe berichtet, fordert der CDU-Politiker den SPD-B\u00fcrgermeister auf, Bundesmittel f\u00fcr den Hafen statt f\u00fcr &#8222;Prestigeobjekte wie den Elbtower&#8220; einzusetzen.<\/p>\n<p class=\"text-18 leading-17 user-text-lg:text-22 user-text-xl:text-24\">Hintergrund sind Vorw\u00fcrfe Tschentschers, der Plo\u00df in einem Interview mit der Deutschen Presse-Agentur mangelnden Einsatz f\u00fcr Hamburger Interessen attestiert hatte. Der B\u00fcrgermeister kritisierte, dass der Maritime Koordinator die Forderung nach st\u00e4rkerer finanzieller Beteiligung des Bundes an der Finanzierung der Seeh\u00e4fen nicht unterst\u00fctze.<\/p>\n<p class=\"text-18 leading-17 user-text-lg:text-22 user-text-xl:text-24\">In seinem Schreiben zeigt sich Plo\u00df \u00fcberrascht von den Anschuldigungen. Das Grundgesetz weise die Zust\u00e4ndigkeit f\u00fcr Verwaltung und Finanzierung des Hamburger Hafens ausschlie\u00dflich der Hansestadt zu, schreibt Plo\u00df.<\/p>\n<p class=\"text-18 leading-17 user-text-lg:text-22 user-text-xl:text-24\">Die Gesetzgebungskompetenz des Bundes erstrecke sich nicht auf See- und Binnenh\u00e4fen und deren allgemeine Infrastruktur. Der Bund habe Hamburg aus dem Investitionsfonds zur F\u00f6rderung der Infrastruktur bereits im vergangenen Jahr 2,66 Milliarden Euro zur Verf\u00fcgung gestellt, betonte Plo\u00df. Diese Mittel seien insbesondere f\u00fcr die Verkehrs- und Energieinfrastruktur in Hamburg vorgesehen, die Entscheidung \u00fcber die Verwendung obliege jedoch der Stadt.<\/p>\n<p class=\"text-18 leading-17 user-text-lg:text-22 user-text-xl:text-24\">Tschentscher hatte zuvor kritisiert, dass die K\u00fcstenl\u00e4nder benachteiligt w\u00fcrden, wenn sie Mittel aus dem Investitionsfonds f\u00fcr die H\u00e4fen aufwenden m\u00fcssten. F\u00fcr Hamburg w\u00fcrde dies bedeuten, dass die Stadt die Gelder nicht f\u00fcr Schulen, Kultur, Polizei oder Infrastruktur einsetzen k\u00f6nnte.<\/p>\n<p class=\"text-18 leading-17 user-text-lg:text-22 user-text-xl:text-24\">Trotz der Differenzen r\u00e4umt Plo\u00df ein, dass der sogenannte Hafenlastenausgleich erh\u00f6ht werden sollte. Die 38,3 Millionen Euro, die die norddeutschen H\u00e4fen daraus erhalten, seien zu wenig. Nach eigenem Bekunden sieht sich Plo\u00df innerhalb der Bundesregierung als &#8222;Anwalt der gesamten maritimen Branche&#8220;.<\/p>\n<p class=\"text-18 leading-17 user-text-lg:text-22 user-text-xl:text-24\">Ein Senatssprecher best\u00e4tigte den Erhalt des Briefes. Plo\u00df best\u00e4tige darin noch einmal, dass er die Position Hamburgs und der anderen norddeutschen L\u00e4nder nicht unterst\u00fctze, erkl\u00e4rte der Sprecher. Hamburg finanziere den Betrieb, die Sanierung und die Modernisierung des Hafens bereits j\u00e4hrlich mit rund 300 Millionen Euro aus st\u00e4dtischen Mitteln.<\/p>\n<p class=\"text-18 leading-17 user-text-lg:text-22 user-text-xl:text-24\">Der Koalitionsvertrag des Bundes sehe eine gemeinsame Finanzierung des Nationalen Hafenplans durch Bund und L\u00e4nder vor, erkl\u00e4rte der Sprecher weiter. Daf\u00fcr existierten auch Finanzierungswege, die mit der verfassungsrechtlichen Aufgabenzuordnung von Bund und L\u00e4ndern vereinbar seien. Tschentscher sehe sich daher in seiner Kritik an der Arbeit des Maritimen Koordinators best\u00e4tigt.<\/p>\n","protected":false},"excerpt":{"rendered":"Streit um Hafenfinanzierung Plo\u00df wirft Tschentscher &#8222;Unwahrheiten&#8220; vor 21.02.2026 &#8211; 13:43 UhrLesedauer: 2 Min. Christoph Plo\u00df im Bundestag&hellip;\n","protected":false},"author":2,"featured_media":816107,"comment_status":"","ping_status":"","sticky":false,"template":"","format":"standard","meta":{"footnotes":"","_share_on_mastodon":"0"},"categories":[1826],"tags":[722,17161,24425,1173,1180,31,2520,29,30,183213,692,10501,51947,184,183212,8016],"class_list":["post-816106","post","type-post","status-publish","format-standard","has-post-thumbnail","category-hamburg","tag-722","tag-17161","tag-bundesmittel","tag-bundesregierung","tag-bundestag","tag-cdu","tag-deutsche-presse-agentur","tag-deutschland","tag-germany","tag-hafenfinanzierung","tag-hamburg","tag-peter-tschentscher","tag-seehaefen","tag-spd","tag-unwahrheit","tag-wams"],"share_on_mastodon":{"url":"https:\/\/pubeurope.com\/@de\/116112025743937155","error":""},"_links":{"self":[{"href":"https:\/\/www.europesays.com\/de\/wp-json\/wp\/v2\/posts\/816106","targetHints":{"allow":["GET"]}}],"collection":[{"href":"https:\/\/www.europesays.com\/de\/wp-json\/wp\/v2\/posts"}],"about":[{"href":"https:\/\/www.europesays.com\/de\/wp-json\/wp\/v2\/types\/post"}],"author":[{"embeddable":true,"href":"https:\/\/www.europesays.com\/de\/wp-json\/wp\/v2\/users\/2"}],"replies":[{"embeddable":true,"href":"https:\/\/www.europesays.com\/de\/wp-json\/wp\/v2\/comments?post=816106"}],"version-history":[{"count":0,"href":"https:\/\/www.europesays.com\/de\/wp-json\/wp\/v2\/posts\/816106\/revisions"}],"wp:featuredmedia":[{"embeddable":true,"href":"https:\/\/www.europesays.com\/de\/wp-json\/wp\/v2\/media\/816107"}],"wp:attachment":[{"href":"https:\/\/www.europesays.com\/de\/wp-json\/wp\/v2\/media?parent=816106"}],"wp:term":[{"taxonomy":"category","embeddable":true,"href":"https:\/\/www.europesays.com\/de\/wp-json\/wp\/v2\/categories?post=816106"},{"taxonomy":"post_tag","embeddable":true,"href":"https:\/\/www.europesays.com\/de\/wp-json\/wp\/v2\/tags?post=816106"}],"curies":[{"name":"wp","href":"https:\/\/api.w.org\/{rel}","templated":true}]}}