{"id":816141,"date":"2026-02-22T03:12:21","date_gmt":"2026-02-22T03:12:21","guid":{"rendered":"https:\/\/www.europesays.com\/de\/816141\/"},"modified":"2026-02-22T03:12:21","modified_gmt":"2026-02-22T03:12:21","slug":"video-zeigt-randale-in-thueringen-afghane-verwuestet-supermarkt-regional","status":"publish","type":"post","link":"https:\/\/www.europesays.com\/de\/816141\/","title":{"rendered":"Video zeigt Randale in Th\u00fcringen: Afghane verw\u00fcstet Supermarkt | Regional"},"content":{"rendered":"<p><a class=\"skip-content skip-content--link\" href=\"#in-content-skip-link-target-v-0-0\">TTS-Player \u00fcberspringen\u21b5<\/a><a id=\"in-content-skip-link-target-v-0-0\" class=\"skip-content--target-link-hidden skip-content skip-content--target-link\" href=\"#in-content-skip-link-target-v-0-0\">Artikel weiterlesen<\/a><\/p>\n<p>Altenburg (Th\u00fcringen) \u2013 <b>Dieser Mann braucht keine Viertelstunde, um einen Supermarkt in ein Tr\u00fcmmerfeld zu verwandeln. Er flutet den Boden, indem er Paletten mit Sektflaschen umwirft. Er leert ganze Regalreihen, schleudert Konservengl\u00e4ser auf die Fliesen. Erst als zwei Kunden zupacken, endet die Randale.<\/b><\/p>\n<p>Es sind schockierende Videos, die den Vorfall in der Kaufland-Filiale in Altenburg-Nord (<a href=\"https:\/\/www.bild.de\/regional\/thueringen\/thueringen-regional\/home-56970326.bild.html\" class=\"text-link\" rel=\"nofollow noopener\" target=\"_blank\">Th\u00fcringen<\/a>) belegen. Kurz nach 18 Uhr betritt ein komplett in Schwarz gekleideter Mann den Supermarkt in der Kauerndorfer Allee. In der Obstabteilung startet er seine Chaos-Runde, zieht mit beiden H\u00e4nden schwere Gem\u00fcsekisten vom Tisch und kippt sie seelenruhig zu Boden.<\/p>\n<p><img decoding=\"async\" width=\"992\" height=\"558\" alt=\"Im Kaufland in Altenburg-Nord schockte ein Randalierer die Kunden beim Wochenendeinkauf\" src=\"https:\/\/www.europesays.com\/de\/wp-content\/uploads\/2026\/02\/1b6d2c42600a10ff5788d9f7de2e3bdf,837277bf.jpeg\"   class=\"landscape\" loading=\"lazy\"\/><\/p>\n<p class=\"fig__caption__text\">Im Kaufland in Altenburg-Nord schockte ein Randalierer die Kunden beim Wochenendeinkauf <\/p>\n<p>Foto: THILO SCHOLTYSECK<\/p>\n<p>Drei Verk\u00e4uferinnen bemerken den Randalierer, fordern ihn auf, sofort aufzuh\u00f6ren. Die Filiale ist rappelvoll. Eine Mitarbeiterin versucht, mit ruhiger Stimme zu deeskalieren. Sie fragt: \u201eWarum machen Sie das? H\u00f6ren Sie bitte auf. Bleiben Sie bitte ruhig.\u201c<\/p>\n<p>Personal wartet vergeblich auf Security<\/p>\n<p>Leider bleibt die Ansprache ohne Wirkung. Eine andere Verk\u00e4uferin schreit entnervt: \u201eWir rufen die Polizei.\u201c Der <a href=\"https:\/\/www.bild.de\/themen\/organisationen\/einzelhandel\/news-nachrichten-news-fotos-videos-33317474.bild.html\" class=\"text-link\" rel=\"nofollow noopener\" target=\"_blank\">Supermarkt<\/a>-Verw\u00fcster h\u00e4lt kurz inne, sagt mit leiser Stimme: \u201eJa, holen Sie die Polizei\u201c \u2013 und randaliert weiter. Immer mehr Kunden werden auf den Mann aufmerksam, manche weichen vorsorglich aus, andere z\u00fccken ihre Handys und filmen seine Lebensmittel-Attacke. Kunden greift der Randalierer zum Gl\u00fcck nicht direkt an, es wird niemand verletzt.<\/p>\n<p><img decoding=\"async\" width=\"992\" height=\"1178\" alt=\"Eine Spur der Verw\u00fcstung zog sich Donnerstagabend durch den Supermarkt. Die Polizei sch\u00e4tzt den Schaden auf rund 5000 Euro\" src=\"https:\/\/www.europesays.com\/de\/wp-content\/uploads\/2026\/02\/c07bc28f2534a583454f2223ddfa6e45,900d185c.jpeg\"   class=\"portrait\" loading=\"lazy\"\/><\/p>\n<p class=\"fig__caption__text\">Eine Spur der Verw\u00fcstung zog sich Donnerstagabend durch den Supermarkt. Die Polizei sch\u00e4tzt den Schaden auf rund 5000 Euro<\/p>\n<p>Foto: privat<\/p>\n<p>Auf den Fliesen vermischen sich Gurkenbr\u00fche, Sekt und Nuss-Nugat-Creme. \u201eWo bleibt die Security?\u201c, h\u00f6rt man Mitarbeiter rufen. Die bittere Wahrheit: Es sind keine Wachleute vor Ort. <\/p>\n<p>Handwerker eskortieren Randalierer aus dem Laden<\/p>\n<p>Schlie\u00dflich tauchen zwei Handwerker auf, die gerade ihren Einkauf erledigen. Gemeinsam gehen sie auf den Randalierer zu, nehmen ihn in ihre Mitte und dr\u00e4ngen ihn vorsichtig zum Ausgang, wo kurz darauf die <a href=\"https:\/\/www.bild.de\/regional\/aktuelles\/polizei\/polizeieinsatz-alle-infos-76681760.bild.html\" class=\"text-link\" rel=\"nofollow noopener\" target=\"_blank\">Polizei <\/a>eintrifft.<\/p>\n<p><img decoding=\"async\" width=\"992\" height=\"1044\" alt=\"Zwei Kunden in Handwerker-Montur stoppten den Randalier schlie\u00dflich und \u00fcbergaben ihn an die Polizei\" src=\"https:\/\/www.europesays.com\/de\/wp-content\/uploads\/2026\/02\/876302d828159cd87378773629641a04,2f3a490d.jpeg\"   class=\"dynamic\" loading=\"lazy\"\/><\/p>\n<p class=\"fig__caption__text\">Zwei Kunden in Handwerker-Montur stoppten den Randalierer schlie\u00dflich und \u00fcbergaben ihn an die Polizei<\/p>\n<p>Foto: privat<\/p>\n<p>Polizeikommissarin Selina Rolle best\u00e4tigt gegen\u00fcber BILD: \u201eBei dem T\u00e4ter handelte es sich um einen 27-j\u00e4hrigen Afghanen, der kistenweise Waren aus den Regalen auf den Fu\u00dfboden warf. Der Afghane befand sich in einem psychischen Ausnahmezustand \u2013 er wurde zur Behandlung in ein Krankenhaus verbracht.\u201c Den entstandenen Sachschaden sch\u00e4tzt sie auf eine \u201emittlere vierstellige Summe\u201c.<\/p>\n<p><img decoding=\"async\" width=\"992\" height=\"558\" alt=\"BILD-Reporter Thilo Scholtyseck am Tatort. Die Regale sind wieder voll, die Sch\u00e4den aber noch zu erkennen\" src=\"https:\/\/www.europesays.com\/de\/wp-content\/uploads\/2026\/02\/b3748ede5a401f04e45a49a3fd980c3c,cb1f46e5.jpeg\"   class=\"landscape\" loading=\"lazy\"\/><\/p>\n<p class=\"fig__caption__text\">BILD-Reporter Thilo Scholtyseck am Tatort. Die Regale sind wieder voll, einige Sch\u00e4den aber noch zu erkennen<\/p>\n<p>Foto: THILO SCHOLTYSECK<\/p>\n<p><img decoding=\"async\" width=\"992\" height=\"628\" alt=\"In vielen Regalen lagen auch am Samstag noch Scherben von der Verw\u00fcstungsorgie\" src=\"https:\/\/www.europesays.com\/de\/wp-content\/uploads\/2026\/02\/24c5510093b712d1383d247ce80edac2,4262906d.jpeg\"   class=\"dynamic\" loading=\"lazy\"\/><\/p>\n<p class=\"fig__caption__text\">In vielen Regalen lagen auch am Samstag noch Scherben von der Verw\u00fcstungsorgie<\/p>\n<p>Foto: THILO SCHOLTYSECK<\/p>\n<p>Randalierer hinterl\u00e4sst Sch\u00e4den in Supermarkt <\/p>\n<p>Am Samstag sind die B\u00f6den wieder sauber, die Regale aufgef\u00fcllt, doch einige Sch\u00e4den noch zu erkennen. Verbeulte Aufsteller wurden notd\u00fcrftig geradegebogen. \u201eEs war schrecklich. Schlimm, dass wir nicht mal mehr Security-Leute haben, die die Kunden und uns sch\u00fctzen\u201c, sagt eine Verk\u00e4uferin.<\/p>\n<p>Warum wurden die Sicherheitsmitarbeiter eingespart? Eine BILD-Anfrage zu den Hintergr\u00fcnden lie\u00df die Kaufland-Zentrale bislang unbeantwortet. <\/p>\n","protected":false},"excerpt":{"rendered":"TTS-Player \u00fcberspringen\u21b5Artikel weiterlesen Altenburg (Th\u00fcringen) \u2013 Dieser Mann braucht keine Viertelstunde, um einen Supermarkt in ein Tr\u00fcmmerfeld zu&hellip;\n","protected":false},"author":2,"featured_media":816142,"comment_status":"","ping_status":"","sticky":false,"template":"","format":"standard","meta":{"footnotes":"","_share_on_mastodon":"0"},"categories":[2],"tags":[29,30,13,2940,11445,14,15,121,2552,12,172155,925,45,10,8,9,11],"class_list":["post-816141","post","type-post","status-publish","format-standard","has-post-thumbnail","category-deutschland","tag-deutschland","tag-germany","tag-headlines","tag-kaufland","tag-lebensmittel-discounter","tag-nachrichten","tag-news","tag-polizei","tag-sachbeschaedigung","tag-schlagzeilen","tag-scholtyseck-thilo","tag-supermarkt","tag-texttospeech","tag-top-news","tag-top-meldungen","tag-topmeldungen","tag-topnews"],"share_on_mastodon":{"url":"https:\/\/pubeurope.com\/@de\/116112100652903809","error":""},"_links":{"self":[{"href":"https:\/\/www.europesays.com\/de\/wp-json\/wp\/v2\/posts\/816141","targetHints":{"allow":["GET"]}}],"collection":[{"href":"https:\/\/www.europesays.com\/de\/wp-json\/wp\/v2\/posts"}],"about":[{"href":"https:\/\/www.europesays.com\/de\/wp-json\/wp\/v2\/types\/post"}],"author":[{"embeddable":true,"href":"https:\/\/www.europesays.com\/de\/wp-json\/wp\/v2\/users\/2"}],"replies":[{"embeddable":true,"href":"https:\/\/www.europesays.com\/de\/wp-json\/wp\/v2\/comments?post=816141"}],"version-history":[{"count":0,"href":"https:\/\/www.europesays.com\/de\/wp-json\/wp\/v2\/posts\/816141\/revisions"}],"wp:featuredmedia":[{"embeddable":true,"href":"https:\/\/www.europesays.com\/de\/wp-json\/wp\/v2\/media\/816142"}],"wp:attachment":[{"href":"https:\/\/www.europesays.com\/de\/wp-json\/wp\/v2\/media?parent=816141"}],"wp:term":[{"taxonomy":"category","embeddable":true,"href":"https:\/\/www.europesays.com\/de\/wp-json\/wp\/v2\/categories?post=816141"},{"taxonomy":"post_tag","embeddable":true,"href":"https:\/\/www.europesays.com\/de\/wp-json\/wp\/v2\/tags?post=816141"}],"curies":[{"name":"wp","href":"https:\/\/api.w.org\/{rel}","templated":true}]}}