{"id":816170,"date":"2026-02-22T03:32:15","date_gmt":"2026-02-22T03:32:15","guid":{"rendered":"https:\/\/www.europesays.com\/de\/816170\/"},"modified":"2026-02-22T03:32:15","modified_gmt":"2026-02-22T03:32:15","slug":"remis-im-duell-zwischen-dem-1-fc-gievenbeck-und-dem-asc-09-dortmund","status":"publish","type":"post","link":"https:\/\/www.europesays.com\/de\/816170\/","title":{"rendered":"Remis im Duell zwischen dem 1. FC Gievenbeck und dem ASC 09 Dortmund"},"content":{"rendered":"<p>                                Spielinfos:<br \/>\nDatum &amp; Uhrzeit: 21.02.2026 14.00 Uhr<br \/>Austragungsort: M\u00fcnster<br \/>Wettbewerb: Oberliga Westfalen<br \/>Spieltag: 23<\/p>\n<p>Spielbericht: 1. FC Gievenbeck gegen ASC 09 Dortmund 1:1 (1:0)<\/p>\n<p id=\"absatz2\" class=\"em_text\">M\u00fcnster. Der 1. FC Gievenbeck und der ASC 09 Dortmund liefern sich am Samstag in der M\u00fcnsteraner UKM Arena ein Unentschieden vor 200 Fu\u00dfballbegeisterten.<\/p>\n<p id=\"absatz3\" class=\"em_text\">Die Gastgeber sowie ihre Gegner k\u00f6nnen in der ersten Halbzeit zun\u00e4chst keinen effektiven Erfolg verbuchen. Nur wenige Minuten vor der Pause spielen die Gievenbecker sich dann doch in F\u00fchrung. Dank Ben Matteo Wolf liegt das Team nach der 42. Spielminute vorne.<\/p>\n<p id=\"absatz4\" class=\"em_text\">Im Laufe der folgenden Minuten muss der Schiedsrichter intervenieren. Der 1. FC Gievenbeck steckt dreimal Gelb ein.<\/p>\n<p id=\"absatz5\" class=\"em_text\">Das Ende der Partie ist in greifbarer N\u00e4he, da folgt noch ein Einschlag: Zwei Minuten vor Abpfiff bef\u00f6rdert Lars Warschewski den Ball erfolgreich \u00fcber die Linie und schafft den Ausgleich f\u00fcr das Dortmunder Team (88). Platz sechs geh\u00f6rt den Gievenbeckern.<\/p>\n<p id=\"absatz6\" class=\"em_text\">Tore fallen keine mehr. In Spielminute 94 handelt sich der 1. FC Gievenbeck noch eine Gelbe Karte ein.<\/p>\n<p>Die Aufstellungen: 1. FC Gievenbeck &#8211; ASC 09 Dortmund<br \/>\nFC Gievenbeck: Ben Matteo Wolf (25), Nico Eschhaus (1), Alexander Wieth\u00f6lter (9), Mika Keute (6), Tom Langenkamp (21), Malte Wesberg (4), Louis Elias Martin (7), Jonas Tepper (2), Felix Bela Ritter (8), Niklas Beil (12), Fabian Witt (10)<\/p>\n<p id=\"absatz7\" class=\"em_text\">ASC 09 Dortmund: Maximilian Podehl (13), Elias Boadi Opoku (11), Mats Wilkesmann (4), Jan Stuhldreier (7), Florian Rausch (23), Lars Warschewski (10), Jannik Urban (8), Keanu Diskau (12), Samer-Amer Sarar (15), Joshua Thiede (18), Jan-Patrick Friedrich (5)<br \/>Schiedsrichter: Inan Bulut<\/p>\n<p id=\"absatz8\" class=\"em_text\">Assistent: Danny Piel<\/p>\n<p id=\"absatz9\" class=\"em_text\">Assistent: Jan Lohmann<\/p>\n<p id=\"absatz10\" class=\"em_text\" style=\"font-size: .8em;\">Die Inhalte dieses Berichts wurden automatisch auf der Basis von DFB-Daten zusammengestellt.<\/p>\n","protected":false},"excerpt":{"rendered":"Spielinfos: Datum &amp; Uhrzeit: 21.02.2026 14.00 UhrAustragungsort: M\u00fcnsterWettbewerb: Oberliga WestfalenSpieltag: 23 Spielbericht: 1. FC Gievenbeck gegen ASC 09&hellip;\n","protected":false},"author":2,"featured_media":103245,"comment_status":"","ping_status":"","sticky":false,"template":"","format":"standard","meta":{"footnotes":"","_share_on_mastodon":"0"},"categories":[1843],"tags":[17783,24794,67825,3364,29,5282,30,17786,8405,734,7774,1613,8970,1209,12006,17712,7773,7765,8404],"class_list":["post-816170","post","type-post","status-publish","format-standard","has-post-thumbnail","category-muenster","tag-1-fc-gievenbeck","tag-asc-09-dortmund","tag-ben-matteo-wolf","tag-de","tag-deutschland","tag-fuball","tag-germany","tag-gievenbeck","tag-mnster","tag-meta_artikelklasse_nachricht","tag-meta_themen_sport","tag-meta_userneeds_informieremich","tag-muenster","tag-nordrhein-westfalen","tag-oberliga","tag-serie_ligaid_210198","tag-serie_ligaid_all","tag-spielinfo","tag-westfalen"],"share_on_mastodon":{"url":"https:\/\/pubeurope.com\/@de\/116112178856986362","error":""},"_links":{"self":[{"href":"https:\/\/www.europesays.com\/de\/wp-json\/wp\/v2\/posts\/816170","targetHints":{"allow":["GET"]}}],"collection":[{"href":"https:\/\/www.europesays.com\/de\/wp-json\/wp\/v2\/posts"}],"about":[{"href":"https:\/\/www.europesays.com\/de\/wp-json\/wp\/v2\/types\/post"}],"author":[{"embeddable":true,"href":"https:\/\/www.europesays.com\/de\/wp-json\/wp\/v2\/users\/2"}],"replies":[{"embeddable":true,"href":"https:\/\/www.europesays.com\/de\/wp-json\/wp\/v2\/comments?post=816170"}],"version-history":[{"count":0,"href":"https:\/\/www.europesays.com\/de\/wp-json\/wp\/v2\/posts\/816170\/revisions"}],"wp:featuredmedia":[{"embeddable":true,"href":"https:\/\/www.europesays.com\/de\/wp-json\/wp\/v2\/media\/103245"}],"wp:attachment":[{"href":"https:\/\/www.europesays.com\/de\/wp-json\/wp\/v2\/media?parent=816170"}],"wp:term":[{"taxonomy":"category","embeddable":true,"href":"https:\/\/www.europesays.com\/de\/wp-json\/wp\/v2\/categories?post=816170"},{"taxonomy":"post_tag","embeddable":true,"href":"https:\/\/www.europesays.com\/de\/wp-json\/wp\/v2\/tags?post=816170"}],"curies":[{"name":"wp","href":"https:\/\/api.w.org\/{rel}","templated":true}]}}