{"id":81621,"date":"2025-05-03T16:57:11","date_gmt":"2025-05-03T16:57:11","guid":{"rendered":"https:\/\/www.europesays.com\/de\/81621\/"},"modified":"2025-05-03T16:57:11","modified_gmt":"2025-05-03T16:57:11","slug":"jay-khan-loest-auf-us5-star-ist-nicht-tot","status":"publish","type":"post","link":"https:\/\/www.europesays.com\/de\/81621\/","title":{"rendered":"Jay Khan l\u00f6st auf: US5-Star ist nicht tot"},"content":{"rendered":"<p>&#8222;Muss jetzt erstmal klarkommen&#8220; <\/p>\n<p>Jay Khan l\u00f6st Verwirrung um angeblich toten Boyband-Kollegen auf<\/p>\n<p>03.05.2025 &#8211; 17:58 UhrLesedauer: 2 Min.<\/p>\n<p><a href=\"#focus-0\" class=\"transition-colors duration-200 focus-within:text-magenta block text-current relative\" data-sctrack=\"FocusGalleryImage.Reference\"><img fetchpriority=\"high\" data-testid=\"Opener.Image\" style=\"--lqipURL:url('https:\/\/images.t-online.de\/2025\/05\/q0aYOz6nMfLQ\/777x759:1411x794\/fit-in\/150x0\/filters:blur(25)\/jay-khan-der-saenger-gibt-aufschluss-ueber-seinen-ehemaligen-bandkollegen.jpg')\"   loading=\"eager\" src=\"https:\/\/www.europesays.com\/de\/wp-content\/uploads\/2025\/05\/jay-khan-der-saenger-gibt-aufschluss-ueber-seinen-ehemaligen-bandkollegen.jpg\" alt=\"Jay Khan: Der S\u00e4nger gibt Aufschluss \u00fcber seinen ehemaligen Bandkollegen.\" title=\"Jay Khan: Der S\u00e4nger gibt Aufschluss \u00fcber seinen ehemaligen Bandkollegen.\" width=\"1411\" height=\"794\" class=\"bg-[url:var(--lqipURL)] bg-cover bg-center flex w-full max-w-full h-full\" decoding=\"async\"\/><img style=\"--width:32;--height:32\" loading=\"lazy\" src=\"https:\/\/www.europesays.com\/de\/wp-content\/uploads\/2025\/03\/zoom-in.f7dae02f.svg.svg+xml\" alt=\"Vergr\u00f6\u00dfern des Bildes\" title=\"Vergr\u00f6\u00dfern des Bildes\" class=\"&#10;        block&#10;        h-[calc(var(--height)_\/_16_*_1rem)]&#10;        w-[calc(var(--width)_\/_16_*_1rem)]&#10;        max-w-none&#10;        absolute bottom-8 right-8 rounded-4 bg-snow p-8\" decoding=\"async\"\/><\/a><\/p>\n<p>Jay Khan: Der S\u00e4nger gibt Aufschluss \u00fcber seinen ehemaligen Bandkollegen. (Quelle: IMAGO\/Matthias Wehnert)<\/p>\n<p class=\"font-bold text-18 leading-17\">Entwarnung f\u00fcr Fans der Boyband US5. Jay Khan die Spekulationen um seinen ehemaligen Bandkollegen Mikel Johnson beendet. Der S\u00e4nger ist nicht tot.<\/p>\n<p class=\"text-18 leading-17\">In den vergangenen Tagen kursierten beunruhigende Ger\u00fcchte \u00fcber den Tod des S\u00e4ngers Mikel Johnson. Der 37-J\u00e4hrige war Mitglied der Boyband US5. Jay Khan, ebenfalls ehemaliges Mitglied der Gruppe, hat nun auf Instagram bekannt gegeben, dass Johnson wohlauf ist. &#8222;Ich habe gerade von Mikel geh\u00f6rt. Er ist okay, sein Handy wurde gehackt. Er ist nicht tot&#8220;, teilte Khan mit. Die Nachricht kam als gro\u00dfe Erleichterung f\u00fcr Fans.<\/p>\n<p class=\"text-18 leading-17\">&#8222;Leute, ich muss mich jetzt zusammenrei\u00dfen, um nicht zu emotional zu werden&#8220;, begann Khan ein l\u00e4ngeres Video, welches er ver\u00f6ffentlichte. Er k\u00f6nne aktuell noch nicht viel mehr sagen, au\u00dfer, dass sein einstiger Weggef\u00e4hrte nicht tot sei. &#8222;Der Grund, wieso ich in den letzten Stunden nicht ins Detail gehen konnte, ist, weil sich f\u00fcr mich ehrlicherweise vieles nicht erschlossen hat&#8220;, erkl\u00e4rt Khan. Er habe sich mit vielen Leuten unterhalten und &#8222;jede freie Minute Recherche betrieben&#8220;. Er habe Kontakt zu zahlreichen Bekannten in den <a class=\"transition-colors duration-200 cursor-pointer text-inherit no-underline text-salemsfur md:hover:text-magenta md:hover:border-magenta md:focus:text-magenta border-current border-b border-solid break-words\" href=\"https:\/\/www.t-online.de\/themen\/usa\/\" data-sctrack=\"BodyAnchor\" target=\"_blank\" rel=\"noopener\">USA<\/a> aufgenommen, um das R\u00e4tsel um Johnsons angeblichen Tod zu l\u00f6sen. Dabei sei er auf viele widerspr\u00fcchliche Aussagen gesto\u00dfen, was sein Misstrauen geweckt habe. Sein Bauchgef\u00fchl sagte ihm bereits fr\u00fchzeitig, dass etwas nicht stimme.<\/p>\n<p class=\"text-18 leading-17\">F\u00fcr die Verwirrung sorgte urspr\u00fcnglich ein Online-Promiportal, das behauptete, Informationen von Johnsons Management erhalten zu haben. Laut diesem Bericht sei der Musiker bereits am 23. April verstorben. Auch Izzy Gallegos, der ebenfalls zur Band US5 geh\u00f6rte, \u00e4u\u00dferte sich auf Instagram und bat darum, weiterhin Hoffnung zu haben: &#8222;Es ist immer noch nichts zu 100 Prozent best\u00e4tigt&#8220;, teilte er mit.<\/p>\n<p class=\"text-18 leading-17\">&#8222;Ich muss jetzt erstmal klarkommen&#8220;, erkl\u00e4rte Khan. &#8222;Ich habe schon mit etwas Schlimmerem gerechnet, aber nicht mit seinem Tod.&#8220; Er kenne auch jetzt noch keine Einzelheiten. Weder wisse er, wer das Handy seines Freundes gehackt haben k\u00f6nnte, noch die Motive w\u00fcrden sich ihm erschlie\u00dfen. Er sei nun erst einmal erleichter, dass &#8222;sich diese unfassbar schreckliche Nachricht&#8220; nicht bewahrheiten w\u00fcrde. Er sei gl\u00fccklich und froh, dass Johnson lebt. &#8222;Wie es ihm geht, werde ich in den n\u00e4chsten Tagen herausfinden.&#8220;<\/p>\n","protected":false},"excerpt":{"rendered":"&#8222;Muss jetzt erstmal klarkommen&#8220; Jay Khan l\u00f6st Verwirrung um angeblich toten Boyband-Kollegen auf 03.05.2025 &#8211; 17:58 UhrLesedauer: 2&hellip;\n","protected":false},"author":2,"featured_media":81622,"comment_status":"","ping_status":"","sticky":false,"template":"","format":"standard","meta":{"footnotes":""},"categories":[1776],"tags":[722,522,34450,1801,29,214,30,152,34448,34449,1802,215],"class_list":{"0":"post-81621","1":"post","2":"type-post","3":"status-publish","4":"format-standard","5":"has-post-thumbnail","7":"category-prominente","8":"tag-722","9":"tag-522","10":"tag-boyband","11":"tag-celebrities","12":"tag-deutschland","13":"tag-entertainment","14":"tag-germany","15":"tag-instagram","16":"tag-jay-khan","17":"tag-mikel-johnson","18":"tag-prominente","19":"tag-unterhaltung"},"share_on_mastodon":{"url":"https:\/\/pubeurope.com\/@de\/114444962612953626","error":""},"_links":{"self":[{"href":"https:\/\/www.europesays.com\/de\/wp-json\/wp\/v2\/posts\/81621","targetHints":{"allow":["GET"]}}],"collection":[{"href":"https:\/\/www.europesays.com\/de\/wp-json\/wp\/v2\/posts"}],"about":[{"href":"https:\/\/www.europesays.com\/de\/wp-json\/wp\/v2\/types\/post"}],"author":[{"embeddable":true,"href":"https:\/\/www.europesays.com\/de\/wp-json\/wp\/v2\/users\/2"}],"replies":[{"embeddable":true,"href":"https:\/\/www.europesays.com\/de\/wp-json\/wp\/v2\/comments?post=81621"}],"version-history":[{"count":0,"href":"https:\/\/www.europesays.com\/de\/wp-json\/wp\/v2\/posts\/81621\/revisions"}],"wp:featuredmedia":[{"embeddable":true,"href":"https:\/\/www.europesays.com\/de\/wp-json\/wp\/v2\/media\/81622"}],"wp:attachment":[{"href":"https:\/\/www.europesays.com\/de\/wp-json\/wp\/v2\/media?parent=81621"}],"wp:term":[{"taxonomy":"category","embeddable":true,"href":"https:\/\/www.europesays.com\/de\/wp-json\/wp\/v2\/categories?post=81621"},{"taxonomy":"post_tag","embeddable":true,"href":"https:\/\/www.europesays.com\/de\/wp-json\/wp\/v2\/tags?post=81621"}],"curies":[{"name":"wp","href":"https:\/\/api.w.org\/{rel}","templated":true}]}}