{"id":816298,"date":"2026-02-22T04:54:25","date_gmt":"2026-02-22T04:54:25","guid":{"rendered":"https:\/\/www.europesays.com\/de\/816298\/"},"modified":"2026-02-22T04:54:25","modified_gmt":"2026-02-22T04:54:25","slug":"dm-vor-gericht-wegen-augenscreening-und-arzneimittelverkauf","status":"publish","type":"post","link":"https:\/\/www.europesays.com\/de\/816298\/","title":{"rendered":"dm vor Gericht wegen Augenscreening und Arzneimittelverkauf"},"content":{"rendered":"<p class=\"mb-6 text-xs md:text-m lg:text-l font-serif group-[.font-sans]:font-sans \">\n    <a href=\"https:\/\/www.ka-news.de\/karlsruhe\/stadtgespraech\/bluttests-bei-dm-in-karlsruhe-wie-sicher-sind-ihre-sensiblen-gesundheitsdaten-wirklich-110691964\" target=\"_self\" class=\"underline \" rel=\"nofollow noopener\">Bereits im September 2025 ist der Drogeriekonzern <strong class=\"font-bold\">dm radikal in den Gesundheitssektor vorgesto\u00dfen<\/strong>.<\/a> Am 18. Februar 2026 verk\u00fcndete das Landgericht Karlsruhe, dass neuerdings <strong class=\"font-bold\">zwei wettbewerbsrechtliche Verfahren der Wettbewerbszentrale e.V. gegen dm<\/strong> anh\u00e4ngig sind.\n  <\/p>\n<p>            Klage gegen Augenscreening und Verkauf von Arzneimittel<\/p>\n<p class=\"mb-6 text-xs md:text-m lg:text-l font-serif group-[.font-sans]:font-sans \">\n    Im ersten Verfahren will der Kl\u00e4ger dm folgende medizinischen Dienste verbieten:\n  <\/p>\n<ul rel=\"\" class=\"[&amp;&gt;li]:relative list-none  [&amp;&gt;li]:pl-[1.2em] [&amp;&gt;li]:marker:text-[0] [&amp;&gt;li]:relative [&amp;&gt;li]:before:absolute [&amp;&gt;li]:before:w-3 [&amp;&gt;li]:before:h-3 [&amp;&gt;li]:before:bg-brand [&amp;&gt;li]:before:left-0 [&amp;&gt;li]:before:top-[8px] [&amp;&gt;li]:before:rounded-full  my-5\">\n<li class=\" mb-3 text-xs md:text-m lg:text-l\">a) ein Augenscreening in ihren Filialen zur Feststellung von Augenkrankheiten durch Personen durchzuf\u00fchren, die keine \u00c4rzte sind<\/li>\n<li class=\" mb-3 text-xs md:text-m lg:text-l\">b) ein Augenscreening unter Verwendung bestimmter Ger\u00e4te durchzuf\u00fchren, sofern die vom Hersteller f\u00fcr die Verwendung der Ger\u00e4te vorgesehenen personellen und\/oder r\u00e4umlichen Voraussetzungen nicht vorliegen<\/li>\n<li class=\" mb-3 text-xs md:text-m lg:text-l\">c) ein Augenscreening zur Fr\u00fcherkennung von Augenkrankheiten zu bewerben<\/li>\n<li class=\" mb-3 text-xs md:text-m lg:text-l\">d) f\u00fcr eine Erkennung von Augenkrankheiten ohne pers\u00f6nlichen Kontakt zwischen Arzt und Patienten zu werben<\/li>\n<\/ul>\n<p>    <img decoding=\"async\" src=\"https:\/\/images.mgpd.de\/img\/109731844\/crop\/c16_9-w100\/1940928143\/582357729\/logo-der-drogeriekette-dm.jpg\" alt=\"(Symbolbild)\" title=\"(Symbolbild)\" loading=\"lazy\" class=\"h-full w-full object-cover\"\/><\/p>\n<p>      Icon vergr\u00f6\u00dfern<\/p>\n<p>    (Symbolbild)<br \/>\n    Foto: Monika Skolimowska\/dpa<\/p>\n<p>        Schlie\u00dfen <\/p>\n<p>      Icon Schlie\u00dfen<\/p>\n<p>        Icon vergr\u00f6\u00dfern<\/p>\n<p>        Icon verkleinern<\/p>\n<p>      Icon Pfeil bewegen<\/p>\n<p>    (Symbolbild)<br \/>\n    Foto: Monika Skolimowska\/dpa<\/p>\n<p class=\"mb-6 text-xs md:text-m lg:text-l font-serif group-[.font-sans]:font-sans \">\n    Im zweiten Verfahren will der Kl\u00e4ger dm verbieten, <a href=\"https:\/\/www.ka-news.de\/karlsruhe\/gastro-und-handel\/versand-apotheke-dm-startet-online-bestellung-fuer-apothekenpflichtige-produkte-113015930\" target=\"_self\" class=\"underline \" rel=\"nofollow noopener\">apothekenpflichtige Arzneimittel an Verbraucher zu vertreiben.<\/a>\n  <\/p>\n<p>            Verhandlungen werden bald bekannt gegeben<\/p>\n<p class=\"mb-6 text-xs md:text-m lg:text-l font-serif group-[.font-sans]:font-sans \">\n    In beiden Rechtsstreitigkeiten werden aktuell Schrifts\u00e4tze ausgetauscht. Demn\u00e4chst wird die zust\u00e4ndige Kammer mit den Parteien jeweils einen Termin zur m\u00fcndlichen Verhandlung absprechen. Die Verhandlungen sind \u00f6ffentlich. Das Gericht wird rechtzeitig \u00fcber Zeit und Ort der Verhandlungen informieren.\n  <\/p>\n<ul data-module-id=\"DragDropModule\" class=\"flex flex-wrap justify-start group-[.no-bookmarks]:hidden\">\n<li class=\"mb-3 mr-3\">\n    Pressemitteilung<\/p>\n<p>      Icon Haken im Kreis gesetzt<\/p>\n<p>      Icon Plus im Kreis<\/p>\n<\/li>\n<li class=\"mb-3 mr-3\">\n    dm<\/p>\n<p>      Icon Haken im Kreis gesetzt<\/p>\n<p>      Icon Plus im Kreis<\/p>\n<\/li>\n<li class=\"mb-3 mr-3\">\n    Karlsruhe<\/p>\n<p>      Icon Haken im Kreis gesetzt<\/p>\n<p>      Icon Plus im Kreis<\/p>\n<\/li>\n<\/ul>\n","protected":false},"excerpt":{"rendered":"Bereits im September 2025 ist der Drogeriekonzern dm radikal in den Gesundheitssektor vorgesto\u00dfen. Am 18. Februar 2026 verk\u00fcndete&hellip;\n","protected":false},"author":2,"featured_media":810235,"comment_status":"","ping_status":"","sticky":false,"template":"","format":"standard","meta":{"footnotes":"","_share_on_mastodon":"0"},"categories":[1844],"tags":[182149,136646,1634,3364,29,10214,133270,2690,30,182150,182151,8903,4933],"class_list":["post-816298","post","type-post","status-publish","format-standard","has-post-thumbnail","category-karlsruhe","tag-arzneimittelverkauf","tag-augenscreening","tag-baden-wuerttemberg","tag-de","tag-deutschland","tag-dm","tag-drogeriekonzern","tag-gericht","tag-germany","tag-gesundheitssektor","tag-grosskonzern","tag-karlsruhe","tag-landgericht"],"share_on_mastodon":{"url":"https:\/\/pubeurope.com\/@de\/116112501400888685","error":""},"_links":{"self":[{"href":"https:\/\/www.europesays.com\/de\/wp-json\/wp\/v2\/posts\/816298","targetHints":{"allow":["GET"]}}],"collection":[{"href":"https:\/\/www.europesays.com\/de\/wp-json\/wp\/v2\/posts"}],"about":[{"href":"https:\/\/www.europesays.com\/de\/wp-json\/wp\/v2\/types\/post"}],"author":[{"embeddable":true,"href":"https:\/\/www.europesays.com\/de\/wp-json\/wp\/v2\/users\/2"}],"replies":[{"embeddable":true,"href":"https:\/\/www.europesays.com\/de\/wp-json\/wp\/v2\/comments?post=816298"}],"version-history":[{"count":0,"href":"https:\/\/www.europesays.com\/de\/wp-json\/wp\/v2\/posts\/816298\/revisions"}],"wp:featuredmedia":[{"embeddable":true,"href":"https:\/\/www.europesays.com\/de\/wp-json\/wp\/v2\/media\/810235"}],"wp:attachment":[{"href":"https:\/\/www.europesays.com\/de\/wp-json\/wp\/v2\/media?parent=816298"}],"wp:term":[{"taxonomy":"category","embeddable":true,"href":"https:\/\/www.europesays.com\/de\/wp-json\/wp\/v2\/categories?post=816298"},{"taxonomy":"post_tag","embeddable":true,"href":"https:\/\/www.europesays.com\/de\/wp-json\/wp\/v2\/tags?post=816298"}],"curies":[{"name":"wp","href":"https:\/\/api.w.org\/{rel}","templated":true}]}}