{"id":816504,"date":"2026-02-22T07:04:17","date_gmt":"2026-02-22T07:04:17","guid":{"rendered":"https:\/\/www.europesays.com\/de\/816504\/"},"modified":"2026-02-22T07:04:17","modified_gmt":"2026-02-22T07:04:17","slug":"spektakulaere-elefantenwelt-wellness-oase-fuer-wilhelma-so-spektakulaer-wird-stuttgarts-neue-elefantenwelt-krz-plus","status":"publish","type":"post","link":"https:\/\/www.europesays.com\/de\/816504\/","title":{"rendered":"Spektakul\u00e4re Elefantenwelt: Wellness-Oase f\u00fcr Wilhelma: So spektakul\u00e4r wird Stuttgarts neue Elefantenwelt &#8211; KRZ Plus"},"content":{"rendered":"<p>Ein schwebendes Glasdach und Mondlicht f\u00fcr die Dickh\u00e4uter: Die neue Elefantenanlage der Wilhelma setzt Ma\u00dfst\u00e4be. Projektleiter Julian Karl gew\u00e4hrt exklusive Einblicke in die Planung.<\/p>\n<p>Die <a href=\"https:\/\/www.krzbb.de\/inhalt.zoo-bekommt-neue-attraktion-historischer-moment-in-der-wilhelma-spatenstich-fuer-die-neue-elefantenwelt.f5ab86ce-ff89-4086-9657-d319a120effe.html\" target=\"_blank\" rel=\"nofollow noopener\">neue Elefantenanlage in der Wilhelma <\/a>hat viele Besonderheiten. Seit sechs Jahren schon besch\u00e4ftigt sich Julian Karl von herrmann+bosch architekten als Projektleiter mit der Planung der neuen Elefantenwelt in <a href=\"https:\/\/www.krzbb.de\/thema\/Stuttgart\" title=\"Stuttgart\" class=\"art_thema\" rel=\"nofollow noopener\" target=\"_blank\">Stuttgart<\/a>, gemeinsam mit seinem Team aus Israel Luna Mino, Paul Salzbrunn, Lutz Knittel und Jonathan Hohl. Teil der Arbeitsgemeinschaft rund ums neue Zuhause f\u00fcr die Stuttgarter Dickh\u00e4uter ist auch das B\u00fcro mkk-architekten aus Schwerin. <\/p>\n","protected":false},"excerpt":{"rendered":"Ein schwebendes Glasdach und Mondlicht f\u00fcr die Dickh\u00e4uter: Die neue Elefantenanlage der Wilhelma setzt Ma\u00dfst\u00e4be. Projektleiter Julian Karl&hellip;\n","protected":false},"author":2,"featured_media":816505,"comment_status":"","ping_status":"","sticky":false,"template":"","format":"standard","meta":{"footnotes":"","_share_on_mastodon":"0"},"categories":[1830],"tags":[1634,3364,29,58801,183288,183283,30,183286,183284,1441,183287,5251,12378,183285],"class_list":["post-816504","post","type-post","status-publish","format-standard","has-post-thumbnail","category-stuttgart","tag-baden-wuerttemberg","tag-de","tag-deutschland","tag-elefantenanlage","tag-elefantenhaltung","tag-elefantenwelt-wilhelma","tag-germany","tag-herrmannbosch-architekten","tag-julian-karl-architekt","tag-stuttgart","tag-stuttgart-bauprojekte","tag-stuttgart-bad-cannstatt","tag-wilhelma","tag-zoo-architektur"],"share_on_mastodon":{"url":"https:\/\/pubeurope.com\/@de\/116113012488536260","error":""},"_links":{"self":[{"href":"https:\/\/www.europesays.com\/de\/wp-json\/wp\/v2\/posts\/816504","targetHints":{"allow":["GET"]}}],"collection":[{"href":"https:\/\/www.europesays.com\/de\/wp-json\/wp\/v2\/posts"}],"about":[{"href":"https:\/\/www.europesays.com\/de\/wp-json\/wp\/v2\/types\/post"}],"author":[{"embeddable":true,"href":"https:\/\/www.europesays.com\/de\/wp-json\/wp\/v2\/users\/2"}],"replies":[{"embeddable":true,"href":"https:\/\/www.europesays.com\/de\/wp-json\/wp\/v2\/comments?post=816504"}],"version-history":[{"count":0,"href":"https:\/\/www.europesays.com\/de\/wp-json\/wp\/v2\/posts\/816504\/revisions"}],"wp:featuredmedia":[{"embeddable":true,"href":"https:\/\/www.europesays.com\/de\/wp-json\/wp\/v2\/media\/816505"}],"wp:attachment":[{"href":"https:\/\/www.europesays.com\/de\/wp-json\/wp\/v2\/media?parent=816504"}],"wp:term":[{"taxonomy":"category","embeddable":true,"href":"https:\/\/www.europesays.com\/de\/wp-json\/wp\/v2\/categories?post=816504"},{"taxonomy":"post_tag","embeddable":true,"href":"https:\/\/www.europesays.com\/de\/wp-json\/wp\/v2\/tags?post=816504"}],"curies":[{"name":"wp","href":"https:\/\/api.w.org\/{rel}","templated":true}]}}