{"id":816695,"date":"2026-02-22T09:00:56","date_gmt":"2026-02-22T09:00:56","guid":{"rendered":"https:\/\/www.europesays.com\/de\/816695\/"},"modified":"2026-02-22T09:00:56","modified_gmt":"2026-02-22T09:00:56","slug":"delegation-traegt-karlspreis-an-mario-draghi-heran","status":"publish","type":"post","link":"https:\/\/www.europesays.com\/de\/816695\/","title":{"rendered":"Delegation tr\u00e4gt Karlspreis an Mario Draghi heran"},"content":{"rendered":"<p>Gespr\u00e4che in Rom <\/p>\n<p>Laschet und OB Ziemons treffen sich mit Karlspreistr\u00e4ger Draghi<\/p>\n<p>19.02.2026Lesedauer: 2 Min.<\/p>\n<p><a href=\"#focus-0\" class=\"transition-colors duration-200 block text-current relative\" data-sctrack=\"FocusGalleryImage.Reference\"><img fetchpriority=\"high\" data-testid=\"Opener.Image\" style=\"--lqipURL:url('https:\/\/images.t-online.de\/2026\/02\/LTy5lvmmwlcE\/0x100:960x540\/fit-in\/150x0\/filters:blur(25)\/treffen-in-rom-oberbuergermeister-michael-ziemons-l-karlspreistraeger-mario-draghi-und-der-aachener-bundestagsabgeordnete-armin-laschet.jpg')\"   loading=\"eager\" src=\"https:\/\/www.europesays.com\/de\/wp-content\/uploads\/2026\/02\/treffen-in-rom-oberbuergermeister-michael-ziemons-l-karlspreistraeger-mario-draghi-und-der-aachener-.jpeg\" alt=\"Treffen in Rom: Oberb\u00fcrgermeister Michael Ziemons (l.), Karlspreistr\u00e4ger Mario Draghi und der Aachener Bundestagsabgeordnete Armin Laschet.\" title=\"Treffen in Rom: Oberb\u00fcrgermeister Michael Ziemons (l.), Karlspreistr\u00e4ger Mario Draghi und der Aachener Bundestagsabgeordnete Armin Laschet.\" width=\"960\" height=\"540\" class=\"bg-[url:var(--lqipURL)] bg-cover bg-center flex h-full w-full max-w-full\" decoding=\"async\"\/><img style=\"--width:32;--height:32\" loading=\"lazy\" src=\"https:\/\/aachen.t-online.de\/s\/paper\/_next\/static\/media\/zoom-in.f7dae02f.svg\" alt=\"Vergr\u00f6\u00dfern des Bildes\" title=\"Vergr\u00f6\u00dfern des Bildes\" class=\"block h-[calc(var(--height)_\/_16_*_1rem)] w-[calc(var(--width)_\/_16_*_1rem)] max-w-none absolute bottom-8 right-8 rounded-4 bg-snow p-8\" decoding=\"async\"\/><\/a><\/p>\n<p>Treffen in Rom: Oberb\u00fcrgermeister Michael Ziemons (l.), Karlspreistr\u00e4ger Mario Draghi und der Aachener Bundestagsabgeordnete Armin Laschet. (Quelle: Stadt Aachen)<\/p>\n<p class=\"font-bold text-18 leading-17 user-text-lg:text-22 user-text-xl:text-24\">Eine Aachener Delegation tr\u00e4gt den Karlspreis offiziell an Mario Draghi heran. Dieser erh\u00e4lt die Auszeichnung am 14. Mai in Aachen.<\/p>\n<p class=\"text-18 leading-17 user-text-lg:text-22 user-text-xl:text-24\">Eine Delegation aus Aachen hat den Karlspreis 2026 offiziell bei Mario Draghi in Rom angetragen. Die Gruppe wurde vom Bundestagsabgeordneten Armin Laschet, Vorsitzender des Karlspreisdirektoriums, und Oberb\u00fcrgermeister Michael Ziemons geleitet. Empfangen wurden sie in der Residenz des deutschen Botschafters Thomas Bagger.<\/p>\n<p class=\"text-18 leading-17 user-text-lg:text-22 user-text-xl:text-24\">Draghi zeigte sich geehrt \u00fcber die Antragung des Preises und betonte den Wert gemeinsamer europ\u00e4ischer Anstrengungen: &#8222;Ich blicke optimistischer als noch vor ein paar Jahren in die Zukunft, weil wir jetzt alle verstehen, dass wir hart f\u00fcr die Zukunft Europas arbeiten m\u00fcssen. Wenn eine kleinere Gruppe vorangeht und \u00fcberzeugende L\u00f6sungen schafft, entsteht Anziehungskraft \u2013 andere schlie\u00dfen sich an.&#8220;<\/p>\n<p class=\"text-18 leading-17 user-text-lg:text-22 user-text-xl:text-24\">Armin Laschet unterstrich die europapolitische Rolle Draghis: &#8222;Mario Draghi ist jemand, der Europa jetzt in diesem Wettbewerb mit den USA, Russland und China starkmachen kann. Die Souver\u00e4nit\u00e4t Europas ist und war ihm immer ein Herzensanliegen.&#8220;<\/p>\n<p class=\"text-18 leading-17 user-text-lg:text-22 user-text-xl:text-24\">Oberb\u00fcrgermeister Michael Ziemons hob die Bedeutung der Initiative f\u00fcr Aachen hervor: &#8222;Das Gespr\u00e4ch in Rom mit Mario Draghi hat noch einmal gezeigt, dass er nicht nur in der Vergangenheit gro\u00dfe Verdienste erworben hat. Wir sind uns sicher, dass diese Ideen jetzt umgesetzt werden m\u00fcssen.&#8220;<\/p>\n<p class=\"text-18 leading-17 user-text-lg:text-22 user-text-xl:text-24\">Die Auszeichnung w\u00fcrdigt Draghis Bericht zur Wettbewerbsf\u00e4higkeit Europas, der Innovation, Investitionen, industrielle Basis und strategische Souver\u00e4nit\u00e4t st\u00e4rken soll. Das Karlspreisdirektorium und die Stadt Aachen sehen darin ein Signal f\u00fcr ein handlungsf\u00e4higes und zukunftsorientiertes Europa.<\/p>\n<p class=\"text-18 leading-17 user-text-lg:text-22 user-text-xl:text-24\">Die feierliche Verleihung des Internationalen Karlspreises findet am Christi Himmelfahrtstag, 14. Mai 2026, im Kr\u00f6nungssaal des Aachener Rathauses statt. Erwartet werden G\u00e4ste aus Politik, Wirtschaft und europ\u00e4ischen Institutionen.<\/p>\n<p class=\"text-18 leading-17 user-text-lg:text-22 user-text-xl:text-24\">Der Internationale Karlspreis zu Aachen wird seit 1950 an Personen verliehen, die sich um die Einigung Europas verdient gemacht haben. Seit 2025 wird zus\u00e4tzlich ein Projektpreis von einer Million Euro an pro-europ\u00e4ische Initiativen vergeben, vorgeschlagen von den jeweiligen Karlspreistr\u00e4gern.<\/p>\n","protected":false},"excerpt":{"rendered":"Gespr\u00e4che in Rom Laschet und OB Ziemons treffen sich mit Karlspreistr\u00e4ger Draghi 19.02.2026Lesedauer: 2 Min. Treffen in Rom:&hellip;\n","protected":false},"author":2,"featured_media":816696,"comment_status":"","ping_status":"","sticky":false,"template":"","format":"standard","meta":{"footnotes":"","_share_on_mastodon":"0"},"categories":[1853],"tags":[722,1424,506,3681,3364,29,548,663,3934,30,13,44514,101928,44477,14,15,1209,21058,12,183303],"class_list":["post-816695","post","type-post","status-publish","format-standard","has-post-thumbnail","category-aachen","tag-722","tag-aachen","tag-armin-laschet","tag-auszeichnung","tag-de","tag-deutschland","tag-eu","tag-europa","tag-europe","tag-germany","tag-headlines","tag-karlspreis","tag-mario-draghi","tag-michael-ziemon","tag-nachrichten","tag-news","tag-nordrhein-westfalen","tag-rom","tag-schlagzeilen","tag-thomas-bagger"],"share_on_mastodon":{"url":"https:\/\/pubeurope.com\/@de\/116113472756294063","error":""},"_links":{"self":[{"href":"https:\/\/www.europesays.com\/de\/wp-json\/wp\/v2\/posts\/816695","targetHints":{"allow":["GET"]}}],"collection":[{"href":"https:\/\/www.europesays.com\/de\/wp-json\/wp\/v2\/posts"}],"about":[{"href":"https:\/\/www.europesays.com\/de\/wp-json\/wp\/v2\/types\/post"}],"author":[{"embeddable":true,"href":"https:\/\/www.europesays.com\/de\/wp-json\/wp\/v2\/users\/2"}],"replies":[{"embeddable":true,"href":"https:\/\/www.europesays.com\/de\/wp-json\/wp\/v2\/comments?post=816695"}],"version-history":[{"count":0,"href":"https:\/\/www.europesays.com\/de\/wp-json\/wp\/v2\/posts\/816695\/revisions"}],"wp:featuredmedia":[{"embeddable":true,"href":"https:\/\/www.europesays.com\/de\/wp-json\/wp\/v2\/media\/816696"}],"wp:attachment":[{"href":"https:\/\/www.europesays.com\/de\/wp-json\/wp\/v2\/media?parent=816695"}],"wp:term":[{"taxonomy":"category","embeddable":true,"href":"https:\/\/www.europesays.com\/de\/wp-json\/wp\/v2\/categories?post=816695"},{"taxonomy":"post_tag","embeddable":true,"href":"https:\/\/www.europesays.com\/de\/wp-json\/wp\/v2\/tags?post=816695"}],"curies":[{"name":"wp","href":"https:\/\/api.w.org\/{rel}","templated":true}]}}