{"id":816935,"date":"2026-02-22T11:22:21","date_gmt":"2026-02-22T11:22:21","guid":{"rendered":"https:\/\/www.europesays.com\/de\/816935\/"},"modified":"2026-02-22T11:22:21","modified_gmt":"2026-02-22T11:22:21","slug":"alle-infos-zur-naechsten-phase-fuer-neue-arena","status":"publish","type":"post","link":"https:\/\/www.europesays.com\/de\/816935\/","title":{"rendered":"Alle Infos zur n\u00e4chsten Phase f\u00fcr neue Arena"},"content":{"rendered":"<p>Frankfurter Arena <\/p>\n<p>&#8222;Meilenstein&#8220; f\u00fcr neue Multifunktionshalle am Stadion<\/p>\n<p>Aktualisiert am 22.02.2026 &#8211; 11:13 UhrLesedauer: 2 Min.<\/p>\n<p><a href=\"#focus-0\" class=\"transition-colors duration-200 block text-current relative\" data-sctrack=\"FocusGalleryImage.Reference\"><img fetchpriority=\"high\" data-testid=\"Opener.Image\" style=\"--lqipURL:url('https:\/\/images.t-online.de\/2026\/02\/7URmNdczHqPL\/0x87:1200x675\/fit-in\/150x0\/filters:blur(25)\/visualisierung-der-geplanten-multifunktionshalle-am-frankfurter-waldstadion.webp')\"   loading=\"eager\" src=\"https:\/\/www.europesays.com\/de\/wp-content\/uploads\/2026\/02\/visualisierung-der-geplanten-multifunktionshalle-am-frankfurter-waldstadion.webp.webp\" alt=\"Visualisierung der geplanten Multifunktionshalle am Frankfurter Waldstadion.\" title=\"Visualisierung der geplanten Multifunktionshalle am Frankfurter Waldstadion.\" width=\"1200\" height=\"675\" class=\"bg-[url:var(--lqipURL)] bg-cover bg-center flex h-full w-full max-w-full\" decoding=\"async\"\/><img style=\"--width:32;--height:32\" loading=\"lazy\" src=\"https:\/\/frankfurt.t-online.de\/s\/paper\/_next\/static\/media\/zoom-in.f7dae02f.svg\" alt=\"Vergr\u00f6\u00dfern des Bildes\" title=\"Vergr\u00f6\u00dfern des Bildes\" class=\"block h-[calc(var(--height)_\/_16_*_1rem)] w-[calc(var(--width)_\/_16_*_1rem)] max-w-none absolute bottom-8 right-8 rounded-4 bg-snow p-8\" decoding=\"async\"\/><\/a><\/p>\n<p>Visualisierung der geplanten Multifunktionshalle am Frankfurter Waldstadion. (Quelle: AS+P)<\/p>\n<p class=\"font-bold text-18 leading-17 user-text-lg:text-22 user-text-xl:text-24\">Die geplante Multifunktionsarena am Stadion kommt voran. Nun beginnt eine entscheidende Phase f\u00fcr das Millionenprojekt.<\/p>\n<p class=\"text-18 leading-17 user-text-lg:text-22 user-text-xl:text-24\">Die geplante Multifunktionsarena im Frankfurter Stadtwald nimmt die n\u00e4chste H\u00fcrde. Die Sportpark Stadion GmbH (SSF) hat die europaweite Ausschreibung f\u00fcr die Generalplanungsleistungen ver\u00f6ffentlicht. Damit sei ein weiterer &#8222;Meilenstein&#8220; auf dem Weg zur m\u00f6glichen Realisierung erreicht, teilte die Stadt mit.<\/p>\n<p class=\"text-18 leading-17 user-text-lg:text-22 user-text-xl:text-24\">Konkret geht es zun\u00e4chst um die Grundlagenermittlung und die Vorplanung. In diesem Schritt sollen die konzeptionellen, funktionalen und wirtschaftlichen Grundlagen der Arena erarbeitet werden. Ziel ist es, eine belastbare Entscheidungsbasis f\u00fcr die weiteren politischen und finanziellen Schritte zu schaffen. Die Vergabe der Planungsleistungen ist f\u00fcr Juli 2026 vorgesehen.<\/p>\n<p class=\"text-18 leading-17 user-text-lg:text-22 user-text-xl:text-24\">Geplant ist eine Halle mit 12.000 bis 13.000 Pl\u00e4tzen im Sportbetrieb. Bei Konzerten soll die Kapazit\u00e4t auf bis zu 15.200 Besucher steigen k\u00f6nnen. K\u00fcnftig k\u00f6nnten dort unter anderem Basketball-, Handball- oder Eishockeyspiele sowie Konzerte, Shows und Kongresse stattfinden. F\u00fcr die Skyliners und die L\u00f6wen Frankfurt soll die Arena langfristige Perspektiven bieten.<\/p>\n<p class=\"text-18 leading-17 user-text-lg:text-22 user-text-xl:text-24\">Die Baukosten werden auf rund 256 Millionen Euro gesch\u00e4tzt. Laut Beschlusslage soll die Investition \u00fcberwiegend \u00fcber Einnahmen aus Vermietung oder Verpachtung refinanziert werden.<\/p>\n<p class=\"text-18 leading-17 user-text-lg:text-22 user-text-xl:text-24\">Kritisch diskutiert wurde die Verkehrssituation im Frankfurter S\u00fcden. Bei parallelen Veranstaltungen im Stadion und in der neuen Halle drohen zus\u00e4tzliche Belastungen. Die Stadtverordneten haben deshalb festgelegt, dass die notwendige Ert\u00fcchtigung der Infrastruktur mitgeplant und Eingriffe in Natur und Bannwald m\u00f6glichst vermieden werden sollen.<\/p>\n","protected":false},"excerpt":{"rendered":"Frankfurter Arena &#8222;Meilenstein&#8220; f\u00fcr neue Multifunktionshalle am Stadion Aktualisiert am 22.02.2026 &#8211; 11:13 UhrLesedauer: 2 Min. Visualisierung der&hellip;\n","protected":false},"author":2,"featured_media":816936,"comment_status":"","ping_status":"","sticky":false,"template":"","format":"standard","meta":{"footnotes":"","_share_on_mastodon":"0"},"categories":[1829],"tags":[522,3092,2294,3307,29,2050,2051,30,2052,56506,47182,64720,86485,37805,38500],"class_list":["post-816935","post","type-post","status-publish","format-standard","has-post-thumbnail","category-frankfurt-am-main","tag-522","tag-3092","tag-bank","tag-deutsche-bank","tag-deutschland","tag-frankfurt","tag-frankfurt-am-main","tag-germany","tag-hessen","tag-meilenstein","tag-millionenprojekt","tag-multifunktionsarena","tag-multifunktionshalle","tag-visualisierung","tag-waldstadion"],"share_on_mastodon":{"url":"https:\/\/pubeurope.com\/@de\/116114027188326347","error":""},"_links":{"self":[{"href":"https:\/\/www.europesays.com\/de\/wp-json\/wp\/v2\/posts\/816935","targetHints":{"allow":["GET"]}}],"collection":[{"href":"https:\/\/www.europesays.com\/de\/wp-json\/wp\/v2\/posts"}],"about":[{"href":"https:\/\/www.europesays.com\/de\/wp-json\/wp\/v2\/types\/post"}],"author":[{"embeddable":true,"href":"https:\/\/www.europesays.com\/de\/wp-json\/wp\/v2\/users\/2"}],"replies":[{"embeddable":true,"href":"https:\/\/www.europesays.com\/de\/wp-json\/wp\/v2\/comments?post=816935"}],"version-history":[{"count":0,"href":"https:\/\/www.europesays.com\/de\/wp-json\/wp\/v2\/posts\/816935\/revisions"}],"wp:featuredmedia":[{"embeddable":true,"href":"https:\/\/www.europesays.com\/de\/wp-json\/wp\/v2\/media\/816936"}],"wp:attachment":[{"href":"https:\/\/www.europesays.com\/de\/wp-json\/wp\/v2\/media?parent=816935"}],"wp:term":[{"taxonomy":"category","embeddable":true,"href":"https:\/\/www.europesays.com\/de\/wp-json\/wp\/v2\/categories?post=816935"},{"taxonomy":"post_tag","embeddable":true,"href":"https:\/\/www.europesays.com\/de\/wp-json\/wp\/v2\/tags?post=816935"}],"curies":[{"name":"wp","href":"https:\/\/api.w.org\/{rel}","templated":true}]}}