{"id":817063,"date":"2026-02-22T12:31:19","date_gmt":"2026-02-22T12:31:19","guid":{"rendered":"https:\/\/www.europesays.com\/de\/817063\/"},"modified":"2026-02-22T12:31:19","modified_gmt":"2026-02-22T12:31:19","slug":"42-jaehriger-aus-werne-in-gelsenkirchen-erwischt","status":"publish","type":"post","link":"https:\/\/www.europesays.com\/de\/817063\/","title":{"rendered":"42-J\u00e4hriger aus Werne in Gelsenkirchen erwischt"},"content":{"rendered":"<p>\t\tMehrere hundert Gramm Drogen im Gep\u00e4ck<br \/>\n\t\t\t\t\t42-J\u00e4hriger aus Werne in Gelsenkirchen erwischt<\/p>\n<p>    <a href=\"https:\/\/www.ruhrnachrichten.de\/wp-content\/uploads\/2026\/02\/22\/12\/630_0900_5811224_-1648x824.jpg\" rel=\"nofollow noopener\" target=\"_blank\"><\/p>\n<p>            <img loading=\"lazy\" decoding=\"async\" src=\"https:\/\/www.europesays.com\/de\/wp-content\/uploads\/2026\/02\/630_0900_5811223_-640x428.jpg\" width=\"640\" height=\"428\"  alt=\"Auf der Klinge eines Messers haftet eine wei\u00dfe, pulverf\u00f6rmige Substanz. Im unscharfen Hintergrund liegt ein gr\u00f6\u00dferer Haufen desselben Pulvers auf einer gr\u00fcnen Unterlage, eine h\u00e4ufige Darstellung im Kontext von Bet\u00e4ubungsmitteln.\"\/><\/p>\n<p>    <\/a><br \/>\n    Mit mehreren hundert Gramm Drogen ist ein Mann aus Werne in Gelsenkirchen erwischt worden (Symbolbild). \u00a9 Marcus Brandt\/dpa<\/p>\n<p class=\"article__teaser-text\">Im Hauptbahnhof Gelsenkirchen entdeckte die Bundespolizei bei einer Kontrolle mutma\u00dfliche Drogen. Ein 42-J\u00e4hriger geriet ins Visier der Ermittler.<\/p>\n<p>1 Min Lesezeit<\/p>\n<p>Wohnung in Werne durchsucht<\/p>\n","protected":false},"excerpt":{"rendered":"Mehrere hundert Gramm Drogen im Gep\u00e4ck 42-J\u00e4hriger aus Werne in Gelsenkirchen erwischt Mit mehreren hundert Gramm Drogen ist&hellip;\n","protected":false},"author":2,"featured_media":817064,"comment_status":"","ping_status":"","sticky":false,"template":"","format":"standard","meta":{"footnotes":"","_share_on_mastodon":"0"},"categories":[1834],"tags":[1950,3364,29,24885,3688,30,1209],"class_list":["post-817063","post","type-post","status-publish","format-standard","has-post-thumbnail","category-essen","tag-blaulicht","tag-de","tag-deutschland","tag-drogendelikt","tag-essen","tag-germany","tag-nordrhein-westfalen"],"share_on_mastodon":{"url":"https:\/\/pubeurope.com\/@de\/116114298507341913","error":""},"_links":{"self":[{"href":"https:\/\/www.europesays.com\/de\/wp-json\/wp\/v2\/posts\/817063","targetHints":{"allow":["GET"]}}],"collection":[{"href":"https:\/\/www.europesays.com\/de\/wp-json\/wp\/v2\/posts"}],"about":[{"href":"https:\/\/www.europesays.com\/de\/wp-json\/wp\/v2\/types\/post"}],"author":[{"embeddable":true,"href":"https:\/\/www.europesays.com\/de\/wp-json\/wp\/v2\/users\/2"}],"replies":[{"embeddable":true,"href":"https:\/\/www.europesays.com\/de\/wp-json\/wp\/v2\/comments?post=817063"}],"version-history":[{"count":0,"href":"https:\/\/www.europesays.com\/de\/wp-json\/wp\/v2\/posts\/817063\/revisions"}],"wp:featuredmedia":[{"embeddable":true,"href":"https:\/\/www.europesays.com\/de\/wp-json\/wp\/v2\/media\/817064"}],"wp:attachment":[{"href":"https:\/\/www.europesays.com\/de\/wp-json\/wp\/v2\/media?parent=817063"}],"wp:term":[{"taxonomy":"category","embeddable":true,"href":"https:\/\/www.europesays.com\/de\/wp-json\/wp\/v2\/categories?post=817063"},{"taxonomy":"post_tag","embeddable":true,"href":"https:\/\/www.europesays.com\/de\/wp-json\/wp\/v2\/tags?post=817063"}],"curies":[{"name":"wp","href":"https:\/\/api.w.org\/{rel}","templated":true}]}}