{"id":817469,"date":"2026-02-22T16:09:12","date_gmt":"2026-02-22T16:09:12","guid":{"rendered":"https:\/\/www.europesays.com\/de\/817469\/"},"modified":"2026-02-22T16:09:12","modified_gmt":"2026-02-22T16:09:12","slug":"01-in-wuppertal-fc-reserve-kassiert-niederlage-in-der-letzten-sekunde","status":"publish","type":"post","link":"https:\/\/www.europesays.com\/de\/817469\/","title":{"rendered":"0:1 in Wuppertal: FC-Reserve kassiert Niederlage in der letzten Sekunde"},"content":{"rendered":"<p class=\"dm-paragraph my-8 dm-article-content-width\" index=\"0\" should-collapse-on-mobile=\"true\" has-padding=\"\" data-v-4f99557a=\"\">In den Sekunden nach dem Abpfiff musste Evangelos Sbonias noch im Dauerregen erste mentale Aufbauarbeit auf dem Platz leisten: Die U-21-Fu\u00dfballer des 1. FC K\u00f6ln sackten entt\u00e4uscht auf den ramponierten Rasen im Stadion am Zoo, nachdem sie in letzter Sekunde den Gegentreffer zur 0:1-Niederlage in der Regionalliga West beim Wuppertaler SV kassiert hatten. Besonders bitter: Hinter den K\u00f6lnern lagen insgesamt 26 Minuten in personeller \u00dcberzahl. Es war die erste K\u00f6lner Niederlage im Jahr 2026 und die erste Nullnummer nach zuvor vier Spielen ohne Pleite.<\/p>\n<p class=\"dm-paragraph my-8 dm-article-content-width\" index=\"1\" should-collapse-on-mobile=\"true\" has-padding=\"\" data-v-4f99557a=\"\">Beim letzten Angriff des Tages drang Amin Bouzraa \u00fcber die linke K\u00f6lner Abwehrseite in den Sechzehner ein, ein Mitspieler war nicht in Sicht und der WSV-Joker somit auf sich allein gestellt. Mikail \u00d6zkan ging nicht mit letzter Konsequenz in den Zweikampf, um eine Flanke verhindern zu k\u00f6nnen, hatte jedoch noch genug Teamkollegen neben sich. Der Wuppertaler schlenzte den Ball mangels Alternativen in den Winkel zum 1:0 f\u00fcr den WSV.<\/p>\n<p>Kampf im Wuppertaler Dauerregen<\/p>\n<p class=\"dm-paragraph my-8 dm-article-content-width\" index=\"3\" should-collapse-on-mobile=\"true\" has-padding=\"\" data-v-4f99557a=\"\">\u201eWenn du in \u00dcberzahl in der 96. Minute so einen Nackenschlag mit so einem Traumtor kassierst, ist es nat\u00fcrlich bitter\u201c, \u00e4u\u00dferte ein entt\u00e4uschter Sbonias kurz nach dem Schlusspfiff und stellte fest: \u201eHeute ist viel von dem eingetroffen, was wir vorhergesagt haben. Das hat nichts mit einer Ausrede zu tun, aber es war klar, dass wir unser Spiel hier nicht w\u00fcrden aufziehen k\u00f6nnen. Es ist aber auch klar, dass wir innerhalb einer Woche nicht unsere kompletten Prinzipien \u00fcber Bord werfen und dann eine andere Fu\u00dfballmannschaft werden.\u201c<\/p>\n<p><a href=\"https:\/\/www.rundschau-online.de\/sport\/koelner-sport\/kommentar-zum-sc-fortuna-koeln-eine-hervorragende-ausgangslage-und-ein-herausragendes-team-3-1222200\" class=\"dm-imagefeat__imagecontainer dm-imagefeat relative\" aria-label=\"\" tabindex=\"-1\" data-v-ff299f7a=\"\" rel=\"nofollow noopener\" target=\"_blank\"><img decoding=\"async\" width=\"3514\" height=\"2342\" alt=\"13.02.2026, xKWIx, Fu\u00dfball, Regionalliga West, SC Fortuna K\u00f6ln - FC G\u00fctersloh, S\u00fcdstadion: Die K\u00f6lner freuen sich \u00fcber den Abpfiff und den Sieg Photo: xKamilxWilkowskixPressefotoKochx NRW Deutschland *** 13 02 2026, xKWIx, Football, Regionalliga West, SC Fortuna K\u00f6ln FC G\u00fctersloh, S\u00fcdstadion The Cologne players celebrate the final whistle and the victory Photo xKamilxWilkowskixPressefotoKochx NRW Germany\" loading=\"lazy\" onerror=\"this.setAttribute('data-error', 1)\" class=\"dm-imagefeat__image w-full aspect-square sm:aspect-auto aspect-video\" style=\"aspect-ratio:1;\" data-nuxt-pic=\"\" src=\"https:\/\/www.europesays.com\/de\/wp-content\/uploads\/2026\/02\/1771776552_27_3d416993-6402-407e-b126-66e1c785da26.jpeg\"  \/><\/a><\/p>\n<p class=\"dm-paragraph my-8 dm-article-content-width\" index=\"5\" should-collapse-on-mobile=\"true\" has-padding=\"\" data-v-4f99557a=\"\">Der WSV pr\u00e4sentierte sich wie erwartet sehr k\u00f6rperbetont und k\u00e4mpferisch auf einem im Dauerregen immer schwerer zu bespielenden Rasen. In der ersten H\u00e4lfte w\u00e4re der Au\u00dfenseiter sogar beinahe in F\u00fchrung gegangen. Wuppertals Josue Santo tauchte nach einem Pass in die Schnittstelle der Abwehr frei vor Luis Hauer auf und wurde vom K\u00f6lner Schlussmann unsanft abger\u00e4umt. Schiedsrichter Yannick Sager zeigte direkt auf den Elfmeterpunkt. Hauer, der den erkrankten Mikolaj Marutzki ersetzte, behielt gegen Aldin Dervisevic aber die Nerven, ahnte die vom Sch\u00fctzen aus gesehen rechte untere Ecke und wehrte den Strafsto\u00df zur Seite ab (24.).<\/p>\n<p>Wuppertal in der zweiten Halbzeit in Unterzahl<\/p>\n<p class=\"dm-paragraph my-8 dm-article-content-width\" index=\"7\" should-collapse-on-mobile=\"true\" has-padding=\"\" data-v-4f99557a=\"\">Auch im zweiten Durchgang blieb es eine umk\u00e4mpfte Partie. Der in der ersten H\u00e4lfte nach einem Schubser gegen Patrik Kristal verwarnte Josue Santo sah die Gelb-Rote Karte, weil er nach einem Pfiff des Schiedsrichters an der Mittellinie den Ball wegschoss (64.). Die Unterzahl war den Gastgebern kaum anzumerken. In der Schlussphase zitterte sogar das K\u00f6lner Geh\u00e4use, als Jeremy Aydogan einen platzierten Distanzschuss an den Pfosten setzte (78.).<\/p>\n<p class=\"dm-paragraph my-8 dm-article-content-width\" index=\"8\" should-collapse-on-mobile=\"true\" has-padding=\"\" data-v-4f99557a=\"\">Auf der Gegenseite schoss der eingewechselte Maik Akumu bei einem Konter am langen Eck vorbei und \u00fcbersah den mitgelaufenen Yacobi in der Mitte (80.). Kurz darauf vergab abermals Akumu, als Wuppertals Torwart Ngemba Luyambula den Schuss abwehrte (82.). Als alles nach einer gerechten Punkteteilung aussah, schlugen die Gastgeber zu.<\/p>\n","protected":false},"excerpt":{"rendered":"In den Sekunden nach dem Abpfiff musste Evangelos Sbonias noch im Dauerregen erste mentale Aufbauarbeit auf dem Platz&hellip;\n","protected":false},"author":2,"featured_media":817470,"comment_status":"","ping_status":"","sticky":false,"template":"","format":"standard","meta":{"footnotes":"","_share_on_mastodon":"0"},"categories":[1840],"tags":[3364,29,30,1209,4418],"class_list":["post-817469","post","type-post","status-publish","format-standard","has-post-thumbnail","category-wuppertal","tag-de","tag-deutschland","tag-germany","tag-nordrhein-westfalen","tag-wuppertal"],"share_on_mastodon":{"url":"https:\/\/pubeurope.com\/@de\/116115155559675466","error":""},"_links":{"self":[{"href":"https:\/\/www.europesays.com\/de\/wp-json\/wp\/v2\/posts\/817469","targetHints":{"allow":["GET"]}}],"collection":[{"href":"https:\/\/www.europesays.com\/de\/wp-json\/wp\/v2\/posts"}],"about":[{"href":"https:\/\/www.europesays.com\/de\/wp-json\/wp\/v2\/types\/post"}],"author":[{"embeddable":true,"href":"https:\/\/www.europesays.com\/de\/wp-json\/wp\/v2\/users\/2"}],"replies":[{"embeddable":true,"href":"https:\/\/www.europesays.com\/de\/wp-json\/wp\/v2\/comments?post=817469"}],"version-history":[{"count":0,"href":"https:\/\/www.europesays.com\/de\/wp-json\/wp\/v2\/posts\/817469\/revisions"}],"wp:featuredmedia":[{"embeddable":true,"href":"https:\/\/www.europesays.com\/de\/wp-json\/wp\/v2\/media\/817470"}],"wp:attachment":[{"href":"https:\/\/www.europesays.com\/de\/wp-json\/wp\/v2\/media?parent=817469"}],"wp:term":[{"taxonomy":"category","embeddable":true,"href":"https:\/\/www.europesays.com\/de\/wp-json\/wp\/v2\/categories?post=817469"},{"taxonomy":"post_tag","embeddable":true,"href":"https:\/\/www.europesays.com\/de\/wp-json\/wp\/v2\/tags?post=817469"}],"curies":[{"name":"wp","href":"https:\/\/api.w.org\/{rel}","templated":true}]}}