{"id":817505,"date":"2026-02-22T16:32:13","date_gmt":"2026-02-22T16:32:13","guid":{"rendered":"https:\/\/www.europesays.com\/de\/817505\/"},"modified":"2026-02-22T16:32:13","modified_gmt":"2026-02-22T16:32:13","slug":"dresden-pillnitz-vw-kracht-gegen-baum","status":"publish","type":"post","link":"https:\/\/www.europesays.com\/de\/817505\/","title":{"rendered":"Dresden-Pillnitz: VW kracht gegen Baum"},"content":{"rendered":"<p>Schutzengel<\/p>\n<p>Dresden-Pillnitz: VW kracht gegen Baum &#8211; Fahrer klettert aus v\u00f6llig zerst\u00f6rtem Fahrzeug<\/p>\n<p><img decoding=\"async\" alt=\"Aus diesem v\u00f6llig zerst\u00f6rten Fahrzeug kletterte der Fahrer noch selbst heraus.\" fetchpriority=\"high\"  src=\"https:\/\/www.europesays.com\/de\/wp-content\/uploads\/2026\/02\/NDKDFCVYCNB6DGEICZ2FH23N3U.jpg\" \/><\/p>\n<p class=\"Textstyled__Text-sc-1cqv9mi-0 cLyiiX ArticleHeadstyled__ArticleSubHeadline-sc-tdzyy5-11 fXdZot\">Nach einem schweren Unfall in Pillnitz kletterte ein Autofahrer aus seinem v\u00f6llig zerst\u00f6rten Wagen. Der Mann war mit dem Wagen von der Stra\u00dfe abgekommen, gegen eine Baum gekracht und Meter weit geschleudert.<\/p>\n<p class=\"Textstyled__Text-sc-1cqv9mi-0 cLyiiX\">Dresden. Gl\u00fcck im Ungl\u00fcck am fr\u00fchen Sonntagmorgen auf der Lohmener Stra\u00dfe in Dresden-Pillnitz. Gegen 6.50 Uhr war dort ein 36-j\u00e4hriger Fahrer eines VW in Richtung Oberpoyritz\/Pirna unterwegs. Nach einer leichten Linkskurve kam er nach Links von der Stra\u00dfe ab.<\/p>\n<p>Weiterlesen nach der Anzeige<\/p>\n<p>Weiterlesen nach der Anzeige<\/p>\n<p class=\"Textstyled__Text-sc-1cqv9mi-0 cLyiiX\">Das Fahrzeug krachte frontal gegen einen Stra\u00dfenbaum. Anschlie\u00dfend fuhr der Wagen die B\u00f6schung hinab. Bereits beim Aufprall und w\u00e4hrend der weiteren Fahrt l\u00f6sten sich zahlreiche Fahrzeugteile, Tr\u00fcmmer flogen umher. Unten an der B\u00f6schung durchbrach der Wagen einen Zaun und setzte seine unkontrollierte Fahrt fort. Schlie\u00dflich blieb das v\u00f6llig zerst\u00f6rte Auto auf einer angrenzenden Wiese auf der Fahrerseite liegen \u2013 rund 50 Meter vom Baum entfernt.<\/p>\n<p class=\"Textstyled__Text-sc-1cqv9mi-0 cLyiiX\">Der Frontbereich wurde vollst\u00e4ndig zerst\u00f6rt, der Motor und Teile der Amateur aus dem Fahrzeug herausgerissen. Der getroffene Baum verlor durch die Wucht des Aufpralls seine Spitze. Trotz dieses schweren Unfallgeschehens konnte der 36-J\u00e4hrige eigenst\u00e4ndig aus dem Wrack klettern. Ein vorbeifahrender Autofahrer wurde auf die Szene aufmerksam und leistete sofort Hilfe. Rettungsdienst, Feuerwehr und Polizei wurden alarmiert. Der Verletzte wurde zur weiteren Behandlung in ein Krankenhaus gebracht. Der Verkehrsunfalldienst der Polizeidirektion Dresden nahm den Unfall auf. Die Lohmener Stra\u00dfe war zeitweise voll gesperrt, sp\u00e4ter wurde der Verkehr an der Unfallstelle vorbeigeleitet. Der entstandene Sachschaden wird auf rund 30.000 Euro gesch\u00e4tzt.<\/p>\n<p class=\"Editorialstyled__Editorial-sc-1bfvh9l-0 cSmjnJ\">DNN<\/p>\n","protected":false},"excerpt":{"rendered":"Schutzengel Dresden-Pillnitz: VW kracht gegen Baum &#8211; Fahrer klettert aus v\u00f6llig zerst\u00f6rtem Fahrzeug Nach einem schweren Unfall in&hellip;\n","protected":false},"author":2,"featured_media":817506,"comment_status":"","ping_status":"","sticky":false,"template":"","format":"standard","meta":{"footnotes":"","_share_on_mastodon":"0"},"categories":[1835],"tags":[3364,29,2386,30,859],"class_list":["post-817505","post","type-post","status-publish","format-standard","has-post-thumbnail","category-dresden","tag-de","tag-deutschland","tag-dresden","tag-germany","tag-sachsen"],"share_on_mastodon":{"url":"https:\/\/pubeurope.com\/@de\/116115245910975662","error":""},"_links":{"self":[{"href":"https:\/\/www.europesays.com\/de\/wp-json\/wp\/v2\/posts\/817505","targetHints":{"allow":["GET"]}}],"collection":[{"href":"https:\/\/www.europesays.com\/de\/wp-json\/wp\/v2\/posts"}],"about":[{"href":"https:\/\/www.europesays.com\/de\/wp-json\/wp\/v2\/types\/post"}],"author":[{"embeddable":true,"href":"https:\/\/www.europesays.com\/de\/wp-json\/wp\/v2\/users\/2"}],"replies":[{"embeddable":true,"href":"https:\/\/www.europesays.com\/de\/wp-json\/wp\/v2\/comments?post=817505"}],"version-history":[{"count":0,"href":"https:\/\/www.europesays.com\/de\/wp-json\/wp\/v2\/posts\/817505\/revisions"}],"wp:featuredmedia":[{"embeddable":true,"href":"https:\/\/www.europesays.com\/de\/wp-json\/wp\/v2\/media\/817506"}],"wp:attachment":[{"href":"https:\/\/www.europesays.com\/de\/wp-json\/wp\/v2\/media?parent=817505"}],"wp:term":[{"taxonomy":"category","embeddable":true,"href":"https:\/\/www.europesays.com\/de\/wp-json\/wp\/v2\/categories?post=817505"},{"taxonomy":"post_tag","embeddable":true,"href":"https:\/\/www.europesays.com\/de\/wp-json\/wp\/v2\/tags?post=817505"}],"curies":[{"name":"wp","href":"https:\/\/api.w.org\/{rel}","templated":true}]}}