{"id":817607,"date":"2026-02-22T17:29:21","date_gmt":"2026-02-22T17:29:21","guid":{"rendered":"https:\/\/www.europesays.com\/de\/817607\/"},"modified":"2026-02-22T17:29:21","modified_gmt":"2026-02-22T17:29:21","slug":"einzigartig-organisatoren-krempeln-stadtfest-haller-willem-komplett-um-haller-kreisblatt","status":"publish","type":"post","link":"https:\/\/www.europesays.com\/de\/817607\/","title":{"rendered":"Einzigartig: Organisatoren krempeln Stadtfest Haller Willem komplett um | Haller Kreisblatt"},"content":{"rendered":"<p id=\"absatz1\" class=\"em_text\">Halle. Die 24. Auflage des Stadtfestes Haller Willem im Mai wird ganz anders sein als die 23 Veranstaltungen zuvor. Grund daf\u00fcr ist aber nicht, dass das bisherige Konzept gescheitert ist. Vielmehr liegt es daran, dass die gewohnten Veranstaltungsorte in diesem Jahr nicht zur Verf\u00fcgung stehen. Aufgrund der Baustelle Lange Stra\u00dfe kann die Bahnhofstra\u00dfe in diesem Jahr nicht gesperrt werden. Normalerweise schl\u00e4ngelt sich dort das Geschehen entlang und verbindet den alten Busbahnhof mit dem Ronchin-Platz.<\/p>\n<p id=\"absatz2\" class=\"em_text\">\u201eWir verlegen daher das Hauptgeschehen auf den alten Busbahnhof\u201c, teilte Jana Wieking vom Haller Stadtmarketingteam in der j\u00fcngsten Sitzung des Ausschusses f\u00fcr Kultur und Tourismus mit. Die Baustelle sei die Chance f\u00fcr ein neues Konzept und damit verbunden sei auch ein neuer Name. \u201eDas Fest hei\u00dft in diesem Jahr \u2019Beach &amp; Bonjour &#8211; Haller Stadtfest Haller Willem einmalig anders!\u2019\u201c, sagte Wieking.<\/p>\n<p id=\"absatz3\" class=\"em_text\">Begr\u00fcndet liegt der Name darin, dass auf dem Busbahnhof ein k\u00fcnstlicher Sandstrand aufgesch\u00fcttet wird und auf dem Ronchin-Platz ein franz\u00f6sischer Markt stattfindet. Damit gibt es zwei Hauptveranstaltungsorte in der Stadt, zudem gibt es einzelne Aktionen in der Innenstadt. Zwischen den beiden zentralen Punkten bringt eine Bimmelbahn die Besucher kostenlos von A nach B.<\/p>\n<p>Haller Stadtfest dauert in diesem Jahr doppelt so lang<\/p>\n<p class=\"em_text\">Die Hauptveranstaltungstage werden wie gewohnt der Mittwoch und der Donnerstag (Christi Himmelfahrt) sein. Allerdings kommen in diesem Jahr noch Freitag und Samstag hinzu, sodass das Stadtfest vom 13. bis zum 16. Mai andauert. Wie gewohnt sind auch wieder alle Haller Vereine mit dabei.<\/p>\n<p id=\"absatz5\"><b class=\"bold\">Lesen Sie auch:<\/b> <a href=\"https:\/\/www.haller-kreisblatt.de\/lokal\/halle\/24109255_Trommelkunst-und-Huepfburgen-Die-Highlights-beim-Stadtfest-Haller-Willem.html\" rel=\"nofollow noopener\" target=\"_blank\">Die Highlights beim Stadtfest 2025<\/a><\/p>\n<p id=\"absatz6\" class=\"em_text\">\u201eDa es bereits Nachfragen gab, stelle ich hier noch einmal klar, dass dies eine einmalige Ausnahme ist\u201c, erkl\u00e4rte Alexander L\u00f6hner, Leiter des Fachbereichs B\u00fcrgerdienste. Im Jahr 2027 wird die Jubil\u00e4umsausgabe wieder so ablaufen wie in all den Jahren zuvor. \u201eDieses Stadtfest ist eine Marke, die wir nicht besch\u00e4digen wollen\u201c, sagte L\u00f6hner.<\/p>\n<p id=\"absatz7\"><b class=\"bold\">Aktuelle News bekommen Sie t\u00e4glich \u00fcber den <\/b><a href=\"https:\/\/whatsapp.com\/channel\/0029VagU0FW1SWsxhmHz2v0q\" rel=\"noopener nofollow\" target=\"_blank\">WhatsApp-Kanal des HK<\/a> <\/p>\n","protected":false},"excerpt":{"rendered":"Halle. Die 24. Auflage des Stadtfestes Haller Willem im Mai wird ganz anders sein als die 23 Veranstaltungen&hellip;\n","protected":false},"author":2,"featured_media":817608,"comment_status":"","ping_status":"","sticky":false,"template":"","format":"standard","meta":{"footnotes":"","_share_on_mastodon":"0"},"categories":[1841],"tags":[26359,183437,22422,1605,103287,3364,29,30,183438,1611,1606,734,19081,164252,9312,1613,1209,52700],"class_list":["post-817607","post","type-post","status-publish","format-standard","has-post-thumbnail","category-bielefeld","tag-stadtfest","tag-b-haller","tag-bahnhofstrae","tag-bielefeld","tag-cnt_mittel","tag-de","tag-deutschland","tag-germany","tag-jana-wieking","tag-label_informiere-mich","tag-label_m-80","tag-meta_artikelklasse_nachricht","tag-meta_copyrights_hk","tag-meta_eo_zusammenfassung","tag-meta_themen_familie_bildung_freizeit","tag-meta_userneeds_informieremich","tag-nordrhein-westfalen","tag-ronchin-platz"],"share_on_mastodon":{"url":"https:\/\/pubeurope.com\/@de\/116115470184830748","error":""},"_links":{"self":[{"href":"https:\/\/www.europesays.com\/de\/wp-json\/wp\/v2\/posts\/817607","targetHints":{"allow":["GET"]}}],"collection":[{"href":"https:\/\/www.europesays.com\/de\/wp-json\/wp\/v2\/posts"}],"about":[{"href":"https:\/\/www.europesays.com\/de\/wp-json\/wp\/v2\/types\/post"}],"author":[{"embeddable":true,"href":"https:\/\/www.europesays.com\/de\/wp-json\/wp\/v2\/users\/2"}],"replies":[{"embeddable":true,"href":"https:\/\/www.europesays.com\/de\/wp-json\/wp\/v2\/comments?post=817607"}],"version-history":[{"count":0,"href":"https:\/\/www.europesays.com\/de\/wp-json\/wp\/v2\/posts\/817607\/revisions"}],"wp:featuredmedia":[{"embeddable":true,"href":"https:\/\/www.europesays.com\/de\/wp-json\/wp\/v2\/media\/817608"}],"wp:attachment":[{"href":"https:\/\/www.europesays.com\/de\/wp-json\/wp\/v2\/media?parent=817607"}],"wp:term":[{"taxonomy":"category","embeddable":true,"href":"https:\/\/www.europesays.com\/de\/wp-json\/wp\/v2\/categories?post=817607"},{"taxonomy":"post_tag","embeddable":true,"href":"https:\/\/www.europesays.com\/de\/wp-json\/wp\/v2\/tags?post=817607"}],"curies":[{"name":"wp","href":"https:\/\/api.w.org\/{rel}","templated":true}]}}