{"id":817794,"date":"2026-02-22T19:19:16","date_gmt":"2026-02-22T19:19:16","guid":{"rendered":"https:\/\/www.europesays.com\/de\/817794\/"},"modified":"2026-02-22T19:19:16","modified_gmt":"2026-02-22T19:19:16","slug":"neue-bahn-verbindung-von-dresden-nach-kopenhagen-verspaetet-sich-das-ist-der-grund","status":"publish","type":"post","link":"https:\/\/www.europesays.com\/de\/817794\/","title":{"rendered":"Neue Bahn-Verbindung von Dresden nach Kopenhagen versp\u00e4tet sich: Das ist der Grund"},"content":{"rendered":"<p>Dresden\/Kopenhagen &#8211; <strong>Zum 1. Mai sollte es losgehen, doch daraus wird nichts: Die geplante Direktverbindung zwischen Prag, <\/strong><a rel=\"nofollow noopener\" class=\"intern-link\" href=\"https:\/\/www.tag24.de\/dresden\" data-vars-href=\"https:\/\/www.tag24.de\/dresden\" data-vars-identifier=\"1771764207135\" data-vars-origin-id=\"1105\" data-vars- target=\"_blank\">Dresden<\/a><strong> und Kopenhagen kommt erst sp\u00e4ter.<\/strong><\/p>\n<p>            <img loading=\"lazy\" decoding=\"async\" class=\"article__img\" alt=\"Wegen Bauverz\u00f6gerungen k\u00f6nnen Fahrg\u00e4ste ab dem 1. Mai vorerst nicht umsteigefrei von Dresden nach Kopenhagen verreisen.\" width=\"951\" height=\"634\" src=\"https:\/\/www.europesays.com\/de\/wp-content\/uploads\/2026\/02\/s1ketlibvtmztrdg5mpd28odgvy8t6to.jpg\"  \/><\/p>\n<p>            Wegen Bauverz\u00f6gerungen k\u00f6nnen Fahrg\u00e4ste ab dem 1. Mai vorerst nicht umsteigefrei von Dresden nach Kopenhagen verreisen.\u00a0\u00a0\u00a9\u00a0\u010cesk\u00e9 Dr\u00e1hy\/PR<\/p>\n<p>Grund daf\u00fcr ist die Generalsanierung des Streckenabschnitts Berlin &#8211; Hamburg, die sich <a rel=\"nofollow noopener\" href=\"https:\/\/www.tag24.de\/thema\/deutsche-bahn\/bahnsanierung-hamburg-berlin-dauert-laenger-als-geplant-das-ist-der-grund-3470975\" data-vars-href=\"https:\/\/www.tag24.de\/thema\/deutsche-bahn\/bahnsanierung-hamburg-berlin-dauert-laenger-als-geplant-das-ist-der-grund-3470975\" data-vars-identifier=\"1771764207139\" data-aid=\"3470975\" data-vars-aid=\"3470975\" data-vars-url=\"https:\/\/www.tag24.de\/thema\/deutsche-bahn\/bahnsanierung-hamburg-berlin-dauert-laenger-als-geplant-das-ist-der-grund-3470975\" data-vars-aplacement=\"intext\" data-vars- target=\"_blank\">wegen eines kr\u00e4ftigen Wintereinbruchs<\/a> \u00fcber den 30. April hinaus auf unbestimmte Zeit verz\u00f6gert.<\/p>\n<p>Die l\u00e4nger andauernde Sperrphase wirkt sich dabei auch auf das neue Bahn-Angebot zwischen <a rel=\"nofollow noopener\" class=\"intern-link\" href=\"https:\/\/www.tag24.de\/sachsen\" data-vars-href=\"https:\/\/www.tag24.de\/sachsen\" data-vars-identifier=\"1771764207139\" data-vars-origin-id=\"490\" data-vars- target=\"_blank\">Sachsen<\/a> und D\u00e4nemark aus. F\u00fcr die vorgesehenen Fahrten bietet die Umleitungsstrecke keine Kapazit\u00e4t.<\/p>\n<p>Wann die ComfortJet-Z\u00fcge von \u010cesk\u00e9 Dr\u00e1hy bis nach Skandinavien rollen k\u00f6nnen, ist damit noch unklar. Den angepassten Zeitplan f\u00fcr die Bauarbeiten will der Bahnkonzern erst am 13. M\u00e4rz vorlegen.<\/p>\n<p>                             <a data-aid=\"3472175\" data-atype=\"news\" data-aplacement=\"inread-article\" data-aplacementid=\"3472906\" href=\"https:\/\/www.tag24.de\/dresden\/keine-foerderung-mehr-von-der-stadt-das-projekttheater-in-existenznot-3472175\" rel=\"nofollow noopener\" target=\"_blank\"><img loading=\"lazy\" decoding=\"async\" width=\"85\" height=\"57\" alt=\"Dresden: Keine F\u00f6rderung mehr von der Stadt: Das projekttheater in Existenznot\" src=\"https:\/\/www.europesays.com\/de\/wp-content\/uploads\/2026\/02\/1771787956_87_asajfd4oj8u0obu7a7jwdcmtw2eaqsjv.jpg\"\/><\/a><\/p>\n<p>            Dresden<br \/>\n                            <a class=\"inread-article__headline\" data-aid=\"3472175\" data-atype=\"news\" data-aplacement=\"inread-article\" data-aplacementid=\"3472906\" href=\"https:\/\/www.tag24.de\/dresden\/keine-foerderung-mehr-von-der-stadt-das-projekttheater-in-existenznot-3472175\" rel=\"nofollow noopener\" target=\"_blank\">Keine F\u00f6rderung mehr von der Stadt: Das projekttheater in Existenznot<\/a><\/p>\n<p>Noch sind Tickets f\u00fcr die Direktverbindungen mit Startdatum 1. Mai auf der DB-Website und im Navigator erh\u00e4ltlich. Eine Aktualisierung k\u00f6nne aber erst erfolgen, wenn das weitere Fahrplankonzept feststeht, so das Unternehmen.<\/p>\n<p><strong>Die Reisezeit von Dresden nach Kopenhagen betr\u00e4gt k\u00fcnftig 8 Stunden und 45 Minuten. Es wird t\u00e4glich zwei Fahrten pro Richtung (ab Dresden um 8.53 Uhr und 12.53 Uhr, ab Kopenhagen 6.22 Uhr und 10.22 Uhr) geben. Im Sommer soll zudem ein Nachtzug (Dresden ab: 18.53 Uhr, Kopenhagen ab: 23.35 Uhr) das Angebot erg\u00e4nzen.<\/strong><\/p>\n","protected":false},"excerpt":{"rendered":"Dresden\/Kopenhagen &#8211; Zum 1. Mai sollte es losgehen, doch daraus wird nichts: Die geplante Direktverbindung zwischen Prag, Dresden&hellip;\n","protected":false},"author":2,"featured_media":817795,"comment_status":"","ping_status":"","sticky":false,"template":"","format":"standard","meta":{"footnotes":"","_share_on_mastodon":"0"},"categories":[1835],"tags":[3364,29,2386,30,859],"class_list":["post-817794","post","type-post","status-publish","format-standard","has-post-thumbnail","category-dresden","tag-de","tag-deutschland","tag-dresden","tag-germany","tag-sachsen"],"share_on_mastodon":{"url":"https:\/\/pubeurope.com\/@de\/116115902900941077","error":""},"_links":{"self":[{"href":"https:\/\/www.europesays.com\/de\/wp-json\/wp\/v2\/posts\/817794","targetHints":{"allow":["GET"]}}],"collection":[{"href":"https:\/\/www.europesays.com\/de\/wp-json\/wp\/v2\/posts"}],"about":[{"href":"https:\/\/www.europesays.com\/de\/wp-json\/wp\/v2\/types\/post"}],"author":[{"embeddable":true,"href":"https:\/\/www.europesays.com\/de\/wp-json\/wp\/v2\/users\/2"}],"replies":[{"embeddable":true,"href":"https:\/\/www.europesays.com\/de\/wp-json\/wp\/v2\/comments?post=817794"}],"version-history":[{"count":0,"href":"https:\/\/www.europesays.com\/de\/wp-json\/wp\/v2\/posts\/817794\/revisions"}],"wp:featuredmedia":[{"embeddable":true,"href":"https:\/\/www.europesays.com\/de\/wp-json\/wp\/v2\/media\/817795"}],"wp:attachment":[{"href":"https:\/\/www.europesays.com\/de\/wp-json\/wp\/v2\/media?parent=817794"}],"wp:term":[{"taxonomy":"category","embeddable":true,"href":"https:\/\/www.europesays.com\/de\/wp-json\/wp\/v2\/categories?post=817794"},{"taxonomy":"post_tag","embeddable":true,"href":"https:\/\/www.europesays.com\/de\/wp-json\/wp\/v2\/tags?post=817794"}],"curies":[{"name":"wp","href":"https:\/\/api.w.org\/{rel}","templated":true}]}}