{"id":817935,"date":"2026-02-22T20:40:21","date_gmt":"2026-02-22T20:40:21","guid":{"rendered":"https:\/\/www.europesays.com\/de\/817935\/"},"modified":"2026-02-22T20:40:21","modified_gmt":"2026-02-22T20:40:21","slug":"auto-kracht-in-dresden-pillnitz-frontal-gegen-baum-fahrzeug-voellig-zerstoert","status":"publish","type":"post","link":"https:\/\/www.europesays.com\/de\/817935\/","title":{"rendered":"Auto kracht in Dresden-Pillnitz frontal gegen Baum: Fahrzeug v\u00f6llig zerst\u00f6rt"},"content":{"rendered":"<p>Tr\u00fcmmerteile in der B\u00f6schung<\/p>\n<p>Auto kracht in Dresden-Pillnitz frontal gegen Baum\u00a0\u2013 Fahrzeug v\u00f6llig zerst\u00f6rt<\/p>\n<p><img decoding=\"async\" alt=\"Ein Abschleppunternehmen musste den v\u00f6llig zerst\u00f6rten Golf bergen.\" fetchpriority=\"high\"  src=\"https:\/\/www.europesays.com\/de\/wp-content\/uploads\/2026\/02\/1771792821_302_V2XIOMUGAJEHDJ7MN7FA3X6VRI.jpg\" \/><\/p>\n<p class=\"Textstyled__Text-sc-1cqv9mi-0 dKgfuR ArticleHeadstyled__ArticleSubHeadline-sc-tdzyy5-11 fXdZot\">In Dresden-Pillnitz kam ein Autofahrer am Sonntagmorgen von der Stra\u00dfe ab und prallte gegen einen Baum. Trotz der Zerst\u00f6rung konnte der 36-J\u00e4hrige selbstst\u00e4ndig das Wrack verlassen. Die Ermittlungen zur Unfallursache laufen.<\/p>\n<p class=\"Textstyled__Text-sc-1cqv9mi-0 dKgfuR\">Dresden. Gl\u00fcck im Ungl\u00fcck am fr\u00fchen Sonntagmorgen auf der Lohmener Stra\u00dfe in Dresden-Pillnitz: Gegen 6.50 Uhr kam ein 36-j\u00e4hriger Fahrer eines schwarzen VW Tiguan von der Fahrbahn ab. <\/p>\n<p>Weiterlesen nach der Anzeige<\/p>\n<p>Weiterlesen nach der Anzeige<\/p>\n<p class=\"Textstyled__Text-sc-1cqv9mi-0 dKgfuR\">Von Pillnitz kommend fuhr er in Richtung Oberpoyritz und Pirna. Nach einer leichten Linkskurve kam er nach links von der Stra\u00dfe ab. Das Fahrzeug krachte frontal gegen einen Stra\u00dfenbaum. Anschlie\u00dfend fuhr der Wagen die B\u00f6schung hinab. Bereits beim Aufprall und w\u00e4hrend der weiteren Fahrt l\u00f6sten sich zahlreiche Fahrzeugteile, Tr\u00fcmmer flogen umher. <\/p>\n<p class=\"Textstyled__Text-sc-1cqv9mi-0 dKgfuR\">Unten an der B\u00f6schung durchbrach das Auto einen Zaun und setzte seine unkontrollierte Fahrt fort. Schlie\u00dflich blieb das v\u00f6llig zerst\u00f6rte Auto auf einer angrenzenden Wiese auf der Fahrerseite liegen \u2013 rund 20 Meter von der Fahrbahn entfernt. Die Spuren des Unfalls ziehen sich jedoch deutlich weiter: Vom Baum bis zur Endlage des Fahrzeugs erstreckt sich die Unfallstrecke \u00fcber sch\u00e4tzungsweise 50 Meter. Der Frontbereich wurde vollst\u00e4ndig zerst\u00f6rt. <\/p>\n<p>36-J\u00e4hriger kann Wrack selbst verlassen<\/p>\n<p class=\"Textstyled__Text-sc-1cqv9mi-0 dKgfuR\">Trotz dieses schweren Unfallgeschehens konnte der 36-J\u00e4hrige eigenst\u00e4ndig aus dem Wrack klettern. Ein vorbeifahrender Autofahrer wurde auf die Szene aufmerksam und leistete sofort Hilfe. Rettungsdienst, Feuerwehr und Polizei wurden alarmiert. <\/p>\n<p>Weiterlesen nach der Anzeige<\/p>\n<p>Weiterlesen nach der Anzeige<\/p>\n<p class=\"Textstyled__Text-sc-1cqv9mi-0 dKgfuR\">Der Verletzte wurde zur weiteren Behandlung in ein Krankenhaus gebracht. Im Einsatz waren die Freiwillige Feuerwehr Dresden-Pillnitz sowie die hauptamtlichen Kr\u00e4fte der Feuerwache Dresden-Striesen. Sie sicherten die Unfallstelle, r\u00e4umten Tr\u00fcmmerteile und reinigten die Fahrbahn, da Betriebsstoffe ausgelaufen waren. <\/p>\n<p class=\"Textstyled__Text-sc-1cqv9mi-0 dKgfuR\">Die Lohmener Stra\u00dfe war zeitweise voll gesperrt, sp\u00e4ter wurde der Verkehr an der Unfallstelle vorbeigeleitet. Der entstandene Sachschaden wird auf rund 30.000 Euro gesch\u00e4tzt. Gegen 11 Uhr war die Stra\u00dfe wieder vollst\u00e4ndig freigegeben. Die Polizei ermittelt nun zur genauen Unfallursache.<\/p>\n<p class=\"Textstyled__Text-sc-1cqv9mi-0 dKgfuR\"><b>Anmerkung der Redaktion: <\/b>In einer ersten Version des Textes hie\u00df es, es habe sich bei dem Unfallwagen um einen Golf gehandelt. Dies ist falsch. Wir haben den Text entsprechend korrigiert und bitten, den Fehler zu entschuldigen.<\/p>\n<p class=\"Editorialstyled__Editorial-sc-1bfvh9l-0 cSmjnJ\">SZ<\/p>\n","protected":false},"excerpt":{"rendered":"Tr\u00fcmmerteile in der B\u00f6schung Auto kracht in Dresden-Pillnitz frontal gegen Baum\u00a0\u2013 Fahrzeug v\u00f6llig zerst\u00f6rt In Dresden-Pillnitz kam ein&hellip;\n","protected":false},"author":2,"featured_media":817207,"comment_status":"","ping_status":"","sticky":false,"template":"","format":"standard","meta":{"footnotes":"","_share_on_mastodon":"0"},"categories":[1835],"tags":[3364,29,2386,30,859],"class_list":["post-817935","post","type-post","status-publish","format-standard","has-post-thumbnail","category-dresden","tag-de","tag-deutschland","tag-dresden","tag-germany","tag-sachsen"],"share_on_mastodon":{"url":"https:\/\/pubeurope.com\/@de\/116116221308583860","error":""},"_links":{"self":[{"href":"https:\/\/www.europesays.com\/de\/wp-json\/wp\/v2\/posts\/817935","targetHints":{"allow":["GET"]}}],"collection":[{"href":"https:\/\/www.europesays.com\/de\/wp-json\/wp\/v2\/posts"}],"about":[{"href":"https:\/\/www.europesays.com\/de\/wp-json\/wp\/v2\/types\/post"}],"author":[{"embeddable":true,"href":"https:\/\/www.europesays.com\/de\/wp-json\/wp\/v2\/users\/2"}],"replies":[{"embeddable":true,"href":"https:\/\/www.europesays.com\/de\/wp-json\/wp\/v2\/comments?post=817935"}],"version-history":[{"count":0,"href":"https:\/\/www.europesays.com\/de\/wp-json\/wp\/v2\/posts\/817935\/revisions"}],"wp:featuredmedia":[{"embeddable":true,"href":"https:\/\/www.europesays.com\/de\/wp-json\/wp\/v2\/media\/817207"}],"wp:attachment":[{"href":"https:\/\/www.europesays.com\/de\/wp-json\/wp\/v2\/media?parent=817935"}],"wp:term":[{"taxonomy":"category","embeddable":true,"href":"https:\/\/www.europesays.com\/de\/wp-json\/wp\/v2\/categories?post=817935"},{"taxonomy":"post_tag","embeddable":true,"href":"https:\/\/www.europesays.com\/de\/wp-json\/wp\/v2\/tags?post=817935"}],"curies":[{"name":"wp","href":"https:\/\/api.w.org\/{rel}","templated":true}]}}