{"id":817949,"date":"2026-02-22T20:50:22","date_gmt":"2026-02-22T20:50:22","guid":{"rendered":"https:\/\/www.europesays.com\/de\/817949\/"},"modified":"2026-02-22T20:50:22","modified_gmt":"2026-02-22T20:50:22","slug":"bundesliga-xavi-simons-jubelt-ueber-gegentor-von-rb-leipzig-gegen-bvb-sport","status":"publish","type":"post","link":"https:\/\/www.europesays.com\/de\/817949\/","title":{"rendered":"Bundesliga: Xavi Simons jubelt \u00fcber Gegentor von RB Leipzig gegen BVB | Sport"},"content":{"rendered":"<p><a class=\"skip-content skip-content--link\" href=\"#in-content-skip-link-target-v-0-0\">TTS-Player \u00fcberspringen\u21b5<\/a><a id=\"in-content-skip-link-target-v-0-0\" class=\"skip-content--target-link-hidden skip-content skip-content--target-link\" href=\"#in-content-skip-link-target-v-0-0\">Artikel weiterlesen<\/a><\/p>\n<p><b>\u00dcber seinen ersten Bundesliga-Treffer im 17. Anlauf freute sich nicht nur Dortmund-St\u00fcrmer Fabio Silva (23) besonders. Fast 550 Gl\u00fcckwunsch-Kommentare sammelten sich unter dem Instagram-Jubel-Post des Portugiesen. Darunter auch ein durchaus bemerkenswerter &#8230;<\/b><\/p>\n<p>\u201eBis zur letzten Minute\u201c, hatte Silva geschrieben, versehen mit sechs Jubel-Fotos. In Anspielung darauf, dass ihm am Samstagabend erst in der f\u00fcnften Minute der Nachspielzeit das umjubelte 2:2 bei <a href=\"https:\/\/www.bild.de\/sport\/fussball\/rb-leipzig\/startseite-leipzig-31148870.bild.html\" class=\"text-link\" rel=\"nofollow noopener\" target=\"_blank\">RB Leipzig<\/a> gelungen war.<\/p>\n<p>Mehr zum Thema<\/p>\n<p>Unter dem Post meldete sich auch Ex-Bundesliga-Star Xavi Simons (22) zu Wort, der bis letzten Sommer noch zwei Jahre lang f\u00fcr Leipzig aufgelaufen war. Der Holl\u00e4nder kommentierte: \u201eBrindemos\u201c \u2013 zu Deutsch: \u201eLasst uns ansto\u00dfen.\u201c<\/p>\n<p><img decoding=\"async\" width=\"992\" height=\"1533\" alt=\"Unter dem Post von Fabio Silva kommentiert Xavi Simons\" src=\"https:\/\/www.europesays.com\/de\/wp-content\/uploads\/2026\/02\/7c56a01d81256a5102523a9eddac9fc4,9fed2aac.jpeg\"   class=\"dynamic\" loading=\"lazy\"\/><\/p>\n<p class=\"fig__caption__text\">Unter dem Post von Fabio Silva kommentiert Xavi Simons<\/p>\n<p>Foto: INSTAGRAM\/FABIO.SILVA<\/p>\n<p>Klar: Silva und Simons haben eine gemeinsame Vergangenheit, beide spielten in der R\u00fcckrunde der Saison 2022\/23 f\u00fcr die PSV Eindhoven in den Niederlanden. Und wurden in dieser Zeit zu Freunden. So sagte Silva einst \u00fcber Xavi: \u201eSeit unserer gemeinsamen Zeit ist er wie ein Familienmitglied f\u00fcr mich geworden. Er ist ein unglaublicher Typ. Die Chemie stimmte sofort.\u201c<\/p>\n<p><img decoding=\"async\" width=\"992\" height=\"648\" alt=\"Xavi Simons (links gegen Arsenals Bukayo Saka) lief die letzten zwei Jahre f\u00fcr RB Leipzig auf\" src=\"https:\/\/www.europesays.com\/de\/wp-content\/uploads\/2026\/02\/2aa0d7c50b9be17f5661d2719de573c0,6e099acd.jpeg\"   class=\"dynamic\" loading=\"lazy\"\/><\/p>\n<p class=\"fig__caption__text\">Xavi Simons (links gegen Arsenals Bukayo Saka) lief die letzten zwei Jahre f\u00fcr RB Leipzig auf<\/p>\n<p>Foto: Arsenal FC via Getty Images<\/p>\n<p>Klar aber auch: Der Kommentar des Holl\u00e4nders hat ein \u201eGeschm\u00e4ckle\u201c. Zumindest st\u00f6\u00dft er vielen Fans auf Social Media sauer auf. Denn bis Sommer stand Xavi in den Diensten von RB Leipzig. Nun freut er sich offensichtlich \u00fcber ein Gegentor, welches dem Klub mit Blick auf die Champions League sehr wehgetan hat.<\/p>\n<p>Xavi Simons und Fabio Silva trafen jeweils erst einmal<\/p>\n<p>Im Sommer hatte Xavi Leipzig \u2013 nicht ganz ger\u00e4uschlos \u2013 Richtung Europa-League-Sieger Tottenham Hotspur verlassen, nachdem er zuvor keinen Hehl aus seinem unbedingten Wechselwunsch gemacht hatte. In der Premier League wartet der Nationalspieler jedoch noch auf seinen Durchbruch. Zuletzt war er zwar als Stammspieler gesetzt, doch in 20 Ligaspielen gelang ihm erst ein Treffer.<\/p>\n<p>Er scheint genauso wenig Treffergl\u00fcck wie sein Kumpel Silva zu haben. Vielleicht war die Freude jetzt auch gerade deshalb besonders gro\u00df &#8230;<\/p>\n","protected":false},"excerpt":{"rendered":"TTS-Player \u00fcberspringen\u21b5Artikel weiterlesen \u00dcber seinen ersten Bundesliga-Treffer im 17. Anlauf freute sich nicht nur Dortmund-St\u00fcrmer Fabio Silva (23)&hellip;\n","protected":false},"author":2,"featured_media":817950,"comment_status":"","ping_status":"","sticky":false,"template":"","format":"standard","meta":{"footnotes":"","_share_on_mastodon":"0"},"categories":[1832],"tags":[888,3364,29,538,30,71,14008,50752,957,57008,1655,859,10781,803,3460,4581,45,11896],"class_list":["post-817949","post","type-post","status-publish","format-standard","has-post-thumbnail","category-leipzig","tag-borussia-dortmund","tag-de","tag-deutschland","tag-erste-bundesliga","tag-germany","tag-leipzig","tag-nationalmannschaft-niederlande","tag-nationalmannschaft-portugal","tag-premier-league","tag-psv-eindhoven","tag-rb-leipzig","tag-sachsen","tag-simons-xavi","tag-spielertransfer","tag-sport-leuchtturm-leipzig","tag-sport-tag-im-ticker","tag-texttospeech","tag-tottenham-hotspur"],"share_on_mastodon":{"url":"https:\/\/pubeurope.com\/@de\/116116260674326697","error":""},"_links":{"self":[{"href":"https:\/\/www.europesays.com\/de\/wp-json\/wp\/v2\/posts\/817949","targetHints":{"allow":["GET"]}}],"collection":[{"href":"https:\/\/www.europesays.com\/de\/wp-json\/wp\/v2\/posts"}],"about":[{"href":"https:\/\/www.europesays.com\/de\/wp-json\/wp\/v2\/types\/post"}],"author":[{"embeddable":true,"href":"https:\/\/www.europesays.com\/de\/wp-json\/wp\/v2\/users\/2"}],"replies":[{"embeddable":true,"href":"https:\/\/www.europesays.com\/de\/wp-json\/wp\/v2\/comments?post=817949"}],"version-history":[{"count":0,"href":"https:\/\/www.europesays.com\/de\/wp-json\/wp\/v2\/posts\/817949\/revisions"}],"wp:featuredmedia":[{"embeddable":true,"href":"https:\/\/www.europesays.com\/de\/wp-json\/wp\/v2\/media\/817950"}],"wp:attachment":[{"href":"https:\/\/www.europesays.com\/de\/wp-json\/wp\/v2\/media?parent=817949"}],"wp:term":[{"taxonomy":"category","embeddable":true,"href":"https:\/\/www.europesays.com\/de\/wp-json\/wp\/v2\/categories?post=817949"},{"taxonomy":"post_tag","embeddable":true,"href":"https:\/\/www.europesays.com\/de\/wp-json\/wp\/v2\/tags?post=817949"}],"curies":[{"name":"wp","href":"https:\/\/api.w.org\/{rel}","templated":true}]}}