{"id":817966,"date":"2026-02-22T21:00:12","date_gmt":"2026-02-22T21:00:12","guid":{"rendered":"https:\/\/www.europesays.com\/de\/817966\/"},"modified":"2026-02-22T21:00:12","modified_gmt":"2026-02-22T21:00:12","slug":"500-passagiere-sitzen-im-flugzeug-wegen-schneefall-fest","status":"publish","type":"post","link":"https:\/\/www.europesays.com\/de\/817966\/","title":{"rendered":"500 Passagiere sitzen im Flugzeug wegen Schneefall fest"},"content":{"rendered":"<p class=\"mb-6 text-xs md:text-m lg:text-l font-serif group-[.font-sans]:font-sans \">\n    Eine ganze Nacht bei starkem Schneefall im Flugzeug festsitzen? Das klingt wohl nicht nach einem guten Urlaubsstart. F\u00fcr 500 Passagiere war das aber in der Nacht zum Freitag am <a href=\"https:\/\/www.augsburger-allgemeine.de\/organisationen\/aa-flughafen-muenchen\" target=\"_self\" class=\"underline \" rel=\"nofollow noopener\">M\u00fcnchner Flughafen<\/a> Realit\u00e4t. Viele Fl\u00fcge mussten nachts gestrichen werden, nachdem alle Passagiere an Bord und die Flugzeuge startbereit waren.\n  <\/p>\n<p>            Schneefall legt M\u00fcnchner Flughafen lahm<\/p>\n<p class=\"mb-6 text-xs md:text-m lg:text-l font-serif group-[.font-sans]:font-sans \">\n    Wegen fehlender Busse und Parkm\u00f6glichkeiten am Terminal konnten die Flugg\u00e4ste nach Angaben des M\u00fcnchner Flughafens nicht mehr dorthin zur\u00fcckkehren\u00a0\u2013 und mussten zwangsl\u00e4ufig in den Flugzeugen ausharren. <a href=\"https:\/\/www.augsburger-allgemeine.de\/bayern\/flughafen-muenchen-beeintraechtigungen-beim-flugbetrieb-durch-das-wetter-113541257\" target=\"_self\" class=\"underline \" rel=\"nofollow noopener\">Wie am Freitag berichtet, musste der Flughafen M\u00fcnchen in der Nacht 100 Fl\u00fcge streichen<\/a>, nachdem starke Schneef\u00e4lle am Donnerstag den gesamten Tag \u00fcber f\u00fcr Versp\u00e4tungen und Ausf\u00e4lle gesorgt hatten.\n  <\/p>\n<p>      <a href=\"https:\/\/www.augsburger-allgemeine.de\/bayern\/blaulicht\/nach-a8-stau-anwohner-blockieren-strassen-mit-auto-und-minibagger-113555225\" class=\"hidden  &#010;                md:block md:mr-5 md:min-w-[140px]  aspect-photo md:aspect-tv lg:aspect-tv w-fullXXX relative self-start inline overflow-hidden\" rel=\"nofollow noopener\" target=\"_blank\"><\/p>\n<p>    <img decoding=\"async\" src=\"\" alt=\"Nach einem Stau auf der Autobahn A8 fahren viele Autos unerlaubt ab.\" title=\"Nach einem Stau auf der Autobahn A8 fahren viele Autos unerlaubt ab.\" loading=\"lazy\" class=\"h-full w-full object-cover\"\/><br \/>\n   <\/a><\/p>\n<p class=\"mb-6 text-xs md:text-m lg:text-l font-serif group-[.font-sans]:font-sans \">\n    Am Abend h\u00e4tten einige Fl\u00fcge Sondergenehmigungen erhalten, um auch noch nach Mitternacht bis 1.00 Uhr starten zu k\u00f6nnen, denn in <a href=\"https:\/\/www.augsburger-allgemeine.de\/orte\/aa-muenchen\" target=\"_self\" class=\"underline \" rel=\"nofollow noopener\">M\u00fcnchen<\/a> gilt zwischen 0.00 und 5.00 Uhr normalerweise ein Nachtflugverbot. Wegen des Schnees h\u00e4tten bereits abgefertigte und startbereite Fl\u00fcge aber dann doch keine Starterlaubnis bekommen, berichtete ein Lufthansa-Sprecher der Deutschen Presseagentur (dpa).\n  <\/p>\n<p>            Flugg\u00e4ste harren bis zum Morgen in Flugzeugen aus<\/p>\n<p class=\"mb-6 text-xs md:text-m lg:text-l font-serif group-[.font-sans]:font-sans \">\n    Flugpassagiere und Besatzungen konnten die Flugzeuge nicht mehr verlassen und mussten die Nacht im Flugzeug auf dem Vorfeld verbringen. Betroffen waren nach Angaben der Lufthansa neben drei Lufthansa-Fl\u00fcgen nach Singapur, Kopenhagen und Danzig auch zwei Air-Dolomiti-Fl\u00fcge nach Graz und Venedig. Erst am fr\u00fchen Morgen fuhren nach Angaben des Lufthansa-Sprechers wieder Busse, die die Passagiere abholten.\n  <\/p>\n<p class=\"mb-6 text-xs md:text-m lg:text-l font-serif group-[.font-sans]:font-sans \">\n    Warum keine Busse vorhanden waren, die die Passagiere zum Terminal bringen konnten, konnte der Sprecher der Lufthansa nicht sagen. F\u00fcr die Organisation der Busse sei der Flughafen zust\u00e4ndig. Dieser war f\u00fcr weitere Nachfragen zu dem Vorfall zun\u00e4chst am Sonntag nicht zu erreichen. \u201eWir bedauern die damit entstandenen Unannehmlichkeiten sehr\u201c, teilte ein Sprecher des Flughafens M\u00fcnchen lediglich mit. Laut einem Bericht des d\u00e4nischen Mediums ekstrabladet soll ein Passagier berichtet haben, dass es lediglich Wasserflaschen an Bord gab. Erst am Morgen soll es dann f\u00fcr die Flugg\u00e4ste weitergegangen sein. (dpa, mield)\n  <\/p>\n<ul data-module-id=\"DragDropModule\" class=\"flex flex-wrap justify-start group-[.no-bookmarks]:hidden\">\n<li class=\"mb-3 mr-3\">\n    Flughafen M\u00fcnchen<\/p>\n<p>      Icon Haken im Kreis gesetzt<\/p>\n<p>      Icon Plus im Kreis<\/p>\n<\/li>\n<li class=\"mb-3 mr-3\">\n    Deutsche Lufthansa<\/p>\n<p>      Icon Haken im Kreis gesetzt<\/p>\n<p>      Icon Plus im Kreis<\/p>\n<\/li>\n<li class=\"mb-3 mr-3\">\n    Schneefall<\/p>\n<p>      Icon Haken im Kreis gesetzt<\/p>\n<p>      Icon Plus im Kreis<\/p>\n<\/li>\n<\/ul>\n","protected":false},"excerpt":{"rendered":"Eine ganze Nacht bei starkem Schneefall im Flugzeug festsitzen? Das klingt wohl nicht nach einem guten Urlaubsstart. F\u00fcr&hellip;\n","protected":false},"author":2,"featured_media":817967,"comment_status":"","ping_status":"","sticky":false,"template":"","format":"standard","meta":{"footnotes":"","_share_on_mastodon":"0"},"categories":[1827],"tags":[772,54428,2520,29,10647,10074,30,2914,1268,43874,137711,698,183500],"class_list":["post-817966","post","type-post","status-publish","format-standard","has-post-thumbnail","category-muenchen","tag-bayern","tag-deutsche-lufthansa","tag-deutsche-presse-agentur","tag-deutschland","tag-flughafen-muenchen","tag-flugzeug","tag-germany","tag-kopenhagen","tag-muenchen","tag-nachtflugverbot","tag-schneefall","tag-singapur","tag-urlaubsstart"],"share_on_mastodon":{"url":"","error":""},"_links":{"self":[{"href":"https:\/\/www.europesays.com\/de\/wp-json\/wp\/v2\/posts\/817966","targetHints":{"allow":["GET"]}}],"collection":[{"href":"https:\/\/www.europesays.com\/de\/wp-json\/wp\/v2\/posts"}],"about":[{"href":"https:\/\/www.europesays.com\/de\/wp-json\/wp\/v2\/types\/post"}],"author":[{"embeddable":true,"href":"https:\/\/www.europesays.com\/de\/wp-json\/wp\/v2\/users\/2"}],"replies":[{"embeddable":true,"href":"https:\/\/www.europesays.com\/de\/wp-json\/wp\/v2\/comments?post=817966"}],"version-history":[{"count":0,"href":"https:\/\/www.europesays.com\/de\/wp-json\/wp\/v2\/posts\/817966\/revisions"}],"wp:featuredmedia":[{"embeddable":true,"href":"https:\/\/www.europesays.com\/de\/wp-json\/wp\/v2\/media\/817967"}],"wp:attachment":[{"href":"https:\/\/www.europesays.com\/de\/wp-json\/wp\/v2\/media?parent=817966"}],"wp:term":[{"taxonomy":"category","embeddable":true,"href":"https:\/\/www.europesays.com\/de\/wp-json\/wp\/v2\/categories?post=817966"},{"taxonomy":"post_tag","embeddable":true,"href":"https:\/\/www.europesays.com\/de\/wp-json\/wp\/v2\/tags?post=817966"}],"curies":[{"name":"wp","href":"https:\/\/api.w.org\/{rel}","templated":true}]}}