{"id":818008,"date":"2026-02-22T21:24:15","date_gmt":"2026-02-22T21:24:15","guid":{"rendered":"https:\/\/www.europesays.com\/de\/818008\/"},"modified":"2026-02-22T21:24:15","modified_gmt":"2026-02-22T21:24:15","slug":"bleibt-das-top-duo-gindorf-und-schroers","status":"publish","type":"post","link":"https:\/\/www.europesays.com\/de\/818008\/","title":{"rendered":"Bleibt das Top-Duo Gindorf und Schroers?"},"content":{"rendered":"<p>Zusammen 42 Scorerpunkte <\/p>\n<p>Bleibt Alemannias Traumduo? Berater \u00e4u\u00dfern sich<\/p>\n<p>Aktualisiert am 22.02.2026 &#8211; 16:22 UhrLesedauer: 3 Min.<\/p>\n<p><a href=\"#focus-0\" class=\"transition-colors duration-200 block text-current relative\" data-sctrack=\"FocusGalleryImage.Reference\"><img fetchpriority=\"high\" data-testid=\"Opener.Image\" style=\"--lqipURL:url('https:\/\/images.t-online.de\/2026\/02\/oZNSG15LGiUw\/0x156:3000x1687\/fit-in\/150x0\/filters:blur(25)\/szene-gegen-verl-gindorf-am-ball-schroers-umkurvt-ihn.jpg')\"   loading=\"eager\" src=\"https:\/\/www.europesays.com\/de\/wp-content\/uploads\/2026\/02\/szene-gegen-verl-gindorf-am-ball-schroers-umkurvt-ihn.jpg\" alt=\"imago images 1073019552\" title=\"imago images 1073019552\" width=\"3000\" height=\"1687\" class=\"bg-[url:var(--lqipURL)] bg-cover bg-center flex h-full w-full max-w-full\" decoding=\"async\"\/><img style=\"--width:32;--height:32\" loading=\"lazy\" src=\"https:\/\/aachen.t-online.de\/s\/paper\/_next\/static\/media\/zoom-in.f7dae02f.svg\" alt=\"Vergr\u00f6\u00dfern des Bildes\" title=\"Vergr\u00f6\u00dfern des Bildes\" class=\"block h-[calc(var(--height)_\/_16_*_1rem)] w-[calc(var(--width)_\/_16_*_1rem)] max-w-none absolute bottom-8 right-8 rounded-4 bg-snow p-8\" decoding=\"async\"\/><\/a><\/p>\n<p>Angriff gegen Verl: Gindorf ist am Ball, Schroers umkurvt ihn. (Quelle: IMAGO\/Manfred Heyne)<\/p>\n<p class=\"font-bold text-18 leading-17 user-text-lg:text-22 user-text-xl:text-24\">Lars Gindorf und Mika Schroers sind zwei der wenigen Lichtblicke in einer bislang entt\u00e4uschenden Aachener Drittliga-Saison. Beide sind nur ausgeliehen \u2013 kann der Verein sie halten?<\/p>\n<p class=\"text-18 leading-17 user-text-lg:text-22 user-text-xl:text-24\">Der Begriff &#8222;Lebensversicherung&#8220; steht bei <a class=\"transition-colors duration-200 cursor-pointer text-inherit no-underline text-salemsfur md:hover:text-magenta md:hover:border-magenta md:focus:text-magenta border-current border-b border-solid break-words\" href=\"https:\/\/www.t-online.de\/themen\/alemannia-aachen\/\" data-sctrack=\"BodyAnchor\" rel=\"nofollow noopener\" target=\"_blank\">Alemannia Aachen<\/a> sinnbildlich f\u00fcr Lars Gindorf und Mika Schroers: Zusammen haben die beiden Offensiv-Akteure nach 25 Ligaspielen 27 der 42 Aachener Tore erzielt \u2013 Schr\u00f6ers steht bei zehn Treffern, Gindorf f\u00fchrt mit 17 Toren sogar die Torsch\u00fctzenliste der 3. Liga an. Zudem gaben sie jeweils acht bzw. sieben Vorlagen, was 42 Scorerpunkte ergibt \u2013 ein starker Wert.<\/p>\n<p class=\"text-18 leading-17 user-text-lg:text-22 user-text-xl:text-24\">Ein Makel f\u00fcr Fans der Alemannia: Beide sind nur ausgeliehen. Gindorf kam vor der Saison von Hannover 96, Schroers von Arminia Bielefeld. Sollten beide nach der Saison wieder gehen, w\u00e4re das eine enorme Schw\u00e4chung f\u00fcr Alemannias Offensive. Wie wahrscheinlich ist es also, dass beide oder zumindest einer bleibt?<\/p>\n<p class=\"text-18 leading-17 user-text-lg:text-22 user-text-xl:text-24\">Bei Schroers hat Aachen theoretisch das Heft in der Hand. Der Verein besitzt f\u00fcr den 24-J\u00e4hrigen eine Kaufoption. Einzig der Preis k\u00f6nnte ein Problem darstellen: Laut dem Portal &#8222;Transfermarkt.de&#8220; hat er einen Marktwert von 300.000 Euro \u2013 fraglich, ob Aachen diese Summe aufbringen kann. F\u00fcr teure Transfers ist der Verein nicht bekannt, das hat auch der Aufstieg in die 3. Liga nicht ge\u00e4ndert. Fast alle der j\u00fcngsten Neuzug\u00e4nge kamen auf Leihbasis, abl\u00f6sefrei oder waren vereinslos.<\/p>\n<p class=\"text-18 leading-17 user-text-lg:text-22 user-text-xl:text-24\">Schroers Management gab zu seiner Zukunft bisher noch keine genaue Auskunft. &#8222;Mika Schroers besitzt in Bielefeld noch einen g\u00fcltigen Vertrag bis zum Sommer 2027 \u2013 konzentriert sich aktuell jedoch ausschlie\u00dflich auf das Ziel Klassenerhalt mit Alemannia Aachen und m\u00f6chte seine Leistungen weiterhin Woche f\u00fcr Woche best\u00e4tigen&#8220;, teilte das Management dem Portal &#8222;Reviersport&#8220; mit.<\/p>\n","protected":false},"excerpt":{"rendered":"Zusammen 42 Scorerpunkte Bleibt Alemannias Traumduo? Berater \u00e4u\u00dfern sich Aktualisiert am 22.02.2026 &#8211; 16:22 UhrLesedauer: 3 Min. Angriff&hellip;\n","protected":false},"author":2,"featured_media":818009,"comment_status":"","ping_status":"","sticky":false,"template":"","format":"standard","meta":{"footnotes":"","_share_on_mastodon":"0"},"categories":[1853],"tags":[72885,1424,999,2368,1605,3364,29,548,663,3934,30,46,2366,13,85960,30121,180957,102665,1268,14,15,1209,12,30123,3725,12758,180956,12755,3724],"class_list":["post-818008","post","type-post","status-publish","format-standard","has-post-thumbnail","category-aachen","tag-72885","tag-aachen","tag-alemannia-aachen","tag-arminia-bielefeld","tag-bielefeld","tag-de","tag-deutschland","tag-eu","tag-europa","tag-europe","tag-germany","tag-hannover","tag-hannover-96","tag-headlines","tag-lars-gindorf","tag-lichtblick","tag-matthias-lehmann","tag-mika-schroer","tag-muenchen","tag-nachrichten","tag-news","tag-nordrhein-westfalen","tag-schlagzeilen","tag-scorerpunkt","tag-sport-club-verl-1924-e-v","tag-ssv-ulm","tag-traumduo","tag-ulm","tag-verl"],"share_on_mastodon":{"url":"https:\/\/pubeurope.com\/@de\/116116394379386068","error":""},"_links":{"self":[{"href":"https:\/\/www.europesays.com\/de\/wp-json\/wp\/v2\/posts\/818008","targetHints":{"allow":["GET"]}}],"collection":[{"href":"https:\/\/www.europesays.com\/de\/wp-json\/wp\/v2\/posts"}],"about":[{"href":"https:\/\/www.europesays.com\/de\/wp-json\/wp\/v2\/types\/post"}],"author":[{"embeddable":true,"href":"https:\/\/www.europesays.com\/de\/wp-json\/wp\/v2\/users\/2"}],"replies":[{"embeddable":true,"href":"https:\/\/www.europesays.com\/de\/wp-json\/wp\/v2\/comments?post=818008"}],"version-history":[{"count":0,"href":"https:\/\/www.europesays.com\/de\/wp-json\/wp\/v2\/posts\/818008\/revisions"}],"wp:featuredmedia":[{"embeddable":true,"href":"https:\/\/www.europesays.com\/de\/wp-json\/wp\/v2\/media\/818009"}],"wp:attachment":[{"href":"https:\/\/www.europesays.com\/de\/wp-json\/wp\/v2\/media?parent=818008"}],"wp:term":[{"taxonomy":"category","embeddable":true,"href":"https:\/\/www.europesays.com\/de\/wp-json\/wp\/v2\/categories?post=818008"},{"taxonomy":"post_tag","embeddable":true,"href":"https:\/\/www.europesays.com\/de\/wp-json\/wp\/v2\/tags?post=818008"}],"curies":[{"name":"wp","href":"https:\/\/api.w.org\/{rel}","templated":true}]}}