{"id":818513,"date":"2026-02-23T02:29:24","date_gmt":"2026-02-23T02:29:24","guid":{"rendered":"https:\/\/www.europesays.com\/de\/818513\/"},"modified":"2026-02-23T02:29:24","modified_gmt":"2026-02-23T02:29:24","slug":"kuriose-polizeieinsaetze-steht-ein-plueschpferd-auf-der-b10-bei-esslingen","status":"publish","type":"post","link":"https:\/\/www.europesays.com\/de\/818513\/","title":{"rendered":"Kuriose Polizeieins\u00e4tze: Steht ein Pl\u00fcschpferd auf der B10 bei Esslingen"},"content":{"rendered":"<p>\t\t\t\t\t\t\t\t\t\t\t\t\t\t\t\t\t\t\t\t\t\t\t\t\t\t\t\t      \t\t            \t\t             \t\t\t\t   \t\t\t\t\t   <img decoding=\"async\" id=\"article-image\" fetchpriority=\"high\" alt=\"Kuriose Polizeieins\u00e4tze: Steht ein Pl\u00fcschpferd auf der B10 bei Esslingen\" title=\"Kuriose Polizeieins\u00e4tze: Steht ein Pl\u00fcschpferd auf der B10 bei Esslingen\" src=\"https:\/\/www.europesays.com\/de\/wp-content\/uploads\/2026\/02\/media.media.aeee7a03-4d66-4009-ab5b-8aa236e5db02.16x9_700.jpg\" data-linkto=\"https:\/\/www.stuttgarter-nachrichten.de\/javascript:void(0);\"\/>\t\t\t\t\t\t\t\t\t\t\t\t\t\t\t\t\t\t\t\t\t\t\t\tPl\u00fcschtier an der B10: Die Polizei sammelte dieses Pl\u00fcschtier ein, das f\u00fcr ein herrenloser Hund gehalten wurde.\u00a0Foto: Polizeipr\u00e4sidium Reutlingen\t\t\t<\/p>\n<p>Ein angefahrenes Kamel, ein entlaufener Nandu: Der Verkehrswarndienst hat im vergangenen Jahr einige \u201ebizarre Vorkommnisse\u201c gemeldet auf den Stra\u00dfen in Baden W\u00fcrttemberg.<\/p>\n<p>Ein Kamel wird angefahren, ein Nandu haut ab und Bierkisten liegen auf der Stra\u00dfe: Der Verkehrswarndienst <a href=\"https:\/\/www.stuttgarter-nachrichten.de\/thema\/Baden-W%C3%BCrttemberg\" title=\"Baden-W\u00fcrttemberg\" class=\"art_thema\" rel=\"nofollow noopener\" target=\"_blank\">Baden-W\u00fcrttemberg<\/a> hat in vergangenem Jahr nach Angaben des Innenministeriums so manch \u201ebizarre Vorkommnisse\u201c vermeldet.<\/p>\n<p>In Ehingen an der Donau (Alb-Donau-Kreis) habe ein Auto <a href=\"https:\/\/www.stuttgarter-zeitung.de\/inhalt.ehingen-im-alb-donau-kreis-kamel-angefahren-unbekannte-sollen-es-freigelassen-haben.e2291675-bbd5-4009-998e-b7463b7a8361.html\" target=\"_blank\" rel=\"nofollow noopener\"> Kamel erfasst<\/a>, das aus dem Zirkus entlaufen war, teilte Innenminister Thomas Strobl (CDU) mit. \u201eDie Bilanz: Das Kamel musste zum Tierarzt, das Auto wurde erheblich besch\u00e4digt, der Fahrer blieb gl\u00fccklicherweise unverletzt.\u201c<\/p>\n<p>Eine kuriose Situation habe es an der Bundesstra\u00dfe 10 zwischen Ebersbach an der Fils (Landkreis G\u00f6ppingen) und Reichenbach an der Fils (Landkreis Esslingen) gegeben: Mehrere besorgte Verkehrsteilnehmer meldeten der Mitteilung zufolge einen herrenlosen Hund am Fahrbahnrand. Vor Ort habe sich herausgestellt, dass ein gr\u00f6\u00dferes <a href=\"https:\/\/www.stuttgarter-zeitung.de\/inhalt.besorgte-autofahrer-bei-reichenbach-an-der-fils-herrenloser-hund-auf-b10-entpuppt-sich-als-plueschpferd.af0c935c-581c-4610-bce7-4d0c991890e0.html\" target=\"_blank\" rel=\"nofollow noopener\">Pl\u00fcschpferd an einen Zaun gebunden gewesen sei<\/a>. Eine Streifenwagenbesatzung habe den vermeintlichen Hund zum Polizeirevier gebracht.<\/p>\n<p>Insgesamt hat die Landesmeldestelle f\u00fcr den Verkehrswarndienst 2025 im Schnitt rund 173 Verkehrs- oder Gefahrenmeldungen pro Tag abgesetzt, wie Strobl berichtete. Dabei geht es auch um Staus wegen Baustellen oder nach Unf\u00e4llen.\u00a0<\/p>\n<p>Ein Gro\u00dfteil der F\u00e4lle betrifft die Autobahnen <\/p>\n<p>In Summe seien es 63.170 Verkehrs- oder Gefahrenmeldungen gewesen und damit einige Hundert weniger als im Vorjahr &#8211; aber ein paar Tausend mehr als in den Jahren 2022 und 2023. Das Gros betraf demzufolge Autobahnen. Unter allen Meldungen stieg die Zahl jener, in denen es um Tiere ging, 2025 im Vergleich zum Vorjahr leicht auf 3.856 (2024: 3.750).<\/p>\n<p>Die Gefahrenmeldungen \u00fcber Gegenst\u00e4nde nahmen ebenfalls zu &#8211; auf 33.653 nach 31.891 im Jahr 2024. Auf der Bundesstra\u00dfe 290 bei Crailsheim (Landkreis Schw\u00e4bisch Hall) meldete der Verkehrswarndienst sogar eine Holzh\u00fctte auf der Fahrbahn. \u201eDiese F\u00e4lle zeigen, wie wichtig eine korrekte Ladungssicherung ist\u201c, mahnte Strobl. \u201eSichern Sie auch bei kurzen Strecken Ihre Ladung richtig, damit andere Verkehrsteilnehmer nicht gef\u00e4hrdet und Unf\u00e4lle vermieden werden.\u201c<\/p>\n","protected":false},"excerpt":{"rendered":"Pl\u00fcschtier an der B10: Die Polizei sammelte dieses Pl\u00fcschtier ein, das f\u00fcr ein herrenloser Hund gehalten wurde.\u00a0Foto: Polizeipr\u00e4sidium&hellip;\n","protected":false},"author":2,"featured_media":818514,"comment_status":"","ping_status":"","sticky":false,"template":"","format":"standard","meta":{"footnotes":"","_share_on_mastodon":"0"},"categories":[1830],"tags":[1634,3364,29,30,132729,14934,51678,1441],"class_list":["post-818513","post","type-post","status-publish","format-standard","has-post-thumbnail","category-stuttgart","tag-baden-wuerttemberg","tag-de","tag-deutschland","tag-germany","tag-kamel","tag-pferd","tag-polizeibericht-baden-wuerttemberg","tag-stuttgart"],"share_on_mastodon":{"url":"https:\/\/pubeurope.com\/@de\/116117593442050818","error":""},"_links":{"self":[{"href":"https:\/\/www.europesays.com\/de\/wp-json\/wp\/v2\/posts\/818513","targetHints":{"allow":["GET"]}}],"collection":[{"href":"https:\/\/www.europesays.com\/de\/wp-json\/wp\/v2\/posts"}],"about":[{"href":"https:\/\/www.europesays.com\/de\/wp-json\/wp\/v2\/types\/post"}],"author":[{"embeddable":true,"href":"https:\/\/www.europesays.com\/de\/wp-json\/wp\/v2\/users\/2"}],"replies":[{"embeddable":true,"href":"https:\/\/www.europesays.com\/de\/wp-json\/wp\/v2\/comments?post=818513"}],"version-history":[{"count":0,"href":"https:\/\/www.europesays.com\/de\/wp-json\/wp\/v2\/posts\/818513\/revisions"}],"wp:featuredmedia":[{"embeddable":true,"href":"https:\/\/www.europesays.com\/de\/wp-json\/wp\/v2\/media\/818514"}],"wp:attachment":[{"href":"https:\/\/www.europesays.com\/de\/wp-json\/wp\/v2\/media?parent=818513"}],"wp:term":[{"taxonomy":"category","embeddable":true,"href":"https:\/\/www.europesays.com\/de\/wp-json\/wp\/v2\/categories?post=818513"},{"taxonomy":"post_tag","embeddable":true,"href":"https:\/\/www.europesays.com\/de\/wp-json\/wp\/v2\/tags?post=818513"}],"curies":[{"name":"wp","href":"https:\/\/api.w.org\/{rel}","templated":true}]}}