{"id":818689,"date":"2026-02-23T04:15:15","date_gmt":"2026-02-23T04:15:15","guid":{"rendered":"https:\/\/www.europesays.com\/de\/818689\/"},"modified":"2026-02-23T04:15:15","modified_gmt":"2026-02-23T04:15:15","slug":"gladbach-schroeder-ueber-polanski-dann-wuerden-wir-handeln","status":"publish","type":"post","link":"https:\/\/www.europesays.com\/de\/818689\/","title":{"rendered":"Gladbach: Schr\u00f6der \u00fcber Polanski &#8211; \u201e &#8230; dann w\u00fcrden wir handeln\u201c"},"content":{"rendered":"<p class=\"text_ohne_einzug richtext text-em-55 !leading-serif mx-6 desktop:mx-0\">Am Anfang der Saison musste Borussia <a href=\"https:\/\/rp-online.de\/thema\/moenchengladbach\/\" rel=\"nofollow noopener\" target=\"_blank\">M\u00f6nchengladbach<\/a> qu\u00e4lende acht Spiele auf einen Sieg warten, nun sind es Ende Februar bereits sieben nacheinander ohne Dreier. \u201eWir haben uns viel vorgenommen. Wir wissen, dass es um Punkte und um Siege geht. Das ist zu wenig\u201c, sagte Haris Tabakovic nach der 1:2-Niederlage beim <a href=\"https:\/\/rp-online.de\/thema\/sc-freiburg\/\" rel=\"nofollow noopener\" target=\"_blank\">SC Freiburg<\/a>.<\/p>\n<p class=\"richtext text-em-55 !leading-serif mx-6 desktop:mx-0\">Der St\u00fcrmer verk\u00fcrzte in der Schlussphase per Kopf nach einer Ecke, im letzten Angriff hatte er pl\u00f6tzlich den Ausgleich auf dem Fu\u00df, aber Freiburgs <a href=\"https:\/\/rp-online.de\/thema\/christian-guenter\/\" rel=\"nofollow noopener\" target=\"_blank\">Christian G\u00fcnter<\/a> ging gerade noch dazwischen. \u201eIch nehme das ganze Spiel mit ins Bett\u201c, sagte Tabakovic auf die Frage, inwiefern er die Szene am Abend noch im Kopf haben werde.<\/p>\n<p class=\"richtext text-em-55 !leading-serif mx-6 desktop:mx-0\">Der Bosnier wollte die Versuche am Ende auch nicht so hochh\u00e4ngen, zu harmlos hatte Borussia \u00fcber weite Strecken agiert. Von zw\u00f6lf Sch\u00fcssen gingen zwei aufs Tor, bei einem Expected-Goals-Wert von 0,67 \u2013 ein erschreckend schwacher Schnitt. \u201eWir m\u00fcssen von der ersten Minute an so agieren, die B\u00e4lle in die Box bringen. Hinten kriegen wir zu einfache Tore, vorne sind wir nicht gef\u00e4hrlich genug \u2013 so sehen dann auch die Resultate aus\u201c, fasste Tabakovic zusammen.<\/p>\n<p>Gladbach-Fans wenden sich ab in Freiburg      <\/p>\n<p class=\"richtext text-em-55 !leading-serif mx-6 desktop:mx-0\">Die Fans hatten in <a href=\"https:\/\/rp-online.de\/thema\/freiburg\/\" rel=\"nofollow noopener\" target=\"_blank\">Freiburg<\/a> keine Lust, die Mannschaft aufzumuntern. Zwischendurch hatten sie ihr gar den R\u00fccken zugedreht im G\u00e4steblock. Die Lage spitzt sich in alle Richtungen zu bei Borussia, vor allem in der Tabelle, wo der Vorsprung auf den Relegationsplatz nur noch zwei Punkte betr\u00e4gt. \u201eAm Ende des Tages ist es ein Spiel, das wir in den letzten Wochen h\u00e4ufiger hatten. Wir haben ganz gut mitgespielt, aber den Ball nicht in den Sechzehner getragen\u201c, sagte Rouven Schr\u00f6der.<\/p>\n<p class=\"richtext text-em-55 !leading-serif mx-6 desktop:mx-0\">Der Sportchef gestand ein, dass Borussia nicht ihr Leistungslimit erreicht habe. \u201eDa m\u00fcssen wir die Fesseln l\u00f6sen, das wird so nicht reichen in der Liga. Es ist wichtig, sich da sehr kritisch die Meinung zu sagen\u201c, betonte Schr\u00f6der. Er sprach nach dem Abpfiff in der Kabine, erst dann ging es raus zu den Interviews. Logischerweise musste der 50-J\u00e4hrige beantworten, wie es angesichts der Krise um sein Vertrauen in Trainer Eugen Polanski bestellt ist.<\/p>\n<p class=\"richtext text-em-55 !leading-serif mx-6 desktop:mx-0\">\u201eEr hat weiter das volle Vertrauen. Eugen tut alles, um die Mannschaft gut aufzustellen. Am Ende sind wir alle, vor allem die Spieler, gefragt, die Dinge gut umzusetzen\u201c, sagte Schr\u00f6der. \u201eIch sehe, wie Eugen jeden Tag arbeitet. Es geht nicht nur um ihn, sondern auch um <a href=\"https:\/\/rp-online.de\/thema\/borussia-moenchengladbach\/\" rel=\"nofollow noopener\" target=\"_blank\">Borussia M\u00f6nchengladbach<\/a>.\u201c Am kommenden Samstag kommt Union Berlin in den <a href=\"https:\/\/rp-online.de\/thema\/borussia-park\/\" rel=\"nofollow noopener\" target=\"_blank\">Borussia-Park<\/a>, dann geht es zum FC Bayern. Anschlie\u00dfend empf\u00e4ngt Gladbach den FC <a href=\"https:\/\/rp-online.de\/thema\/st-pauli\/\" rel=\"nofollow noopener\" target=\"_blank\">St. Pauli<\/a> und f\u00e4hrt vor der L\u00e4nderspielpause Ende M\u00e4rz zum 1. FC K\u00f6ln.<\/p>\n<p class=\"richtext text-em-55 !leading-serif mx-6 desktop:mx-0\">Schr\u00f6der zeigte den Spagat auf, den alle Beteiligten in der Aufarbeitung nun hinbekommen m\u00fcssen. \u201eEs geht darum, auf der einen Seite den Finger in die Wunde zu legen und auf der anderen das Vertrauen auszusprechen. Das ist Leistungssport. Nur mit dem Dampfhammer draufzuhauen, ist definitiv keine L\u00f6sung\u201c, sagte er.<\/p>\n<p>Kevin Diks: Ausf\u00fchrung des Plans ist das Problem      <\/p>\n<p class=\"richtext text-em-55 !leading-serif mx-6 desktop:mx-0\">Kevin Diks lehnte es ab, den Fokus nun zu sehr auf Trainer Polanski zu lenken. Ob er sich gut vorbereitet f\u00fchle, ob es nur daran liege, dass der Plan nicht gut genug ausgef\u00fchrt werde, wurde der Abwehrspieler von unserer Redaktion gefragt. \u201eEs ist eine Mischung aus vielen Dingen. Ich verstehe, worauf die Frage abzielt. Man sieht es auch bei gro\u00dfen Mannschaften, dass es nicht immer der Trainer ist.\u201c Also: Plan vorhanden, Ausf\u00fchrung verbesserungsw\u00fcrdig.<\/p>\n<p class=\"richtext text-em-55 !leading-serif mx-6 desktop:mx-0\">Wie in den vergangenen Wochen und Tagen betonte Schr\u00f6der, dass niemand die Situation untersch\u00e4tze. \u201eWir haben es vor zwei, drei, vier, f\u00fcnf, sechs Wochen gesagt: Es ist gestern, heute und morgen gef\u00e4hrlich\u201c, lautete sein allumfassendes Urteil. Zuletzt hatte Gladbach vor 15 Jahren weniger Punkte auf dem Konto nach 23 Spieltagen, damals waren es 19. Geht es so weiter, wird die aktuelle Mannschaft auch von Lucien Favres Relegations-Borussia eingeholt.<\/p>\n<p class=\"richtext text-em-55 !leading-serif mx-6 desktop:mx-0\">\u201eWenn wir ihm das nicht zutrauen w\u00fcrden, w\u00fcrden wir handeln. Ich glaube, das ist eine klare Aussage\u201c, sagte Schr\u00f6der \u00fcber den Versuch, die Wende mit Polanski zu schaffen. \u201eWir brauchen jetzt keine Headline: Der Trainer ist gefordert. Wir sind alle gefordert \u2013 f\u00fcr Borussia.\u201c<\/p>\n","protected":false},"excerpt":{"rendered":"Am Anfang der Saison musste Borussia M\u00f6nchengladbach qu\u00e4lende acht Spiele auf einen Sieg warten, nun sind es Ende&hellip;\n","protected":false},"author":2,"featured_media":818690,"comment_status":"","ping_status":"","sticky":false,"template":"","format":"standard","meta":{"footnotes":"","_share_on_mastodon":"0"},"categories":[136],"tags":[24221,9835,183624,29,7770,295,30,29127,14337,4455,122230,265,87254,17593],"class_list":["post-818689","post","type-post","status-publish","format-standard","has-post-thumbnail","category-sport","tag-24221","tag-borussia","tag-dampfhammer","tag-deutschland","tag-eugen-polanski","tag-freiburg","tag-germany","tag-ging","tag-gladbach","tag-moenchengladbach","tag-rouven-schroeder","tag-sport","tag-tabakovic","tag-vertrauen"],"share_on_mastodon":{"url":"https:\/\/pubeurope.com\/@de\/116118011029248184","error":""},"_links":{"self":[{"href":"https:\/\/www.europesays.com\/de\/wp-json\/wp\/v2\/posts\/818689","targetHints":{"allow":["GET"]}}],"collection":[{"href":"https:\/\/www.europesays.com\/de\/wp-json\/wp\/v2\/posts"}],"about":[{"href":"https:\/\/www.europesays.com\/de\/wp-json\/wp\/v2\/types\/post"}],"author":[{"embeddable":true,"href":"https:\/\/www.europesays.com\/de\/wp-json\/wp\/v2\/users\/2"}],"replies":[{"embeddable":true,"href":"https:\/\/www.europesays.com\/de\/wp-json\/wp\/v2\/comments?post=818689"}],"version-history":[{"count":0,"href":"https:\/\/www.europesays.com\/de\/wp-json\/wp\/v2\/posts\/818689\/revisions"}],"wp:featuredmedia":[{"embeddable":true,"href":"https:\/\/www.europesays.com\/de\/wp-json\/wp\/v2\/media\/818690"}],"wp:attachment":[{"href":"https:\/\/www.europesays.com\/de\/wp-json\/wp\/v2\/media?parent=818689"}],"wp:term":[{"taxonomy":"category","embeddable":true,"href":"https:\/\/www.europesays.com\/de\/wp-json\/wp\/v2\/categories?post=818689"},{"taxonomy":"post_tag","embeddable":true,"href":"https:\/\/www.europesays.com\/de\/wp-json\/wp\/v2\/tags?post=818689"}],"curies":[{"name":"wp","href":"https:\/\/api.w.org\/{rel}","templated":true}]}}