{"id":818699,"date":"2026-02-23T04:20:22","date_gmt":"2026-02-23T04:20:22","guid":{"rendered":"https:\/\/www.europesays.com\/de\/818699\/"},"modified":"2026-02-23T04:20:22","modified_gmt":"2026-02-23T04:20:22","slug":"jobcenter-alarm-vor-buergergeld-aus-wir-laufen-ins-offene-messer-politik","status":"publish","type":"post","link":"https:\/\/www.europesays.com\/de\/818699\/","title":{"rendered":"Jobcenter-Alarm vor B\u00fcrgergeld-Aus: \u201eWir laufen ins offene Messer!\u201c | Politik"},"content":{"rendered":"<p><a class=\"skip-content skip-content--link\" href=\"#in-content-skip-link-target-v-0-0\">TTS-Player \u00fcberspringen\u21b5<\/a><a id=\"in-content-skip-link-target-v-0-0\" class=\"skip-content--target-link-hidden skip-content skip-content--target-link\" href=\"#in-content-skip-link-target-v-0-0\">Artikel weiterlesen<\/a><\/p>\n<p>Berlin \u2013 <b>Anfang M\u00e4rz soll der Bundestag in dritter Lesung das B\u00fcrgergeld abschaffen und durch die neue Grundsicherung ersetzen. Start: 1. Juli 2026. Doch in den Jobcentern w\u00e4chst die Nervosit\u00e4t! Zwei Mitarbeiter aus unterschiedlichen Jobcentern berichten BILD von gro\u00dfen Zweifeln an der praktischen Umsetzung. Einer sagt: \u201eWir sind an der Basis faktisch unvorbereitet. Aktuell laufen wir ins offene Messer.\u201c Es gebe keinen klaren \u00dcbergangsplan, viele Fragen seien offen.<\/b><\/p>\n<p>Die eindringliche Warnung: \u201eWir wissen nicht, wie das alles praktisch laufen soll. Bisher gibt es auch von den Chefs keine Schulungen dazu.\u201c<\/p>\n<p>Besonders gro\u00df ist die Sorge vor der strengeren Verm\u00f6genspr\u00fcfung. \u201eWenn wir Konten, R\u00fccklagen und Schonverm\u00f6gen ohne fertige <a href=\"https:\/\/www.bild.de\/themen\/themen-uebersicht\/computer\/themenuebersicht-computer-37946732.bild.html\" class=\"text-link\" rel=\"nofollow noopener\" target=\"_blank\">IT<\/a>-L\u00f6sungen pr\u00fcfen m\u00fcssen, wird das ein enormer Mehraufwand\u201c, hei\u00dft es. \u201eDann pr\u00fcfen wir Fall f\u00fcr Fall \u2013 das kostet Zeit, die wir nicht haben.\u201c<\/p>\n<p>Arbeitsagentur: \u201eTempor\u00e4re Mehrbelastung in den Jobcentern\u201c<\/p>\n<p>Ist der Start der Grundsicherung also gef\u00e4hrdet? Die <a href=\"https:\/\/www.bild.de\/themen\/organisationen\/bundesagentur-fuer-arbeit\/wirtschaft-nachrichten-news-fotos-videos-19347866.bild.html\" class=\"text-link\" rel=\"nofollow noopener\" target=\"_blank\">Bundesagentur f\u00fcr Arbeit (BA) <\/a>gibt auf BILD-Anfrage Entwarnung. Demnach halte man \u201eden grunds\u00e4tzlichen Termin f\u00fcr realistisch\u201c, so eine Sprecherin. <\/p>\n<p>Gleichzeitig r\u00e4umt sie ein, dass \u201enicht f\u00fcr alle \u00c4nderungen\u201c rechtzeitig zum 1. Juli die IT-\u00c4nderungen umgesetzt werden k\u00f6nnen. Das werde \u201ezu einer tempor\u00e4ren Mehrbelastung in den Jobcentern f\u00fchren\u201c. Grund: Manche Prozessschritte m\u00fcssten zun\u00e4chst von Hand vorgenommen werden. Gerade beim Thema Schonverm\u00f6gen pl\u00e4diert die BA deshalb f\u00fcr eine sp\u00e4tere Umsetzung zum 1. August 2027, um manuelle Pr\u00fcfungen zu vermeiden.<\/p>\n<p>Mehr zum Thema<\/p>\n<p>Dennoch: Die Sprecherin erkl\u00e4rt gegen\u00fcber BILD ausdr\u00fccklich, die BA \u201ebegr\u00fc\u00dft die anstehende <a href=\"https:\/\/www.bild.de\/themen\/specials\/zahlungsmittel\/geld-sparen-nachrichten-news-fotos-videos-16903918.bild.html\" class=\"text-link\" rel=\"nofollow noopener\" target=\"_blank\">Reform<\/a>\u201c und bereitet sich seit Vorliegen des Referentenentwurfs konzeptionell darauf vor.<\/p>\n<p>Ihr sei bewusst, \u201edass es in einzelnen Jobcentern noch keinen detaillierten Umsetzungsfahrplan gibt\u201c. Solange der finale Gesetzestext nicht verabschiedet sei, k\u00f6nnten weder BA noch Jobcenter verbindliche Regelungen oder Anpassungen an der Beh\u00f6rden-Software umsetzen.<\/p>\n<p>Zugleich betont die BA, die Jobcenter h\u00e4tten in der Vergangenheit bereits bewiesen, \u201edass sie auch unter gro\u00dfer Last leistungsf\u00e4hig sind\u201c.<\/p>\n","protected":false},"excerpt":{"rendered":"TTS-Player \u00fcberspringen\u21b5Artikel weiterlesen Berlin \u2013 Anfang M\u00e4rz soll der Bundestag in dritter Lesung das B\u00fcrgergeld abschaffen und durch&hellip;\n","protected":false},"author":2,"featured_media":818700,"comment_status":"","ping_status":"","sticky":false,"template":"","format":"standard","meta":{"footnotes":"","_share_on_mastodon":"0"},"categories":[2],"tags":[55235,72389,10235,183626,384,29,30,55234,13,14,15,12,66225,184,45,10,8,9,11],"class_list":["post-818699","post","type-post","status-publish","format-standard","has-post-thumbnail","category-deutschland","tag-arbeitslos","tag-bas-baerbel","tag-bundesagentur-fuer-arbeit","tag-bundesministerium-fuer-arbeit-und-soziales","tag-buergergeld","tag-deutschland","tag-germany","tag-hartz-4","tag-headlines","tag-nachrichten","tag-news","tag-schlagzeilen","tag-sozialhilfeempfaenger","tag-spd","tag-texttospeech","tag-top-news","tag-top-meldungen","tag-topmeldungen","tag-topnews"],"share_on_mastodon":{"url":"https:\/\/pubeurope.com\/@de\/116118030161254545","error":""},"_links":{"self":[{"href":"https:\/\/www.europesays.com\/de\/wp-json\/wp\/v2\/posts\/818699","targetHints":{"allow":["GET"]}}],"collection":[{"href":"https:\/\/www.europesays.com\/de\/wp-json\/wp\/v2\/posts"}],"about":[{"href":"https:\/\/www.europesays.com\/de\/wp-json\/wp\/v2\/types\/post"}],"author":[{"embeddable":true,"href":"https:\/\/www.europesays.com\/de\/wp-json\/wp\/v2\/users\/2"}],"replies":[{"embeddable":true,"href":"https:\/\/www.europesays.com\/de\/wp-json\/wp\/v2\/comments?post=818699"}],"version-history":[{"count":0,"href":"https:\/\/www.europesays.com\/de\/wp-json\/wp\/v2\/posts\/818699\/revisions"}],"wp:featuredmedia":[{"embeddable":true,"href":"https:\/\/www.europesays.com\/de\/wp-json\/wp\/v2\/media\/818700"}],"wp:attachment":[{"href":"https:\/\/www.europesays.com\/de\/wp-json\/wp\/v2\/media?parent=818699"}],"wp:term":[{"taxonomy":"category","embeddable":true,"href":"https:\/\/www.europesays.com\/de\/wp-json\/wp\/v2\/categories?post=818699"},{"taxonomy":"post_tag","embeddable":true,"href":"https:\/\/www.europesays.com\/de\/wp-json\/wp\/v2\/tags?post=818699"}],"curies":[{"name":"wp","href":"https:\/\/api.w.org\/{rel}","templated":true}]}}