{"id":818761,"date":"2026-02-23T04:58:04","date_gmt":"2026-02-23T04:58:04","guid":{"rendered":"https:\/\/www.europesays.com\/de\/818761\/"},"modified":"2026-02-23T04:58:04","modified_gmt":"2026-02-23T04:58:04","slug":"fc-schweinfurt-05-scheitert-mit-neuem-system-bei-msv-duisburg","status":"publish","type":"post","link":"https:\/\/www.europesays.com\/de\/818761\/","title":{"rendered":"FC Schweinfurt 05 scheitert mit neuem System bei MSV Duisburg"},"content":{"rendered":"<p class=\"mb-6 text-xs md:text-m lg:text-l font-serif group-[.font-sans]:font-sans \">\n    Auf zu neuen Ufern? Erst einmal nicht. Nach der 1:3-(0:3)-Niederlage beim MSV Duisburg planscht <a href=\"https:\/\/www.mainpost.de\/sport\/schweinfurt\/fc-05-schweinfurt-vereinsgeschichte-erfolge-trainer-spieler-und-eine-insolvenz-art-10977350\" target=\"_self\" class=\"underline \" rel=\"nofollow noopener\">der FC Schweinfurt 05<\/a> weiterhin im Brackwasser der 3. Liga. Anders als bei den zuletzt respektablen Resultaten gegen etliche Top-Teams pr\u00e4sentierte sich das Schlusslicht gegen den Mitaufsteiger und Zweitliga-Aspiranten verunsichert, \u00fcberfordert und nach desolater erster Halbzeit ohne Ideen f\u00fcr eine Reaktion. <a href=\"https:\/\/www.mainpost.de\/schweinfurt\/sport\/fussball-3-liga-am-aschermittwoch-ist-alles-vorbei-der-fc-05-entlaesst-victor-kleinhenz-als-trainer-und-nicht-nur-den-113523744\" target=\"_self\" class=\"underline \" rel=\"nofollow noopener\">Der Trainerwechsel von Victor Kleinhenz zu Jermaine Jones \u2013 <\/a>f\u00fcrs Erste wirkungslos.\n  <\/p>\n<ul data-module-id=\"DragDropModule\" class=\"flex flex-wrap justify-start group-[.no-bookmarks]:hidden\">\n<li class=\"mb-3 mr-3\">\n    Michi Bauer<\/p>\n<p>      Icon Haken im Kreis gesetzt<\/p>\n<p>      Icon Plus im Kreis<\/p>\n<\/li>\n<li class=\"mb-3 mr-3\">\n    97422 Schweinfurt<\/p>\n<p>      Icon Haken im Kreis gesetzt<\/p>\n<p>      Icon Plus im Kreis<\/p>\n<\/li>\n<li class=\"mb-3 mr-3\">\n    Jermaine Jones<\/p>\n<p>      Icon Haken im Kreis gesetzt<\/p>\n<p>      Icon Plus im Kreis<\/p>\n<\/li>\n<\/ul>\n","protected":false},"excerpt":{"rendered":"Auf zu neuen Ufern? Erst einmal nicht. Nach der 1:3-(0:3)-Niederlage beim MSV Duisburg planscht der FC Schweinfurt 05&hellip;\n","protected":false},"author":2,"featured_media":818762,"comment_status":"","ping_status":"","sticky":false,"template":"","format":"standard","meta":{"footnotes":"","_share_on_mastodon":"0"},"categories":[1838],"tags":[3364,29,3715,34221,30,142627,183633,183629,183630,183632,1209,183631,23873,7702],"class_list":["post-818761","post","type-post","status-publish","format-standard","has-post-thumbnail","category-duisburg","tag-de","tag-deutschland","tag-duisburg","tag-fc-schweinfurt-05","tag-germany","tag-jermaine-jones","tag-johannes-geis","tag-kristian-boehnlein","tag-lucas-zeller","tag-michael-dellinger","tag-nordrhein-westfalen","tag-pius-kraetschmer","tag-profifussball","tag-schweinfurt"],"share_on_mastodon":{"url":"https:\/\/pubeurope.com\/@de\/116118179342338668","error":""},"_links":{"self":[{"href":"https:\/\/www.europesays.com\/de\/wp-json\/wp\/v2\/posts\/818761","targetHints":{"allow":["GET"]}}],"collection":[{"href":"https:\/\/www.europesays.com\/de\/wp-json\/wp\/v2\/posts"}],"about":[{"href":"https:\/\/www.europesays.com\/de\/wp-json\/wp\/v2\/types\/post"}],"author":[{"embeddable":true,"href":"https:\/\/www.europesays.com\/de\/wp-json\/wp\/v2\/users\/2"}],"replies":[{"embeddable":true,"href":"https:\/\/www.europesays.com\/de\/wp-json\/wp\/v2\/comments?post=818761"}],"version-history":[{"count":0,"href":"https:\/\/www.europesays.com\/de\/wp-json\/wp\/v2\/posts\/818761\/revisions"}],"wp:featuredmedia":[{"embeddable":true,"href":"https:\/\/www.europesays.com\/de\/wp-json\/wp\/v2\/media\/818762"}],"wp:attachment":[{"href":"https:\/\/www.europesays.com\/de\/wp-json\/wp\/v2\/media?parent=818761"}],"wp:term":[{"taxonomy":"category","embeddable":true,"href":"https:\/\/www.europesays.com\/de\/wp-json\/wp\/v2\/categories?post=818761"},{"taxonomy":"post_tag","embeddable":true,"href":"https:\/\/www.europesays.com\/de\/wp-json\/wp\/v2\/tags?post=818761"}],"curies":[{"name":"wp","href":"https:\/\/api.w.org\/{rel}","templated":true}]}}