{"id":818800,"date":"2026-02-23T05:19:13","date_gmt":"2026-02-23T05:19:13","guid":{"rendered":"https:\/\/www.europesays.com\/de\/818800\/"},"modified":"2026-02-23T05:19:13","modified_gmt":"2026-02-23T05:19:13","slug":"sturmwarnung-am-montag-dann-bis-zu-19-grad","status":"publish","type":"post","link":"https:\/\/www.europesays.com\/de\/818800\/","title":{"rendered":"Sturmwarnung am Montag, dann bis zu 19 Grad"},"content":{"rendered":"<p>Wind, Regen, Sonne <\/p>\n<p>So turbulent startet die Woche in K\u00f6ln<\/p>\n<p>23.02.2026 &#8211; 06:03 UhrLesedauer: 3 Min.<\/p>\n<p><a href=\"#focus-0\" class=\"transition-colors duration-200 block text-current relative\" data-sctrack=\"FocusGalleryImage.Reference\"><img fetchpriority=\"high\" data-testid=\"Opener.Image\" style=\"--lqipURL:url('https:\/\/images.t-online.de\/2025\/01\/1d3VSP0e-5FL\/0x209:4000x2250\/fit-in\/150x0\/filters:blur(25)\/einem-mann-weht-vor-dem-koelner-dom-ein-regenschirm-ins-gesicht-archivbild-in-den-kommenden-tagen-wird-in-koeln-und-der-region-ein-orkantief-mit-starken-regenschauern-erwartet.jpg')\"   loading=\"eager\" src=\"https:\/\/www.europesays.com\/de\/wp-content\/uploads\/2026\/02\/einem-mann-weht-vor-dem-koelner-dom-ein-regenschirm-ins-gesicht-archivbild-in-den-kommenden-tagen-wi.jpeg\" alt=\"Einem Mann weht vor dem K\u00f6lner Dom ein Regenschirm ins Gesicht (Archivbild): In den kommenden Tagen wird in K\u00f6ln und der Region ein Orkantief mit starken Regenschauern erwartet.\" title=\"Einem Mann weht vor dem K\u00f6lner Dom ein Regenschirm ins Gesicht (Archivbild): In den kommenden Tagen wird in K\u00f6ln und der Region ein Orkantief mit starken Regenschauern erwartet.\" width=\"4000\" height=\"2250\" class=\"bg-[url:var(--lqipURL)] bg-cover bg-center flex h-full w-full max-w-full\" decoding=\"async\"\/><img style=\"--width:32;--height:32\" loading=\"lazy\" src=\"https:\/\/koeln.t-online.de\/s\/paper\/_next\/static\/media\/zoom-in.f7dae02f.svg\" alt=\"Vergr\u00f6\u00dfern des Bildes\" title=\"Vergr\u00f6\u00dfern des Bildes\" class=\"block h-[calc(var(--height)_\/_16_*_1rem)] w-[calc(var(--width)_\/_16_*_1rem)] max-w-none absolute bottom-8 right-8 rounded-4 bg-snow p-8\" decoding=\"async\"\/><\/a><\/p>\n<p>Einem Mann weht vor dem K\u00f6lner Dom ein Regenschirm ins Gesicht (Archivbild): Der DWD warnt in der Domstadt vor st\u00fcrmischen Windb\u00f6en. (Quelle: IMAGO\/Marc John)<\/p>\n<p class=\"font-bold text-18 leading-17 user-text-lg:text-22 user-text-xl:text-24\">Der Montag bringt K\u00f6ln st\u00fcrmisches Wetter mit B\u00f6en bis Windst\u00e4rke 7, teilweise sogar 8. Doch schon kurz darauf steht ein \u00fcberraschender Temperaturanstieg bevor.<\/p>\n<p class=\"text-18 leading-17 user-text-lg:text-22 user-text-xl:text-24\">Der Deutsche Wetterdienst (DWD) hat f\u00fcr den Raum K\u00f6ln eine amtliche Warnung vor Windb\u00f6en herausgegeben, die am Montag von 12 bis 20 Uhr gilt. Es werden Windb\u00f6en mit Geschwindigkeiten bis 60 km\/h (17 m\/s, 33 kn, Windst\u00e4rke 7) erwartet, die anfangs aus s\u00fcdwestlicher, sp\u00e4ter aus westlicher Richtung auftreten.<\/p>\n<p class=\"text-18 leading-17 user-text-lg:text-22 user-text-xl:text-24\">Atlantische Tiefausl\u00e4ufer ziehen wiederholt \u00fcber Nordrhein-Westfalen hinweg und f\u00fchren sehr milde Luft heran. Der Wind nimmt im Laufe des Tages allm\u00e4hlich zu. H\u00e4ufig sind Windb\u00f6en bis 60 km\/h zu erwarten, in Schauern\u00e4he sowie in Hochlagen sogar starke bis st\u00fcrmische B\u00f6en zwischen 60 und 70 km\/h (Windst\u00e4rke 7-8). Am Abend l\u00e4sst der Wind wieder nach.<\/p>\n<p class=\"text-18 leading-17 user-text-lg:text-22 user-text-xl:text-24\">Im Norden und Nordosten Nordrhein-Westfalens k\u00f6nnen mit geringer Wahrscheinlichkeit einzelne kurze Gewitter mit Graupel und st\u00fcrmischen B\u00f6en bis 70 km\/h aus westlicher Richtung auftreten.<\/p>\n<p class=\"text-18 leading-17 user-text-lg:text-22 user-text-xl:text-24\">Der DWD warnt vor umherfliegenden leichten Gegenst\u00e4nden und empfiehlt, lose Gegenst\u00e4nde zu sichern sowie Zelte und Abdeckungen zu befestigen.<\/p>\n<p class=\"text-18 leading-17 user-text-lg:text-22 user-text-xl:text-24\">Das Wetter in K\u00f6ln zeigt sich am Montag wechselnd bis stark bew\u00f6lkt mit zeitweisen Regenschauern. Im Osten und Nordosten sind einzelne kurze Gewitter mit Graupel nicht ausgeschlossen. Die H\u00f6chstwerte liegen bei 10 bis 13 Grad, im Bergland bei 8 bis 10 Grad, auf dem Kahler Asten bei 5 Grad. Es herrscht m\u00e4\u00dfiger bis frischer Westwind mit starken, im Bergland sowie in Schauern st\u00fcrmischen B\u00f6en.<\/p>\n<p class=\"text-18 leading-17 user-text-lg:text-22 user-text-xl:text-24\">In der Nacht zum Dienstag bleibt es bei starker Bew\u00f6lkung zeitweise regnerisch. Die Temperaturen sinken auf 10 bis 6 Grad, im Hochsauerland bis 3 Grad.<\/p>\n<p class=\"text-18 leading-17 user-text-lg:text-22 user-text-xl:text-24\">Am Dienstag wird es stark bew\u00f6lkt bis bedeckt mit Regenf\u00e4llen, die in der zweiten Tagesh\u00e4lfte abklingen. Die Temperaturen steigen auf 11 bis 15 Grad, im Hochsauerland auf 7 bis 10 Grad. Es weht m\u00e4\u00dfiger Wind aus S\u00fcdwest.<\/p>\n<p class=\"text-18 leading-17 user-text-lg:text-22 user-text-xl:text-24\">In der Nacht zum Mittwoch klart es zunehmend auf, es wird gering bew\u00f6lkt oder klar, lokal ist Nebelbildung m\u00f6glich. Die Temperaturen gehen auf 8 bis 4 Grad zur\u00fcck.<\/p>\n<p class=\"text-18 leading-17 user-text-lg:text-22 user-text-xl:text-24\">Ab Mittwoch entspannt sich die Wetterlage deutlich: Es wird heiter bis sonnig und niederschlagsfrei. Ungew\u00f6hnlich mild zeigen sich die maximalen Temperaturen bei 16 bis 19 Grad, im Hochsauerland um 13 Grad. Der Wind bleibt schwach bis m\u00e4\u00dfig aus s\u00fcdlicher Richtung.<\/p>\n","protected":false},"excerpt":{"rendered":"Wind, Regen, Sonne So turbulent startet die Woche in K\u00f6ln 23.02.2026 &#8211; 06:03 UhrLesedauer: 3 Min. Einem Mann&hellip;\n","protected":false},"author":2,"featured_media":818801,"comment_status":"","ping_status":"","sticky":false,"template":"","format":"standard","meta":{"footnotes":"","_share_on_mastodon":"0"},"categories":[1828],"tags":[722,3176,31862,19636,950,29,4906,30,173759,1420,2029,1209,52425,32440,34823],"class_list":["post-818800","post","type-post","status-publish","format-standard","has-post-thumbnail","category-koeln","tag-722","tag-3176","tag-bergland","tag-boee","tag-deutscher-wetterdienst","tag-deutschland","tag-dwd","tag-germany","tag-hochsauerland","tag-koeln","tag-koelner-dom","tag-nordrhein-westfalen","tag-temperaturanstieg","tag-windboee","tag-windstaerke"],"share_on_mastodon":{"url":"https:\/\/pubeurope.com\/@de\/116118262223259325","error":""},"_links":{"self":[{"href":"https:\/\/www.europesays.com\/de\/wp-json\/wp\/v2\/posts\/818800","targetHints":{"allow":["GET"]}}],"collection":[{"href":"https:\/\/www.europesays.com\/de\/wp-json\/wp\/v2\/posts"}],"about":[{"href":"https:\/\/www.europesays.com\/de\/wp-json\/wp\/v2\/types\/post"}],"author":[{"embeddable":true,"href":"https:\/\/www.europesays.com\/de\/wp-json\/wp\/v2\/users\/2"}],"replies":[{"embeddable":true,"href":"https:\/\/www.europesays.com\/de\/wp-json\/wp\/v2\/comments?post=818800"}],"version-history":[{"count":0,"href":"https:\/\/www.europesays.com\/de\/wp-json\/wp\/v2\/posts\/818800\/revisions"}],"wp:featuredmedia":[{"embeddable":true,"href":"https:\/\/www.europesays.com\/de\/wp-json\/wp\/v2\/media\/818801"}],"wp:attachment":[{"href":"https:\/\/www.europesays.com\/de\/wp-json\/wp\/v2\/media?parent=818800"}],"wp:term":[{"taxonomy":"category","embeddable":true,"href":"https:\/\/www.europesays.com\/de\/wp-json\/wp\/v2\/categories?post=818800"},{"taxonomy":"post_tag","embeddable":true,"href":"https:\/\/www.europesays.com\/de\/wp-json\/wp\/v2\/tags?post=818800"}],"curies":[{"name":"wp","href":"https:\/\/api.w.org\/{rel}","templated":true}]}}