{"id":818825,"date":"2026-02-23T05:35:14","date_gmt":"2026-02-23T05:35:14","guid":{"rendered":"https:\/\/www.europesays.com\/de\/818825\/"},"modified":"2026-02-23T05:35:14","modified_gmt":"2026-02-23T05:35:14","slug":"kritik-fuer-simone-ballack-redet-sich-um-kopf-und-kragen","status":"publish","type":"post","link":"https:\/\/www.europesays.com\/de\/818825\/","title":{"rendered":"Kritik f\u00fcr Simone Ballack \u2013 &#8222;Redet sich um Kopf und Kragen&#8220;"},"content":{"rendered":"<p>Simone Ballack: &#8222;Er manipuliert Menschen komplett&#8220;<\/p>\n<p>Nach seinem Unfall hatte Gil Ofarim (43) viel geschlafen. Simone Ballack (49) fand dazu deutliche Worte. <strong>&#8222;Normalerweise m\u00fcssten die Zuschauer ihn rausw\u00e4hlen&#8220;,<\/strong> so ihre Meinung. Dass er so lange im Dschungelcamp blieb, konnte sie nicht verstehen. &#8222;Ja, ich kann das nicht nachvollziehen, da f\u00fchle ich mich auch verarscht&#8220;, legte sie nach. Zudem forderte sie auch<a href=\"https:\/\/www.ok-magazin.de\/tv-streaming\/gil-ofarim-simone-ballack-patrick-romer-fordern-entschuldigung-wie-oft-soll-ich-das-noch-machen-112170.html\" target=\"_blank\" data-entity-type=\"node\" data-entity-uuid=\"8b073cd9-9194-414b-bb01-e03b32f48b48\" data-entity-substitution=\"canonical\" rel=\"noopener nofollow\"> immer wieder eine Entschuldigung von Gil<\/a> \u2013 doch der schwieg. Nach ihrem Exit machte Simone schlie\u00dflich eine krasse Enth\u00fcllung. Seine Ex-Frau Verena Ofarim (38) hatte sie noch <a href=\"https:\/\/www.ok-magazin.de\/tv-streaming\/dschungelcamp-simone-ballack-enthuellt-verena-ofarim-warnte-sie-vor-ex-gil-ofarim-112171.html\" target=\"_blank\" data-entity-type=\"node\" data-entity-uuid=\"41cbedfc-1195-4b85-b27b-3045e1e4a552\" data-entity-substitution=\"canonical\" rel=\"noopener nofollow\">vor TV-Start vor dem Musiker gewarnt<\/a>: &#8222;Sie hat gesagt: &#8218;Pass auf, er ist ein Manipulator&#8216;.&#8220; Ihr Fazit: Sollte er gewinnen, w\u00fcrde sie das Dschungelcamp nie wieder anschauen. Nun hat sich der S\u00e4nger tats\u00e4chlich die Dschungelkrone \u2013 und Simone Ballack<strong> stimmte beim Nachspiel ganz sanfte T\u00f6ne an.\u00a0<\/strong><\/p>\n<p>&#8222;Du hast dich nicht getraut die Wahrheit zu sagen&#8220;<\/p>\n<p>Dass Simone Ballack pl\u00f6tzlich eher positiv von Gil Ofarim redet, kommt bei den Zuschauern gar nicht gut an. Im sozialen Netzwerk <strong>hagelt es heftige Kritik.<\/strong>&#8222;Frau Ballack, sorry, diese Rede brauchte keiner!&#8220;, schreibt dieser User. Jemand anderes wirft ihr vor: &#8222;Simone sei ehrlich, du hattest Gil unterstellt, dass er gespielt hat, verletzt gewesen zu sein.&#8220; Dieser Fan bringt es auf den Punkt:<\/p>\n<blockquote>\n<p>Simone, du hast dich nicht getraut die Wahrheit zu sagen, dass es dir nicht gepasst hat das Gil gewinnt! Sehr traurig.<\/p>\n<\/blockquote>\n<p>Dieser Dschungelcamp-Zuschauer fasst das Verhalten von Simone Ballack in einem kurzen Satz zusammen: &#8222;Simone redet sich um Kopf und Kragen.&#8220; Dieser Fan findet ihr Verhalten offenbar widerspr\u00fcchlich. <strong>&#8222;Du schie\u00dft gegen Gil und redest jetzt so? BESCH\u00c4MEND!!!!&#8220;,<\/strong> lautet der Kommentar, w\u00e4hrend hier jemand schreibt: &#8222;Simone hat auch den Neid gegen\u00fcber Gil gezeigt, das muss sie jetzt nicht abstreiten. Unverst\u00e4ndnis das Gil immer noch so lange drin war. Und nun so&#8230;. Ich mag sie nicht.&#8220;<\/p>\n<p><strong>Verwendete Quellen: <\/strong>Instagram<\/p>\n","protected":false},"excerpt":{"rendered":"Simone Ballack: &#8222;Er manipuliert Menschen komplett&#8220; Nach seinem Unfall hatte Gil Ofarim (43) viel geschlafen. Simone Ballack (49)&hellip;\n","protected":false},"author":2,"featured_media":818826,"comment_status":"","ping_status":"","sticky":false,"template":"","format":"standard","meta":{"footnotes":"","_share_on_mastodon":"0"},"categories":[1773],"tags":[29,933,214,30,21125,471,1780,129721,215],"class_list":["post-818825","post","type-post","status-publish","format-standard","has-post-thumbnail","category-serien","tag-deutschland","tag-dschungelcamp","tag-entertainment","tag-germany","tag-gil-ofarim","tag-serien","tag-series","tag-simone-ballack","tag-unterhaltung"],"share_on_mastodon":{"url":"https:\/\/pubeurope.com\/@de\/116118324900098033","error":""},"_links":{"self":[{"href":"https:\/\/www.europesays.com\/de\/wp-json\/wp\/v2\/posts\/818825","targetHints":{"allow":["GET"]}}],"collection":[{"href":"https:\/\/www.europesays.com\/de\/wp-json\/wp\/v2\/posts"}],"about":[{"href":"https:\/\/www.europesays.com\/de\/wp-json\/wp\/v2\/types\/post"}],"author":[{"embeddable":true,"href":"https:\/\/www.europesays.com\/de\/wp-json\/wp\/v2\/users\/2"}],"replies":[{"embeddable":true,"href":"https:\/\/www.europesays.com\/de\/wp-json\/wp\/v2\/comments?post=818825"}],"version-history":[{"count":0,"href":"https:\/\/www.europesays.com\/de\/wp-json\/wp\/v2\/posts\/818825\/revisions"}],"wp:featuredmedia":[{"embeddable":true,"href":"https:\/\/www.europesays.com\/de\/wp-json\/wp\/v2\/media\/818826"}],"wp:attachment":[{"href":"https:\/\/www.europesays.com\/de\/wp-json\/wp\/v2\/media?parent=818825"}],"wp:term":[{"taxonomy":"category","embeddable":true,"href":"https:\/\/www.europesays.com\/de\/wp-json\/wp\/v2\/categories?post=818825"},{"taxonomy":"post_tag","embeddable":true,"href":"https:\/\/www.europesays.com\/de\/wp-json\/wp\/v2\/tags?post=818825"}],"curies":[{"name":"wp","href":"https:\/\/api.w.org\/{rel}","templated":true}]}}