{"id":818905,"date":"2026-02-23T06:27:11","date_gmt":"2026-02-23T06:27:11","guid":{"rendered":"https:\/\/www.europesays.com\/de\/818905\/"},"modified":"2026-02-23T06:27:11","modified_gmt":"2026-02-23T06:27:11","slug":"rat-der-stadt-hannover-tagt-am-26-februar-2026","status":"publish","type":"post","link":"https:\/\/www.europesays.com\/de\/818905\/","title":{"rendered":"Rat der Stadt Hannover tagt am 26. Februar 2026"},"content":{"rendered":"<p>Der Rat der Landeshauptstadt Hannover tagt am kommenden Donnerstag (26. Februar 2026) um 15 Uhr im Ratssaal des Neuen Rathauses, <a href=\"https:\/\/www.hannover-entdecken.de\/platz-der-menschenrechte-hannover\/\" data-internallinksmanager029f6b8e52c=\"2351\" title=\"Platz der Menschenrechte (Trammplatz)\" rel=\"nofollow noopener\" target=\"_blank\">Platz der Menschenrechte<\/a> 1, \u00f6ffentlich.<\/p>\n<p>Die Tagesordnung steht im Internet unter <a href=\"http:\/\/www.ratsinfo-hannover.de\" target=\"_blank\" rel=\"nofollow noopener\">www.ratsinfo-hannover.de<\/a>.<\/p>\n<p><strong>Informationen zu Sitzung und Tagungsort:<\/strong><\/p>\n<p>Sitzungsdatum:\t26.02.2026<br \/>Tagungsort: Rathaus, Ratssaal<br \/>Beginn:\t15:00 Uhr<\/p>\n<p><strong>Tagesordnung:<\/strong><br \/>1.\tEr\u00f6ffnung der Sitzung, Feststellung der ordnungsgem\u00e4\u00dfen Einberufung und Beschlussf\u00e4higkeit sowie Feststellung der Tagesordnung<br \/>2.\tGenehmigung des Protokolls \u00fcber die Sitzung am 30.10.2025<br \/>3.\tA N F R A G E N<br \/>3.1.\tAnfrage der CDU-Fraktion zur Sicherheit und Resilienz der Strominfrastruktur in Hannover vor dem Hintergrund aktueller Sabotage- und Angriffsereignisse (Drucks. Nr. 0094\/2026)<br \/>3.2.\tAnfrage der Fraktion B\u00fcndnis 90\/Die Gr\u00fcnen + Volt + Piratenpartei zur Inklusion und Barrierefreiheit in Hannover (Drucks. Nr. 0095\/2026)<br \/>3.3.\tAnfrage der FDP-Fraktion zu Defibrillatoren an weiterf\u00fchrenden <a href=\"https:\/\/www.hannover-entdecken.de\/schulen-in-hannover\/\" data-internallinksmanager029f6b8e52c=\"3966\" title=\"Schulen in Hannover\" rel=\"nofollow noopener\" target=\"_blank\">Schulen<\/a> (Drucks. Nr. 0351\/2026)<br \/>3.4.\tAnfrage von Ratsherrn Felix M\u00f6nkemeyer (Einzelvertreter DIE LINKE.): M\u00fcllentsorgung mit Hindernissen (Drucks. Nr. 0348\/2026)<br \/>3.5.\tAnfrage von Ratsherrn Jens B\u00f6ning (Einzelvertreter Die Hannoveraner) zu Vandalismus bei Fu\u00dfballspielen (Drucks. Nr. 0352\/2026)<br \/>4.\tNeu- und Umbesetzungen in verschiedenen Gremien<br \/>4.1.\tVVG \u2013 Versorgungs- und Verkehrsgesellschaft Hannover mbH Umbesetzungen im Aufsichtsrat und der Gesellschafterversammlung der VVG (Drucks. Nr. 0388\/2026)<br \/>4.2.\tUmbesetzungen in verschiedenen Gremien<br \/>5.\tZweckverband Abfallwirtschaft <a href=\"https:\/\/www.hannover-entdecken.de\/region-hannover\/\" data-internallinksmanager029f6b8e52c=\"3756\" title=\"Region Hannover\" rel=\"nofollow noopener\" target=\"_blank\">Region Hannover<\/a> (aha) \u2013 14. Verordnung zur \u00c4nderung der Verordnung \u00fcber Art und Umfang der Stra\u00dfenreinigung in der Landeshauptstadt Hannover (Drucks. Nr. 2723\/2025 N1)<br \/>5.1.\t\u00c4nderungsantrag der Fraktion B\u00fcndnis 90\/Die Gr\u00fcnen + Volt + Piratenpartei zu Drucks. Nr. 2723\/2025 N1: Zweckverband aha \u2013 14. Verordnung zur \u00c4nderung der Verordnung \u00fcber Art und Umfang der Stra\u00dfenreinigung in der LHH (Drucks. Nr. 0332\/2026)<br \/>6.\thannoverimpuls GmbH \u2013 Verl\u00e4ngerung einer Ausfallb\u00fcrgschaft (Drucks. Nr. 0176\/2026)<br \/>7.\tFinanzierung der Jugend-, Familien- und Erziehungsberatung (Drucks. Nr. 2398\/2025)<br \/>7.1.\tGemeinsamer \u00c4nderungsantrag der Fraktionen von B\u00fcndnis 90\/Die Gr\u00fcnen + Volt + Piratenpartei und SPD zu Drucks. Nr. 2398\/2025: Finanzierung der Jugend-, Familien- und Erziehungsberatung (Drucks. Nr. 0185\/2026)<br \/>8.\tAntrag des Jugendhilfeausschusses aus dem Antrag Nr. 0034\/2026 N2 von Lars Mesch zur Richtlinie zur F\u00f6rderung der Kinder- und Jugendarbeit: Teil B \u2013 F\u00f6rderung von Jugendinitiativen, Jugendverb\u00e4nden und deren Zusammenschl\u00fcssen (Drucks. Nr. 0255\/2026)<br \/>9.\tErste Verl\u00e4ngerung der Geltungsdauer der Ver\u00e4nderungssperre Nr. 126 f\u00fcr den Geltungsbereich des Bebauungsplans 1883 \u2013 Geha-Carr\u00e9 \u2013 (Drucks. Nr. 2719\/2025)<br \/>10.\tBebauungsplan im vereinfachten Verfahren Nr. 1940 \u2013 N\u00f6rdlich <a href=\"https:\/\/www.hannover-entdecken.de\/scheidestrasse-hannover\/\" data-internallinksmanager029f6b8e52c=\"1443\" title=\"Scheidestra\u00dfe\" rel=\"nofollow noopener\" target=\"_blank\">Scheidestra\u00dfe<\/a> -, Satzungsbeschluss (Drucks. Nr. 0124\/2026)<br \/>11.\tGemeinsamer Antrag der SPD-Fraktion, der CDU-Fraktion und der FDP-Fraktion: Sozial und sicher: Teams f\u00fcr den \u00f6ffentlichen Raum (Drucks. Nr. 2063\/2025 N1)<br \/>11.1.\t\u00c4nderungsantrag der Fraktion B\u00fcndnis 90\/Die Gr\u00fcnen + Volt + Piratenpartei zu Drucks. Nr. 2063\/2025: Antrag der SPD-Fraktion: Sozial und sicher: Teams f\u00fcr den \u00f6ffentlichen Raum (Drucks. Nr. 2369\/2025)<br \/>12.\tAntrag der SPD-Fraktion: Sonderfonds f\u00fcr die Sanierung der Kitas in freier Tr\u00e4gerschaft (Drucks. Nr. 2064\/2025 N1)<br \/>12.1.\t\u00c4nderungsantrag der Fraktion B\u00fcndnis 90\/Die Gr\u00fcnen + Volt + Piratenpartei gem\u00e4\u00df \u00a712 der GO des Rates der LHH zu DS- 2064\/2025 N1: Sonderfonds f\u00fcr die Sanierung der Kitas in freier Tr\u00e4gerschaft (Drucks. Nr. 2634\/2025)<br \/>13.\tAntrag der SPD-Fraktion: Konzept und Finanzierung eines offenen Frauenhauses (Modell: Oranje Huis) (Drucks. Nr. 2524\/2025)<br \/>13.1.\tZusatzantrag der Fraktion B\u00fcndnis 90\/Die Gr\u00fcnen + Volt + Piratenpartei zu Drucks. Nr. 2524\/2025: Antrag der SPD-Fraktion: Konzept und Finanzierung eines offenen Frauenhauses (Modell: Oranje Huis) (Drucks. Nr. 0262\/2026)<br \/>14.\tAntrag der CDU-Fraktion zur finanziellen Entlastungen f\u00fcr den von <a href=\"https:\/\/www.hannover-entdecken.de\/tag\/baustellen\/\" data-internallinksmanager029f6b8e52c=\"3799\" title=\"Baustellen\" rel=\"nofollow noopener\" target=\"_blank\">Baustellen<\/a> beeintr\u00e4chtigten Einzelhandel (Drucks. Nr. 2545\/2025)<br \/>15.\tAntrag der Fraktion B\u00fcndnis 90\/Die Gr\u00fcnen + Volt + Piratenpartei zu den Anforderungen an die zuk\u00fcnftige Entwicklung des <a href=\"https:\/\/www.hannover-entdecken.de\/nordstadt\/\" data-internallinksmanager029f6b8e52c=\"3715\" title=\"Stadtteil Nordstadt\" rel=\"nofollow noopener\" target=\"_blank\">Nordstadt<\/a>-Klinik-Areals (Drucks. Nr. 2620\/2025)<br \/>16.\tNeufassung: Dringlichkeitsantrag der Fraktion B\u00fcndnis 90\/Die Gr\u00fcnen + Volt + Piratenparteigem\u00e4\u00df \u00a7 11 der Gesch\u00e4ftsordnung des Rates der Landeshauptstadt: Sofortige Beseitigung der Baum\u00e4ngel an der OBS Pestalozzi (Drucks. Nr. 2683\/2025 N1)<br \/>17.\tA N T R \u00c4 G E<br \/>17.1.\tAntrag der AfD-Fraktion: Konzept zur Verbesserung des Winterdienstes 2026\/2027 (Drucks. Nr. 0318\/2026)<br \/>17.2.\tAntrag der AfD-Fraktion zum Winter-Notfallplan f\u00fcr den \u00d6ffentlichen Personennahverkehr (\u00d6PNV) (Drucks. Nr. 0320\/2026)<br \/>17.3.\tAntrag von Ratsherrn Jens B\u00f6ning (Einzelvertreter Die Hannoveraner): \u201eHann-o-mat\u201c zur Kommunalwahl (Drucks. Nr. 0353\/2026)<br \/>18. ff.\tNicht\u00f6ffentliche Tagesordnungspunkte<\/p>\n<p class=\"isc_image_list_title\">Bildquellen:<\/p>\n<ul class=\"isc_image_list\">\n<li>Ratssitzung: www.hannover-entdecken.de<\/li>\n<li>Stadtgemeinschaftshaus Nord: Landeshauptstadt Hannover (LHH)<\/li>\n<li>Haus an der Badenstedter Stra\u00dfe: punkt-linden.de<\/li>\n<li>Ratssaal Hannover: www.hannover-entdecken.de<\/li>\n<\/ul>\n<p><a href=\"https:\/\/www.hannover-entdecken.de\/author\/pressemitteilung-stadt\/\" title=\"Alle Artikel von Pressemitteilung Stadt Hannover\" rel=\"nofollow noopener\" target=\"_blank\">Pressemitteilung Stadt Hannover<\/a>                                <\/p>\n","protected":false},"excerpt":{"rendered":"Der Rat der Landeshauptstadt Hannover tagt am kommenden Donnerstag (26. Februar 2026) um 15 Uhr im Ratssaal des&hellip;\n","protected":false},"author":2,"featured_media":818906,"comment_status":"","ping_status":"","sticky":false,"template":"","format":"standard","meta":{"footnotes":"","_share_on_mastodon":"0"},"categories":[1836],"tags":[4568,4223,17655,3364,29,347,30,46,1411,4803],"class_list":["post-818905","post","type-post","status-publish","format-standard","has-post-thumbnail","category-hannover","tag-schulen","tag-aha","tag-baustellen","tag-de","tag-deutschland","tag-fussball","tag-germany","tag-hannover","tag-niedersachsen","tag-nordstadt"],"share_on_mastodon":{"url":"https:\/\/pubeurope.com\/@de\/116118529348169584","error":""},"_links":{"self":[{"href":"https:\/\/www.europesays.com\/de\/wp-json\/wp\/v2\/posts\/818905","targetHints":{"allow":["GET"]}}],"collection":[{"href":"https:\/\/www.europesays.com\/de\/wp-json\/wp\/v2\/posts"}],"about":[{"href":"https:\/\/www.europesays.com\/de\/wp-json\/wp\/v2\/types\/post"}],"author":[{"embeddable":true,"href":"https:\/\/www.europesays.com\/de\/wp-json\/wp\/v2\/users\/2"}],"replies":[{"embeddable":true,"href":"https:\/\/www.europesays.com\/de\/wp-json\/wp\/v2\/comments?post=818905"}],"version-history":[{"count":0,"href":"https:\/\/www.europesays.com\/de\/wp-json\/wp\/v2\/posts\/818905\/revisions"}],"wp:featuredmedia":[{"embeddable":true,"href":"https:\/\/www.europesays.com\/de\/wp-json\/wp\/v2\/media\/818906"}],"wp:attachment":[{"href":"https:\/\/www.europesays.com\/de\/wp-json\/wp\/v2\/media?parent=818905"}],"wp:term":[{"taxonomy":"category","embeddable":true,"href":"https:\/\/www.europesays.com\/de\/wp-json\/wp\/v2\/categories?post=818905"},{"taxonomy":"post_tag","embeddable":true,"href":"https:\/\/www.europesays.com\/de\/wp-json\/wp\/v2\/tags?post=818905"}],"curies":[{"name":"wp","href":"https:\/\/api.w.org\/{rel}","templated":true}]}}