{"id":819216,"date":"2026-02-23T09:23:12","date_gmt":"2026-02-23T09:23:12","guid":{"rendered":"https:\/\/www.europesays.com\/de\/819216\/"},"modified":"2026-02-23T09:23:12","modified_gmt":"2026-02-23T09:23:12","slug":"vfb-stuttgart-beim-1-fc-heidenheim-fuehrich-trotz-starker-leistung-ausgewechselt-hoeness-erklaert-entscheidung-vfb-stuttgart","status":"publish","type":"post","link":"https:\/\/www.europesays.com\/de\/819216\/","title":{"rendered":"VfB Stuttgart beim 1. FC Heidenheim: F\u00fchrich trotz starker Leistung ausgewechselt \u2013 Hoene\u00df erkl\u00e4rt Entscheidung &#8211; VfB Stuttgart"},"content":{"rendered":"<p>Der Fl\u00fcgelst\u00fcrmer ist in Heidenheim einer der auff\u00e4lligsten Stuttgarter, geht aber Mitte der zweiten H\u00e4lfte vom Feld. Sebastian Hoene\u00df erkl\u00e4rt die Ma\u00dfnahme.<\/p>\n<p>Seine Formkurve zeigt seit Wochen nach oben: <a href=\"https:\/\/www.esslinger-zeitung.de\/thema\/Chris_F%C3%BChrich\" title=\"Chris F\u00fchrich\" class=\"art_thema\" rel=\"nofollow noopener\" target=\"_blank\">Chris F\u00fchrich<\/a> ist nach einer pers\u00f6nlich nicht zufriedenstellenden Hinrunde beim <a href=\"https:\/\/www.esslinger-zeitung.de\/thema\/VfB_Stuttgart\" title=\"VfB Stuttgart\" class=\"art_thema\" rel=\"nofollow noopener\" target=\"_blank\">VfB Stuttgart<\/a> l\u00e4ngst auf dem Weg zur\u00fcck zu alter St\u00e4rke und hat sein Selbstbewusstsein zur\u00fcckgewonnen. Das zeigte sich auch beim 3:3 gegen den 1. FC Heidenheim, als der Fl\u00fcgelst\u00fcrmer einer der auff\u00e4lligsten Akteure seines Teams war \u2013 und das nicht nur aufgrund seines fr\u00fchen Tores zum 1:0 (5.), bei dem er den Ball erst eroberte und dann kaltschn\u00e4uzig abschloss.<\/p>\n","protected":false},"excerpt":{"rendered":"Der Fl\u00fcgelst\u00fcrmer ist in Heidenheim einer der auff\u00e4lligsten Stuttgarter, geht aber Mitte der zweiten H\u00e4lfte vom Feld. Sebastian&hellip;\n","protected":false},"author":2,"featured_media":819217,"comment_status":"","ping_status":"","sticky":false,"template":"","format":"standard","meta":{"footnotes":"","_share_on_mastodon":"0"},"categories":[1830],"tags":[1634,299,75287,3364,29,30,183692,1441,2915,5329],"class_list":["post-819216","post","type-post","status-publish","format-standard","has-post-thumbnail","category-stuttgart","tag-baden-wuerttemberg","tag-bundesliga","tag-chris-fuehrich","tag-de","tag-deutschland","tag-germany","tag-hdhvfb","tag-stuttgart","tag-vfb-stuttgart","tag-video"],"share_on_mastodon":{"url":"https:\/\/pubeurope.com\/@de\/116119221497795198","error":""},"_links":{"self":[{"href":"https:\/\/www.europesays.com\/de\/wp-json\/wp\/v2\/posts\/819216","targetHints":{"allow":["GET"]}}],"collection":[{"href":"https:\/\/www.europesays.com\/de\/wp-json\/wp\/v2\/posts"}],"about":[{"href":"https:\/\/www.europesays.com\/de\/wp-json\/wp\/v2\/types\/post"}],"author":[{"embeddable":true,"href":"https:\/\/www.europesays.com\/de\/wp-json\/wp\/v2\/users\/2"}],"replies":[{"embeddable":true,"href":"https:\/\/www.europesays.com\/de\/wp-json\/wp\/v2\/comments?post=819216"}],"version-history":[{"count":0,"href":"https:\/\/www.europesays.com\/de\/wp-json\/wp\/v2\/posts\/819216\/revisions"}],"wp:featuredmedia":[{"embeddable":true,"href":"https:\/\/www.europesays.com\/de\/wp-json\/wp\/v2\/media\/819217"}],"wp:attachment":[{"href":"https:\/\/www.europesays.com\/de\/wp-json\/wp\/v2\/media?parent=819216"}],"wp:term":[{"taxonomy":"category","embeddable":true,"href":"https:\/\/www.europesays.com\/de\/wp-json\/wp\/v2\/categories?post=819216"},{"taxonomy":"post_tag","embeddable":true,"href":"https:\/\/www.europesays.com\/de\/wp-json\/wp\/v2\/tags?post=819216"}],"curies":[{"name":"wp","href":"https:\/\/api.w.org\/{rel}","templated":true}]}}