{"id":819546,"date":"2026-02-23T12:25:15","date_gmt":"2026-02-23T12:25:15","guid":{"rendered":"https:\/\/www.europesays.com\/de\/819546\/"},"modified":"2026-02-23T12:25:15","modified_gmt":"2026-02-23T12:25:15","slug":"tv-experte-nennt-gruende-fuer-deutschlands-misserfolge","status":"publish","type":"post","link":"https:\/\/www.europesays.com\/de\/819546\/","title":{"rendered":"TV-Experte nennt Gr\u00fcnde f\u00fcr Deutschlands Misserfolge"},"content":{"rendered":"<p>Nur eine deutsche Medaille <\/p>\n<p>Biathlon-Experte \u00e4u\u00dfert sich zu Olympia-Misserfolg<\/p>\n<p>Aktualisiert am 23.02.2026 &#8211; 13:13 UhrLesedauer: 2 Min.<\/p>\n<p><a href=\"#focus-0\" class=\"transition-colors duration-200 block text-current relative\" data-sctrack=\"FocusGalleryImage.Reference\"><img fetchpriority=\"high\" data-testid=\"Opener.Image\" style=\"--lqipURL:url('https:\/\/images.t-online.de\/2026\/02\/vebgHeuRE7Ur\/258x54:2721x1531\/fit-in\/150x0\/filters:blur(25)\/michael-ebs-roesch-ehemaliger-biathlet-und-trainer-2-7-2023-oberhof-deutschland-ibu-world-championships-biathlon-oberhof-2023-michael-ebs-roesch-former-biathlete-and-coach-2-7-2023-oberhof-germany-ibu-world-championships-biathlon-oberhof-2023-xprx.jpg')\"   loading=\"eager\" src=\"https:\/\/www.europesays.com\/de\/wp-content\/uploads\/2026\/02\/michael-ebs-roesch-ehemaliger-biathlet-und-trainer-2-7-2023-oberhof-deutschland-ibu-world-championsh.jpeg\" alt=\"imago images 1024637373\" title=\"imago images 1024637373\" width=\"2721\" height=\"1531\" class=\"bg-[url:var(--lqipURL)] bg-cover bg-center flex h-full w-full max-w-full\" decoding=\"async\"\/><img style=\"--width:32;--height:32\" loading=\"lazy\" src=\"https:\/\/www.t-online.de\/s\/paper\/_next\/static\/media\/zoom-in.f7dae02f.svg\" alt=\"Vergr\u00f6\u00dfern des Bildes\" title=\"Vergr\u00f6\u00dfern des Bildes\" class=\"block h-[calc(var(--height)_\/_16_*_1rem)] w-[calc(var(--width)_\/_16_*_1rem)] max-w-none absolute bottom-8 right-8 rounded-4 bg-snow p-8\" decoding=\"async\"\/><\/a><\/p>\n<p>Michael R\u00f6sch: Der Olympiasieger beendete im Februar 2019 seine Karriere. (Quelle: IMAGO\/Steffen Proessdorf\/imago)<\/p>\n<p class=\"font-bold text-18 leading-17 user-text-lg:text-22 user-text-xl:text-24\">Angesichts der mageren Bilanz von nur einer Medaille wird \u00fcber die Zukunft des deutschen Biathlons diskutiert. TV-Experte Michael R\u00f6sch \u00e4u\u00dfert eine Vermutung.<\/p>\n<p class=\"text-18 leading-17 user-text-lg:text-22 user-text-xl:text-24\">F\u00fcr Ex-Olympiasieger Michael R\u00f6sch hat die Erfolgslosigkeit im deutschen Biathlon bei den Olympischen Spielen vor allem mit der Einstellung der deutschen Athleten zu tun. &#8222;Man kann sich fragen, ob das nicht zu viel ist, man sich ins gemachte Nest setzt und den Druck nicht sp\u00fcrt&#8220;, sagte er bei <a class=\"transition-colors duration-200 cursor-pointer text-inherit no-underline text-salemsfur md:hover:text-magenta md:hover:border-magenta md:focus:text-magenta border-current border-b border-solid break-words\" href=\"https:\/\/www.t-online.de\/themen\/eurosport\/\" data-sctrack=\"BodyAnchor\" rel=\"nofollow noopener\" target=\"_blank\">Eurosport<\/a>. Er empfiehlt, k\u00fcnftig auch &#8222;nach links und rechts&#8220; zu blicken und sich im Hinblick auf das Training etwas bei anderen Nationen abzuschauen, um wieder erfolgreich zu sein. Das h\u00e4tte er zu seiner aktiven Zeit ebenfalls getan.<\/p>\n<p class=\"text-18 leading-17 user-text-lg:text-22 user-text-xl:text-24\">Denn die Rahmenbedingungen, um bessere Ergebnisse zu erzielen, seien in Deutschland eigentlich gegeben. &#8222;Wir sind in vielen Aspekten Weltspitze, vom F\u00f6rdersystem \u00fcber die Wettkampfst\u00e4tten, wir haben Wissenschaftler und super Material&#8220;, sagte der 42-J\u00e4hrige.<\/p>\n<p class=\"text-18 leading-17 user-text-lg:text-22 user-text-xl:text-24\">Zudem \u00fcbte er generelle Kritik an der Organisation der Unterkunft des Deutschen Ski-Verbands (DSV). &#8222;Die Deutschen waren alle in einem Haus, vielleicht geht man sich nach drei Wochen dann auch mal auf den Sack und das bringt das Teamgef\u00fcge durcheinander.&#8220; Der DSV gewann bei den Biathlon-Wettbewerben lediglich Bronze in der Mixed-Staffel \u2013 ein olympischer Negativrekord f\u00fcr die deutschen Biathleten.<\/p>\n<p class=\"text-18 leading-17 user-text-lg:text-22 user-text-xl:text-24\">R\u00f6sch gewann bei den Olympischen Spielen 2006 mit der Staffel Gold, zudem holte er mit der Staffel dreimal Bronze bei den Weltmeisterschaften 2007, 2008 und 2009. Seit der Saison 2021\/22 ist er als Experte und Co-Kommentator f\u00fcr Eurosport t\u00e4tig.<\/p>\n","protected":false},"excerpt":{"rendered":"Nur eine deutsche Medaille Biathlon-Experte \u00e4u\u00dfert sich zu Olympia-Misserfolg Aktualisiert am 23.02.2026 &#8211; 13:13 UhrLesedauer: 2 Min. Michael&hellip;\n","protected":false},"author":2,"featured_media":819547,"comment_status":"","ping_status":"","sticky":false,"template":"","format":"standard","meta":{"footnotes":"","_share_on_mastodon":"0"},"categories":[136],"tags":[100802,862,29,31894,51525,30,183740,656,13025,265],"class_list":["post-819546","post","type-post","status-publish","format-standard","has-post-thumbnail","category-sport","tag-100802","tag-biathlon","tag-deutschland","tag-dsv","tag-eurosport","tag-germany","tag-michael-roesch","tag-olympia","tag-olympische-spiele","tag-sport"],"share_on_mastodon":{"url":"https:\/\/pubeurope.com\/@de\/116119937330722779","error":""},"_links":{"self":[{"href":"https:\/\/www.europesays.com\/de\/wp-json\/wp\/v2\/posts\/819546","targetHints":{"allow":["GET"]}}],"collection":[{"href":"https:\/\/www.europesays.com\/de\/wp-json\/wp\/v2\/posts"}],"about":[{"href":"https:\/\/www.europesays.com\/de\/wp-json\/wp\/v2\/types\/post"}],"author":[{"embeddable":true,"href":"https:\/\/www.europesays.com\/de\/wp-json\/wp\/v2\/users\/2"}],"replies":[{"embeddable":true,"href":"https:\/\/www.europesays.com\/de\/wp-json\/wp\/v2\/comments?post=819546"}],"version-history":[{"count":0,"href":"https:\/\/www.europesays.com\/de\/wp-json\/wp\/v2\/posts\/819546\/revisions"}],"wp:featuredmedia":[{"embeddable":true,"href":"https:\/\/www.europesays.com\/de\/wp-json\/wp\/v2\/media\/819547"}],"wp:attachment":[{"href":"https:\/\/www.europesays.com\/de\/wp-json\/wp\/v2\/media?parent=819546"}],"wp:term":[{"taxonomy":"category","embeddable":true,"href":"https:\/\/www.europesays.com\/de\/wp-json\/wp\/v2\/categories?post=819546"},{"taxonomy":"post_tag","embeddable":true,"href":"https:\/\/www.europesays.com\/de\/wp-json\/wp\/v2\/tags?post=819546"}],"curies":[{"name":"wp","href":"https:\/\/api.w.org\/{rel}","templated":true}]}}