{"id":819651,"date":"2026-02-23T13:24:14","date_gmt":"2026-02-23T13:24:14","guid":{"rendered":"https:\/\/www.europesays.com\/de\/819651\/"},"modified":"2026-02-23T13:24:14","modified_gmt":"2026-02-23T13:24:14","slug":"vfb-stuttgart-abseitspfiff-gegen-demirovic-kamera-zeigt-neue-perspektive-vfb-stuttgart","status":"publish","type":"post","link":"https:\/\/www.europesays.com\/de\/819651\/","title":{"rendered":"VfB Stuttgart: Abseitspfiff gegen Demirovic \u2013 Kamera zeigt neue Perspektive &#8211; VfB Stuttgart"},"content":{"rendered":"<p>Der DFB \u00e4u\u00dfert sich zur viel diskutierten Szene in der 73. Minute in Heidenheim, zum Unmut des VfB \u2013 und zur m\u00f6glichen Einf\u00fchrung eines Toleranzbereichs.<\/p>\n<p>Gleiche H\u00f6he oder Abseits? Oft entscheiden Zentimeter \u00fcber diese Frage, die in Fu\u00dfball-Deutschland und andernorts immer wieder f\u00fcr kontroverse Diskussionen sorgt \u2013 was nicht weiter verwundert, schlie\u00dflich h\u00e4ngt von der Antwort nicht selten direkt die An- oder Aberkennung eines Tores ab. Wie zuletzt beim <a href=\"https:\/\/www.esslinger-zeitung.de\/thema\/VfB_Stuttgart\" title=\"VfB Stuttgart\" class=\"art_thema\" rel=\"nofollow noopener\" target=\"_blank\">VfB Stuttgart<\/a>, der sich im <a href=\"https:\/\/www.esslinger-zeitung.de\/thema\/Bundesliga\" title=\"Bundesliga\" class=\"art_thema\" rel=\"nofollow noopener\" target=\"_blank\">Bundesliga<\/a>-Ausw\u00e4rtsspiel beim 1. FC Heidenheim (3:3) in der 73. Minute zu fr\u00fch freute. Mittelst\u00fcrmer Ermedin Demirovic hatte zum vermeintlichen 3:2-F\u00fchrungstreffer eingek\u00f6pft, der dann aber wieder einkassiert wurde: Veto des Videoassistenten aus K\u00f6ln, dieser hatte den Stuttgarter minimal in der verbotenen Zone gesehen.<\/p>\n","protected":false},"excerpt":{"rendered":"Der DFB \u00e4u\u00dfert sich zur viel diskutierten Szene in der 73. Minute in Heidenheim, zum Unmut des VfB&hellip;\n","protected":false},"author":2,"featured_media":819652,"comment_status":"","ping_status":"","sticky":false,"template":"","format":"standard","meta":{"footnotes":"","_share_on_mastodon":"0"},"categories":[1830],"tags":[115876,1634,299,3364,29,30,183692,1441,2915,5329],"class_list":["post-819651","post","type-post","status-publish","format-standard","has-post-thumbnail","category-stuttgart","tag-abseits","tag-baden-wuerttemberg","tag-bundesliga","tag-de","tag-deutschland","tag-germany","tag-hdhvfb","tag-stuttgart","tag-vfb-stuttgart","tag-video"],"share_on_mastodon":{"url":"https:\/\/pubeurope.com\/@de\/116120169150266246","error":""},"_links":{"self":[{"href":"https:\/\/www.europesays.com\/de\/wp-json\/wp\/v2\/posts\/819651","targetHints":{"allow":["GET"]}}],"collection":[{"href":"https:\/\/www.europesays.com\/de\/wp-json\/wp\/v2\/posts"}],"about":[{"href":"https:\/\/www.europesays.com\/de\/wp-json\/wp\/v2\/types\/post"}],"author":[{"embeddable":true,"href":"https:\/\/www.europesays.com\/de\/wp-json\/wp\/v2\/users\/2"}],"replies":[{"embeddable":true,"href":"https:\/\/www.europesays.com\/de\/wp-json\/wp\/v2\/comments?post=819651"}],"version-history":[{"count":0,"href":"https:\/\/www.europesays.com\/de\/wp-json\/wp\/v2\/posts\/819651\/revisions"}],"wp:featuredmedia":[{"embeddable":true,"href":"https:\/\/www.europesays.com\/de\/wp-json\/wp\/v2\/media\/819652"}],"wp:attachment":[{"href":"https:\/\/www.europesays.com\/de\/wp-json\/wp\/v2\/media?parent=819651"}],"wp:term":[{"taxonomy":"category","embeddable":true,"href":"https:\/\/www.europesays.com\/de\/wp-json\/wp\/v2\/categories?post=819651"},{"taxonomy":"post_tag","embeddable":true,"href":"https:\/\/www.europesays.com\/de\/wp-json\/wp\/v2\/tags?post=819651"}],"curies":[{"name":"wp","href":"https:\/\/api.w.org\/{rel}","templated":true}]}}