{"id":819689,"date":"2026-02-23T13:46:19","date_gmt":"2026-02-23T13:46:19","guid":{"rendered":"https:\/\/www.europesays.com\/de\/819689\/"},"modified":"2026-02-23T13:46:19","modified_gmt":"2026-02-23T13:46:19","slug":"wm-2026-trainer-von-deutschem-gegner-tritt-sofort-zurueck-sport","status":"publish","type":"post","link":"https:\/\/www.europesays.com\/de\/819689\/","title":{"rendered":"WM 2026: Trainer von deutschem Gegner tritt sofort zur\u00fcck | Sport"},"content":{"rendered":"<p><a class=\"skip-content skip-content--link\" href=\"#in-content-skip-link-target-v-0-0\">TTS-Player \u00fcberspringen\u21b5<\/a><a id=\"in-content-skip-link-target-v-0-0\" class=\"skip-content--target-link-hidden skip-content skip-content--target-link\" href=\"#in-content-skip-link-target-v-0-0\">Artikel weiterlesen<\/a><\/p>\n<p><b>Wechsel auf der Trainerbank! Dick Advocaat (78) ist nicht l\u00e4nger Nationalmannschafts-Trainer von Curacao. Das gab der deutsche Gruppengegner bei der <\/b><a href=\"https:\/\/www.bild.de\/sport\/fussball\/wm-2026-chaos-in-mexiko-sind-die-wm-playoffs-in-gefahr-699c2814d2efdf1bd0d2f580\" class=\"text-link\" rel=\"nofollow noopener\" target=\"_blank\"><b>Weltmeisterschaft<\/b><\/a><b> im kommenden Juni und Juli am Montagmorgen in den sozialen Medien bekannt. Demnach tritt der Holl\u00e4nder zur\u00fcck, um sich um seine Tochter zu k\u00fcmmern, die mit gesundheitlichen Probleme zu k\u00e4mpfen hat. <\/b><\/p>\n<p>Advocaat: \u201eIch habe immer gesagt, dass die Familie vor dem Fu\u00dfball kommt. Daher ist dies eine nat\u00fcrliche Entscheidung. Das \u00e4ndert jedoch nichts daran, dass ich Cura\u00e7ao, die Menschen dort und meine Kollegen sehr vermissen werde. Die Qualifikation des kleinsten Landes der Welt f\u00fcr die Weltmeisterschaft betrachte ich als einen der H\u00f6hepunkte meiner Karriere. Ich bin stolz auf meine Spieler, meine Mitarbeiter und die Vorstandsmitglieder, die an uns geglaubt haben.\u201c<\/p>\n<p> An dieser Stelle findest du Inhalte aus Instagram <\/p>\n<p> Um mit Inhalten aus Instagram und anderen sozialen Netzwerken zu interagieren oder diese darzustellen, brauchen wir deine Zustimmung. <\/p>\n<p> soziale Netzwerke aktivieren  Um eingebettete Inhalte anzuzeigen, ist Ihre jederzeit widerrufliche Einwilligung (\u00fcber den Schalter oder \u00fcber &#8220; <a class=\"embed-placeholder__text-link\" href=\"#\" rel=\"noopener noreferrer\" title=\"Tracking widerrufen\"> Widerruf Tracking und Cookies<\/a> &#8220; am Seitenende) zur Verarbeitung personenbezogener Daten n\u00f6tig.  Dabei k\u00f6nnen Daten in Drittl\u00e4nder wie die USA \u00fcbermittelt werden (Art. 49 Abs. 1 lit. a DSGVO). Mit dem Aktivieren des Inhalts stimmen Sie zu. Weitere Infos finden Sie <a class=\"embed-placeholder__text-link\" href=\"#\" rel=\"noopener noreferrer\" title=\"Zu den Privatsph\u00e4re Einstellungen\"> hier<\/a>. <\/p>\n<p>Der ehemalige <a href=\"https:\/\/www.bild.de\/sport\/fussball\/borussia-moenchengladbach\/startseite-borussia-moenchengladbach-31074418.bild.html\" class=\"text-link\" rel=\"nofollow noopener\" target=\"_blank\">Gladbach<\/a>-Trainer hatte den Insel-Staat aus der Karibik sensationell zur Weltmeisterschaft gef\u00fchrt und f\u00fcr einen Rekord gesorgt. Curacao (rund 148.000 Einwohner) ist das kleinste Land, das sich jemals f\u00fcr eine WM qualifizieren konnte. Advocaat wird bei dem Turnier jedoch nicht mit dabei sein.<\/p>\n<p>Gilbert Martina, der Vorsitzende des Fu\u00dfballverbands von Cura\u00e7ao, sagt: \u201eSeine Entscheidung kann nur respektiert werden. Dick hat mit der Fu\u00dfballnationalmannschaft Geschichte geschrieben. Cura\u00e7ao wird Dick immer dankbar sein.\u201c<\/p>\n<p>Ex-Schalker \u00fcbernimmt deutschen WM-Gegner<\/p>\n<p>Nachfolger wird ein alter Bekannter aus der Bundesliga: Fred Rutten (63) \u00fcbernimmt den vakanten Posten. Der Landsmann von Advocaat war von Sommer 2008 bis M\u00e4rz 2009 Trainer auf <a href=\"https:\/\/www.bild.de\/sport\/fussball\/schalke\/startseite-schalke-31074428.bild.html\" class=\"text-link\" rel=\"nofollow noopener\" target=\"_blank\">Schalke<\/a>, wurde jedoch nach 37 Spielen wieder gefeuert. <\/p>\n<p><img decoding=\"async\" width=\"992\" height=\"558\" alt=\"Fred Rutten (63) trainierte neben Schalke unter anderem auch Twente Enschede, PSV Eindhoven und Feyenoord Rotterdam\" src=\"https:\/\/www.europesays.com\/de\/wp-content\/uploads\/2026\/02\/57a8a7a2c2b95405ccf0a9a281a801fd,e5a5f4af.jpeg\"   class=\"landscape\" loading=\"lazy\"\/><\/p>\n<p class=\"fig__caption__text\">Fred Rutten (63) trainierte neben Schalke unter anderem auch Twente Enschede, PSV Eindhoven und Feyenoord Rotterdam<\/p>\n<p>Foto: AP<\/p>\n<p>In der WM-Gruppe E trifft er mit Curacao auf <a href=\"https:\/\/www.bild.de\/sport\/fussball\/nationalmannschaft\/home-15770882.bild.html\" class=\"text-link\" rel=\"nofollow noopener\" target=\"_blank\">Deutschland<\/a>, die Elfenbeink\u00fcste und Ecuador. Das Auftaktspiel bestreitet der WM-Neuling am 14. Juni in Houston gegen die DFB-Elf. Ansto\u00df ist um 19 Uhr deutscher Zeit. <\/p>\n","protected":false},"excerpt":{"rendered":"TTS-Player \u00fcberspringen\u21b5Artikel weiterlesen Wechsel auf der Trainerbank! Dick Advocaat (78) ist nicht l\u00e4nger Nationalmannschafts-Trainer von Curacao. Das gab&hellip;\n","protected":false},"author":2,"featured_media":819690,"comment_status":"","ping_status":"","sticky":false,"template":"","format":"standard","meta":{"footnotes":"","_share_on_mastodon":"0"},"categories":[136],"tags":[1263,33895,29,123214,347,38029,30,13764,265,45],"class_list":["post-819689","post","type-post","status-publish","format-standard","has-post-thumbnail","category-sport","tag-aufmacher-bereich","tag-curacao","tag-deutschland","tag-dick-advocaat","tag-fussball","tag-fussball-wm-2026","tag-germany","tag-qualifikation","tag-sport","tag-texttospeech"],"share_on_mastodon":{"url":"https:\/\/pubeurope.com\/@de\/116120255499389928","error":""},"_links":{"self":[{"href":"https:\/\/www.europesays.com\/de\/wp-json\/wp\/v2\/posts\/819689","targetHints":{"allow":["GET"]}}],"collection":[{"href":"https:\/\/www.europesays.com\/de\/wp-json\/wp\/v2\/posts"}],"about":[{"href":"https:\/\/www.europesays.com\/de\/wp-json\/wp\/v2\/types\/post"}],"author":[{"embeddable":true,"href":"https:\/\/www.europesays.com\/de\/wp-json\/wp\/v2\/users\/2"}],"replies":[{"embeddable":true,"href":"https:\/\/www.europesays.com\/de\/wp-json\/wp\/v2\/comments?post=819689"}],"version-history":[{"count":0,"href":"https:\/\/www.europesays.com\/de\/wp-json\/wp\/v2\/posts\/819689\/revisions"}],"wp:featuredmedia":[{"embeddable":true,"href":"https:\/\/www.europesays.com\/de\/wp-json\/wp\/v2\/media\/819690"}],"wp:attachment":[{"href":"https:\/\/www.europesays.com\/de\/wp-json\/wp\/v2\/media?parent=819689"}],"wp:term":[{"taxonomy":"category","embeddable":true,"href":"https:\/\/www.europesays.com\/de\/wp-json\/wp\/v2\/categories?post=819689"},{"taxonomy":"post_tag","embeddable":true,"href":"https:\/\/www.europesays.com\/de\/wp-json\/wp\/v2\/tags?post=819689"}],"curies":[{"name":"wp","href":"https:\/\/api.w.org\/{rel}","templated":true}]}}