{"id":819765,"date":"2026-02-23T14:26:16","date_gmt":"2026-02-23T14:26:16","guid":{"rendered":"https:\/\/www.europesays.com\/de\/819765\/"},"modified":"2026-02-23T14:26:16","modified_gmt":"2026-02-23T14:26:16","slug":"pol-ob-eine-abenteuerliche-fahrt-und-geschichte","status":"publish","type":"post","link":"https:\/\/www.europesays.com\/de\/819765\/","title":{"rendered":"POL-OB: Eine abenteuerliche Fahrt und Geschichte"},"content":{"rendered":"<p class=\"date\">23.02.2026 \u2013 15:20<\/p>\n<p class=\"customer\">\n                        <a class=\"story-customer\" title=\"weiter zum newsroom von Polizeipr\u00e4sidium Oberhausen\" href=\"https:\/\/www.presseportal.de\/blaulicht\/nr\/62138\" rel=\"nofollow noopener\" target=\"_blank\">Polizeipr\u00e4sidium Oberhausen<\/a>\n                    <\/p>\n<p><a class=\"glightbox event-trigger\" href=\"https:\/\/cache.pressmailing.net\/thumbnail\/story_hires\/ae249a7e-f194-4e22-8333-0f7f719c0676\/OTS_AlteWalz.jpg.jpg\" data-description=\"Foto: Polizei Oberhausen\" data-category=\"medialightbox\" data-action=\"click\" data-label=\"single\" data-value=\"699c6212270000fd2cc968ca\" rel=\"nofollow noopener\" target=\"_blank\"><img decoding=\"async\" height=\"540\" with=\"720\" src=\"https:\/\/www.europesays.com\/de\/wp-content\/uploads\/2026\/02\/pol-ob-eine-abenteuerliche-fahrt-und-geschichte.jpeg\"   alt=\"POL-OB: Eine abenteuerliche Fahrt und Geschichte\" class=\"single\"\/><\/a><\/p>\n<p><a data-category=\"citylink-story-view\" data-action=\"click\" data-label=\"Citylink in Meldungsansicht\" class=\"story-city event-trigger\" href=\"https:\/\/www.presseportal.de\/regional\/Oberhausen\" title=\"News aus Oberhausen \" rel=\"nofollow noopener\" target=\"_blank\">Oberhausen<\/a> (ots)<\/p>\n<p>Am Freitagabend (20.02.) ereignete sich gegen 22:18 Uhr auf der Stra\u00dfe &#8222;Alte Walz&#8220; ein Verkehrsunfall. Ein 23-j\u00e4hriger Pkw-Fahrer war mit seinem Audi in Fahrtrichtung Essener Stra\u00dfe unterwegs, als er im Bereich einer Linkskurve die Kontrolle \u00fcber sein Fahrzeug verlor und mit einem Baum kollidierte.<\/p>\n<p>Gegen\u00fcber den eingesetzten Polizeibeamten gab der Fahrzeugf\u00fchrer an, einem Tier ausgewichen zu sein.<\/p>\n<p>Ein Zeuge schilderte den Einsatzkr\u00e4ften jedoch eine etwas dynamischere Version des Geschehens: Nach dessen Angaben war ihm der Audi bereits zuvor im Bereich der Rudolf-Weber-Arena aufgefallen. Dort soll das Fahrzeug mit deutlich \u00fcberh\u00f6hter Geschwindigkeit gef\u00fchrt worden sein. Neben dem Audi habe sich ein weiterer Pkw, mutma\u00dflich ein Porsche, befunden. Beide Fahrzeuge sollen kr\u00e4ftig beschleunigt und gemeinsam in Fahrtrichtung Essener Stra\u00dfe unterwegs gewesen sein.<\/p>\n<p>In der dortigen Kurve endete der sportliche Fahrstil des Audi-Fahrers schlie\u00dflich abrupt, als er die Kontrolle \u00fcber sein Fahrzeug verlor und von der Fahrbahn abkam. Der Fahrer des mutma\u00dflich beteiligten Porsche setzte seine Fahrt in unbekannte Richtung fort.<\/p>\n<p>Der 23-j\u00e4hrige Audi-Fahrer blieb gegen\u00fcber den Polizeibeamten bei seiner urspr\u00fcnglichen Darstellung, wonach ein &#8222;tierischer Verkehrsteilnehmer&#8220; Anlass f\u00fcr das Ausweichman\u00f6ver gewesen sei.<br \/>\nGegen ihn wurde ein Strafverfahren wegen des Verdachts der Teilnahme an einem verbotenen Kraftfahrzeugrennen eingeleitet. Sowohl der Fahrer als auch sein Beifahrer blieben unverletzt. Der ohnehin nicht mehr fahrbereite Pkw wurde sichergestellt.<br \/>\nDie weiteren Ermittlungen dauern an.<\/p>\n<p class=\"contact-headline\">R\u00fcckfragen bitte an:<\/p>\n<p class=\"contact-text\">(Nur f\u00fcr Journalisten \/ Medienvertreter)<\/p>\n<p>Polizeipr\u00e4sidium Oberhausen<br \/>Pressestelle<br \/>Telefon: 0208\/826 22 22<br \/>E-Mail: <a href=\"https:\/\/www.presseportal.de\/blaulicht\/pm\/62138\/mailto: pressestelle.oberhausen@polizei.nrw.de\" class=\"uri-mailto\" rel=\"nofollow noopener\" target=\"_blank\"> pressestelle.oberhausen@polizei.nrw.de<\/a><br \/><a target=\"_blank\" class=\"uri-ext outbound\" rel=\"noopener nofollow\" href=\"https:\/\/oberhausen.polizei.nrw\">https:\/\/oberhausen.polizei.nrw<\/a><\/p>\n<p class=\"originator\">Original-Content von: Polizeipr\u00e4sidium Oberhausen, \u00fcbermittelt durch news aktuell<\/p>\n","protected":false},"excerpt":{"rendered":"23.02.2026 \u2013 15:20 Polizeipr\u00e4sidium Oberhausen Oberhausen (ots) Am Freitagabend (20.02.) ereignete sich gegen 22:18 Uhr auf der Stra\u00dfe&hellip;\n","protected":false},"author":2,"featured_media":819766,"comment_status":"","ping_status":"","sticky":false,"template":"","format":"standard","meta":{"footnotes":"","_share_on_mastodon":"0"},"categories":[1838],"tags":[3364,29,3715,30,177,1209,176,121,178,180,179,181],"class_list":["post-819765","post","type-post","status-publish","format-standard","has-post-thumbnail","category-duisburg","tag-de","tag-deutschland","tag-duisburg","tag-germany","tag-kriminalitt","tag-nordrhein-westfalen","tag-nrw","tag-polizei","tag-presse","tag-pressemeldung","tag-pressemitteilung","tag-pressemitteilungen"],"share_on_mastodon":{"url":"https:\/\/pubeurope.com\/@de\/116120413072919932","error":""},"_links":{"self":[{"href":"https:\/\/www.europesays.com\/de\/wp-json\/wp\/v2\/posts\/819765","targetHints":{"allow":["GET"]}}],"collection":[{"href":"https:\/\/www.europesays.com\/de\/wp-json\/wp\/v2\/posts"}],"about":[{"href":"https:\/\/www.europesays.com\/de\/wp-json\/wp\/v2\/types\/post"}],"author":[{"embeddable":true,"href":"https:\/\/www.europesays.com\/de\/wp-json\/wp\/v2\/users\/2"}],"replies":[{"embeddable":true,"href":"https:\/\/www.europesays.com\/de\/wp-json\/wp\/v2\/comments?post=819765"}],"version-history":[{"count":0,"href":"https:\/\/www.europesays.com\/de\/wp-json\/wp\/v2\/posts\/819765\/revisions"}],"wp:featuredmedia":[{"embeddable":true,"href":"https:\/\/www.europesays.com\/de\/wp-json\/wp\/v2\/media\/819766"}],"wp:attachment":[{"href":"https:\/\/www.europesays.com\/de\/wp-json\/wp\/v2\/media?parent=819765"}],"wp:term":[{"taxonomy":"category","embeddable":true,"href":"https:\/\/www.europesays.com\/de\/wp-json\/wp\/v2\/categories?post=819765"},{"taxonomy":"post_tag","embeddable":true,"href":"https:\/\/www.europesays.com\/de\/wp-json\/wp\/v2\/tags?post=819765"}],"curies":[{"name":"wp","href":"https:\/\/api.w.org\/{rel}","templated":true}]}}