{"id":819772,"date":"2026-02-23T14:30:10","date_gmt":"2026-02-23T14:30:10","guid":{"rendered":"https:\/\/www.europesays.com\/de\/819772\/"},"modified":"2026-02-23T14:30:10","modified_gmt":"2026-02-23T14:30:10","slug":"demokratiefest-im-zeitzentrum-zivilcourage-zum-jubilaeum","status":"publish","type":"post","link":"https:\/\/www.europesays.com\/de\/819772\/","title":{"rendered":"demokratie*fest im ZeitZentrum Zivilcourage zum Jubil\u00e4um"},"content":{"rendered":"<p><a href=\"https:\/\/www.hannover-entdecken.de\/wp-content\/uploads\/2022\/02\/ZeitZentrum-Zivilcourage.jpg\" rel=\"nofollow noopener\" target=\"_blank\"><img loading=\"lazy\" decoding=\"async\" aria-describedby=\"caption-attachment-43363\" class=\"size-medium wp-image-43363\" src=\"https:\/\/www.europesays.com\/de\/wp-content\/uploads\/2026\/02\/ZeitZentrum-Zivilcourage-300x225.jpg\" alt=\"ZeitZentrum Zivilcourage\" width=\"300\" height=\"225\"  \/><\/a><\/p>\n<p id=\"caption-attachment-43363\" class=\"wp-caption-text\">ZeitZentrum Zivilcourage<\/p>\n<p><strong><a href=\"https:\/\/www.hannover-entdecken.de\/zeitzentrum-zivilcourage\/\" data-internallinksmanager029f6b8e52c=\"3957\" title=\"Zeitzentrum Zivilcourage\" rel=\"nofollow noopener\" target=\"_blank\">ZeitZentrum Zivilcourage<\/a> feiert f\u00fcnfj\u00e4hriges Bestehen mit Tag der offenen T\u00fcr<\/strong><\/p>\n<p>Das ZeitZentrum Zivilcourage feiert im M\u00e4rz sein f\u00fcnfj\u00e4hriges Bestehen. Zu diesem Anlass sind alle Interessierten am Sonnabend, 14. M\u00e4rz, von 11 bis 16 Uhr zu einem Tag der offenen T\u00fcr unter dem Titel \u201edemokratie*fest\u201c eingeladen.<\/p>\n<p>Der Tag beginnt um 11 Uhr mit der Begr\u00fc\u00dfung von <a href=\"https:\/\/www.hannover-entdecken.de\/buergermeister-der-stadt-hannover\/\" data-internallinksmanager029f6b8e52c=\"3906\" title=\"Oberb\u00fcrgermeister\" rel=\"nofollow noopener\" target=\"_blank\">Oberb\u00fcrgermeister<\/a> Belit Onay. Dr. Jens Binner, Direktor des ZeitZentrums Zivilcourage, gibt im Anschluss einen R\u00fcckblick auf die vergangenen Jahre und schildert die Aussichten. Danach steht das Podiumsgespr\u00e4ch \u201eZivilgesellschaft und kommunale Erinnerungskultur \u2013 Perspektiven f\u00fcr die Zukunft\u201c auf dem Programm. Es sprechen Bildungs- und Kulturdezernentin Eva Bender, Tchadarou Abdoul, Generation Postmigration e.V., Lisanne Richter, catcallsofhannover, Sebastian Wertm\u00fcller, Netzwerk Erinnerung und Zukunft e.V., sowie ein*e Vertreter*in des Andersraum e.V. Die Moderation hat Meggy Jackstadt. Die S\u00e4ngerin Joy Bogat und die Autorin Ninia LaGrande begleiten mit kulturellen Beitr\u00e4gen.<\/p>\n<p>Nach dem offiziellen Jubil\u00e4umsprogramm werden von 12.30 bis 16 Uhr interaktive Angebote mit Mitmachstationen rund um die hannoverschen Erinnerungskulturen geboten. Es gibt thematische Kurzf\u00fchrungen mit Einblicken in die Arbeit des ZeitZentrums, die interaktive Erkundung \u201eMeine Welt\u201c, kurze Outdoor-Stadtf\u00fchrungen, eine Fotoaktion zum Thema Demokratie, Gewinne am Gl\u00fccksrad sowie Raum f\u00fcr kreativen Austausch, Kaffee und mehr.<\/p>\n<p>Das ZeitZentrum Zivilcourage, <a href=\"https:\/\/www.hannover-entdecken.de\/theodor-lessing-platz-hannover\/\" data-internallinksmanager029f6b8e52c=\"2348\" title=\"Theodor-Lessing-Platz\" rel=\"nofollow noopener\" target=\"_blank\">Theodor-Lessing-Platz<\/a> 1a, ist der Lernort f\u00fcr die Geschichte der hannoverschen Stadtgesellschaft in der Zeit des Nationalsozialismus. Dar\u00fcber hinaus betreut und f\u00f6rdert das Team lokale Erinnerungsformen und Projekte wie beispielsweise die <a href=\"https:\/\/www.hannover-entdecken.de\/stolpersteine-hannover\/\" data-internallinksmanager029f6b8e52c=\"3939\" title=\"Stolpersteine\" rel=\"nofollow noopener\" target=\"_blank\">Stolpersteine<\/a>, st\u00e4dtische Informationstafeln und Erinnerungsorte in Hannover. Auch regelm\u00e4\u00dfige Publikationen zu historischer Grundlagenforschung geh\u00f6ren zum Angebot.<\/p>\n","protected":false},"excerpt":{"rendered":"ZeitZentrum Zivilcourage ZeitZentrum Zivilcourage feiert f\u00fcnfj\u00e4hriges Bestehen mit Tag der offenen T\u00fcr Das ZeitZentrum Zivilcourage feiert im M\u00e4rz&hellip;\n","protected":false},"author":2,"featured_media":819773,"comment_status":"","ping_status":"","sticky":false,"template":"","format":"standard","meta":{"footnotes":"","_share_on_mastodon":"0"},"categories":[1836],"tags":[3364,29,30,46,525,1411,3748,14732,183782],"class_list":["post-819772","post","type-post","status-publish","format-standard","has-post-thumbnail","category-hannover","tag-de","tag-deutschland","tag-germany","tag-hannover","tag-mitte","tag-niedersachsen","tag-oberbuergermeister","tag-stolpersteine","tag-zeitzentrum-zivilcourage"],"share_on_mastodon":{"url":"https:\/\/pubeurope.com\/@de\/116120428703946093","error":""},"_links":{"self":[{"href":"https:\/\/www.europesays.com\/de\/wp-json\/wp\/v2\/posts\/819772","targetHints":{"allow":["GET"]}}],"collection":[{"href":"https:\/\/www.europesays.com\/de\/wp-json\/wp\/v2\/posts"}],"about":[{"href":"https:\/\/www.europesays.com\/de\/wp-json\/wp\/v2\/types\/post"}],"author":[{"embeddable":true,"href":"https:\/\/www.europesays.com\/de\/wp-json\/wp\/v2\/users\/2"}],"replies":[{"embeddable":true,"href":"https:\/\/www.europesays.com\/de\/wp-json\/wp\/v2\/comments?post=819772"}],"version-history":[{"count":0,"href":"https:\/\/www.europesays.com\/de\/wp-json\/wp\/v2\/posts\/819772\/revisions"}],"wp:featuredmedia":[{"embeddable":true,"href":"https:\/\/www.europesays.com\/de\/wp-json\/wp\/v2\/media\/819773"}],"wp:attachment":[{"href":"https:\/\/www.europesays.com\/de\/wp-json\/wp\/v2\/media?parent=819772"}],"wp:term":[{"taxonomy":"category","embeddable":true,"href":"https:\/\/www.europesays.com\/de\/wp-json\/wp\/v2\/categories?post=819772"},{"taxonomy":"post_tag","embeddable":true,"href":"https:\/\/www.europesays.com\/de\/wp-json\/wp\/v2\/tags?post=819772"}],"curies":[{"name":"wp","href":"https:\/\/api.w.org\/{rel}","templated":true}]}}