{"id":820364,"date":"2026-02-23T19:54:13","date_gmt":"2026-02-23T19:54:13","guid":{"rendered":"https:\/\/www.europesays.com\/de\/820364\/"},"modified":"2026-02-23T19:54:13","modified_gmt":"2026-02-23T19:54:13","slug":"militaerhistorisches-museum-dresden-sucht-zeitzeugen-der-ddr-und-frueher","status":"publish","type":"post","link":"https:\/\/www.europesays.com\/de\/820364\/","title":{"rendered":"Milit\u00e4rhistorisches Museum Dresden sucht Zeitzeugen der DDR und fr\u00fcher"},"content":{"rendered":"<p>Anfangsjahre<\/p>\n<p>Zeitzeugnisse vom Dresdner Heeresmuseum der Wehrmacht gesucht<\/p>\n<p><img decoding=\"async\" alt=\"Das Milit\u00e4rhistorische Museum der Bundeswehr plant f\u00fcr das Jahr 2027 eine Sonderausstellung zur Geschichte des Museums.\" fetchpriority=\"high\"  src=\"https:\/\/www.europesays.com\/de\/wp-content\/uploads\/2026\/02\/HROVC3F6VFHA5BAAGPLXI2TTGQ.jpg\" \/><\/p>\n<p class=\"Textstyled__Text-sc-1cqv9mi-0 cLyiiX ArticleHeadstyled__ArticleSubHeadline-sc-tdzyy5-11 fXdZot\">F\u00fcr eine geplante Ausstellung 2027 sucht das Milit\u00e4rhistorische Museum der Bundeswehr alte Erinnerungsst\u00fccke und Geschichten aus seinen Anf\u00e4ngen. Interessierte k\u00f6nnen mit Fotos oder Anekdoten beitragen. <\/p>\n<p class=\"Textstyled__Text-sc-1cqv9mi-0 cLyiiX\">Dresden. Das Milit\u00e4rhistorische Museum der Bundeswehr plant f\u00fcr das Jahr 2027 eine Sonderausstellung zur Geschichte des Museums und des Arsenalgeb\u00e4udes. 1897 \u00f6ffnete die \u201eHistorische Waffen- und Modellsammlung\u201c im Arsenalhauptgeb\u00e4ude in der Alberstadt erstmals auch f\u00fcr interessierte Zivilisten ihre Tore. Zu den wertvollsten Best\u00e4nden geh\u00f6rte die Gewehrsammlung von Moritz Thierbach, die einen l\u00fcckenlosen \u00dcberblick \u00fcber die Entwicklung von Handfeuerwaffen bot.<\/p>\n<p>Weiterlesen nach der Anzeige<\/p>\n<p>Weiterlesen nach der Anzeige<\/p>\n<p class=\"Textstyled__Text-sc-1cqv9mi-0 cLyiiX\">Seitdem ist viel passiert \u2013 vom K\u00f6niglich-S\u00e4chsischen Armeemuseum, zum Armeemuseum der DDR bis hin zum Leitmuseum der Bundeswehr \u2013 das Haus blickt auf eine bewegte Geschichte zur\u00fcck. F\u00fcr eine geplante Wechselausstellung im kommenden Jahr ist man insbesondere auf der Suche nach fr\u00fchen Erinnerungen aus den Anfangsjahren des Museums bis ins Jahr 1972. <\/p>\n<p>Gesucht: Tageb\u00fccher, Eintrittskarten, Fotos<\/p>\n<p class=\"Textstyled__Text-sc-1cqv9mi-0 cLyiiX\">Wer kennt ehemalige Mitarbeiter, die im Museum t\u00e4tig waren? Wer besitzt Tageb\u00fccher, Eintrittskarten oder gar Innenaufnahmen aus der Zeit des Heeresmuseum der Wehrmacht? Wer erinnert sich noch an die erste Ausstellung in der \u201eNordhalle\u201c, an den L\u00f6wen \u201eDresda\u201c oder Ihren Besuch auf dem Striezelmarkt in der umgebauten Stadthalle? Wer war vielleicht als Bauarbeiter bei den Umbauarbeiten von 1971 mit dabei?<\/p>\n<p>Weiterlesen nach der Anzeige<\/p>\n<p>Weiterlesen nach der Anzeige<\/p>\n<p class=\"Textstyled__Text-sc-1cqv9mi-0 cLyiiX\">Fotos, Erinnerungsst\u00fccke und Anekdoten aus den Jahren 1900 bis 1972 sind herzlich willkommen und werden nach individueller R\u00fccksprache Eingang in die Ausstellung finden. Bei Interesse kann man sich unter folgender Adresse: <a href=\"https:\/\/www.dnn.de\/kultur\/regional\/mailto:mhmhausgeschichte@bundeswehr.org\" rel=\"nofollow noopener\" title=\"https:\/\/www.dnn.de\/kultur\/regional\/mailto:mhmhausgeschichte@bundeswehr.org\" data-vars-event-category=\"intext_link\" data-vars-event-action=\"click\" data-vars-event-label=\"https:\/\/www.dnn.de\/kultur\/regional\/mailto:mhmhausgeschichte@bundeswehr.org\" target=\"_blank\">mhmhausgeschichte@bundeswehr.org<\/a><\/p>\n<p class=\"Editorialstyled__Editorial-sc-1bfvh9l-0 cSmjnJ\">DNN<\/p>\n","protected":false},"excerpt":{"rendered":"Anfangsjahre Zeitzeugnisse vom Dresdner Heeresmuseum der Wehrmacht gesucht F\u00fcr eine geplante Ausstellung 2027 sucht das Milit\u00e4rhistorische Museum der&hellip;\n","protected":false},"author":2,"featured_media":820365,"comment_status":"","ping_status":"","sticky":false,"template":"","format":"standard","meta":{"footnotes":"","_share_on_mastodon":"0"},"categories":[1835],"tags":[3364,29,2386,30,859],"class_list":["post-820364","post","type-post","status-publish","format-standard","has-post-thumbnail","category-dresden","tag-de","tag-deutschland","tag-dresden","tag-germany","tag-sachsen"],"share_on_mastodon":{"url":"https:\/\/pubeurope.com\/@de\/116121702705407523","error":""},"_links":{"self":[{"href":"https:\/\/www.europesays.com\/de\/wp-json\/wp\/v2\/posts\/820364","targetHints":{"allow":["GET"]}}],"collection":[{"href":"https:\/\/www.europesays.com\/de\/wp-json\/wp\/v2\/posts"}],"about":[{"href":"https:\/\/www.europesays.com\/de\/wp-json\/wp\/v2\/types\/post"}],"author":[{"embeddable":true,"href":"https:\/\/www.europesays.com\/de\/wp-json\/wp\/v2\/users\/2"}],"replies":[{"embeddable":true,"href":"https:\/\/www.europesays.com\/de\/wp-json\/wp\/v2\/comments?post=820364"}],"version-history":[{"count":0,"href":"https:\/\/www.europesays.com\/de\/wp-json\/wp\/v2\/posts\/820364\/revisions"}],"wp:featuredmedia":[{"embeddable":true,"href":"https:\/\/www.europesays.com\/de\/wp-json\/wp\/v2\/media\/820365"}],"wp:attachment":[{"href":"https:\/\/www.europesays.com\/de\/wp-json\/wp\/v2\/media?parent=820364"}],"wp:term":[{"taxonomy":"category","embeddable":true,"href":"https:\/\/www.europesays.com\/de\/wp-json\/wp\/v2\/categories?post=820364"},{"taxonomy":"post_tag","embeddable":true,"href":"https:\/\/www.europesays.com\/de\/wp-json\/wp\/v2\/tags?post=820364"}],"curies":[{"name":"wp","href":"https:\/\/api.w.org\/{rel}","templated":true}]}}