{"id":820366,"date":"2026-02-23T19:55:21","date_gmt":"2026-02-23T19:55:21","guid":{"rendered":"https:\/\/www.europesays.com\/de\/820366\/"},"modified":"2026-02-23T19:55:21","modified_gmt":"2026-02-23T19:55:21","slug":"dresden-was-kaum-einer-weiss","status":"publish","type":"post","link":"https:\/\/www.europesays.com\/de\/820366\/","title":{"rendered":"Dresden: Was kaum einer wei\u00df"},"content":{"rendered":"<p class=\"Textstyled__Text-sc-1cqv9mi-0 dKgfuR\">Dresden. \u00dcberraschungen beim Walzerk\u00f6nig? Kaum m\u00f6glich! Scheinen doch die Melodien von Johann Baptist Strauss (1825\u20131899), der zur Unterscheidung von seinem gleichnamigen Vater als Johann Strauss (Sohn)<b> <\/b>bezeichnet wird, in Kaffeeh\u00e4usern, bei B\u00e4llen und Neujahrskonzerten zu oft gespielt.<\/p>\n<p>Weiterlesen nach der Anzeige<\/p>\n<p>Weiterlesen nach der Anzeige<\/p>\n<p><img decoding=\"async\" alt=\"Einer f\u00fcr alle, alle f\u00fcr einen: die Cappella Musica Dresden. \" loading=\"lazy\"  src=\"https:\/\/www.europesays.com\/de\/wp-content\/uploads\/2026\/02\/EMXSCQ2DH5EVVEIF4HVLXCVSOY.jpg\" \/><\/p>\n<p class=\"Textstyled__Text-sc-1cqv9mi-0 dKgfuR\">Und doch ist es m\u00f6glich: Denn der Wiener Star, der noch ber\u00fchmter wurde als sein Vater, hat immerhin eine Oper, 15 Operetten, ein Ballett sowie rund 500 Walzer, Polkas, M\u00e4rsche und Quadrillen komponiert. Entsprechend zogen Kollegen vor ihm den Hut: \u201eEr ist der Einzige, den ich beneide \u2013 er trieft von Musik, ihm f\u00e4llt immer etwas ein\u201c, lobte der gro\u00dfe Sinfoniker Johannes Brahms, und Opernpapst Giuseppe Verdi meinte: \u201eIch verehre ihn als einen meiner genialsten Kollegen.\u201c<\/p>\n<p><img decoding=\"async\" alt=\"Helmut Branny ist als Musiker, Entdecker und Organisator etwa der Reihe \u201eMeisterinterpreten\u201c vielseitig unterwegs. Regelm\u00e4\u00dfig legt er mit Mitstreitern Aufnahmen ganz unterschiedlicher Ausrichtung vor.\" loading=\"lazy\"  src=\"https:\/\/www.europesays.com\/de\/wp-content\/uploads\/2026\/02\/256WARMSQMK22QOC5O27GYNFEM.jpg\" \/><\/p>\n<p>Weiterlesen nach der Anzeige<\/p>\n<p>Weiterlesen nach der Anzeige<\/p>\n<p class=\"Textstyled__Text-sc-1cqv9mi-0 dKgfuR\">Tats\u00e4chlich Neues bietet eine Einspielung der Cappella Musica Dresden um den langj\u00e4hrigen Staatskapellen-Musiker Helmut Branny f\u00fcr das ARS-Label.<\/p>\n<p class=\"Textstyled__Text-sc-1cqv9mi-0 dKgfuR\">Die f\u00fcnf Musiker haben zw\u00f6lf Walzer, M\u00e4rsche und Polkas auf die ungew\u00f6hnliche Besetzung f\u00fcr Streichquartett und Kontrabass reduziert. So ganz ohne orchestralen, durchaus kitschigen Schmelz wirken die zwei- bis zehnmin\u00fctigen Kompositionen frisch und ungeh\u00f6rt.<\/p>\n<p>Aufnahmen entstanden in den Parks\u00e4len von Dippoldiswalde <\/p>\n<p class=\"Textstyled__Text-sc-1cqv9mi-0 dKgfuR\">In den Parks\u00e4len von Dippoldiswalde entstanden die reizvollen Miniaturen von Strauss, erg\u00e4nzt um einen Marsch seines sp\u00e4teren Arbeitgebers Herzog Ernst II. von Sachsen-Coburg-Gotha.<\/p>\n<p class=\"Textstyled__Text-sc-1cqv9mi-0 dKgfuR\">Die nunmehr ins Rampenlicht ger\u00fcckten St\u00fccke offenbaren einmal mehr: Der Walzerk\u00f6nig ist dank seiner musikalischen Raffinessen ein gro\u00dfer Unterhaltungsk\u00fcnstler.<\/p>\n<blockquote><p>Die Ideen, die Melodien- und Gestaltungsvielfalt in h\u00f6chster Kunstform beeindruckten uns in Strauss\u2019 Musik \u00e4hnlich wie bei Bach und Mozart.<\/p><\/blockquote>\n<p class=\"Quotestyled__Author-sc-q277fq-1 jpwDCb\">Helmut Branny<\/p>\n<p class=\"Quotestyled__AuthorDescription-sc-q277fq-2 hpcTzH\">Musiker<\/p>\n<p>Weiterlesen nach der Anzeige<\/p>\n<p>Weiterlesen nach der Anzeige<\/p>\n<p class=\"Textstyled__Text-sc-1cqv9mi-0 dKgfuR\">\u201eDas musikalische Ideenspektrum, die Melodien- und Gestaltungsvielfalt in h\u00f6chster Kunstform beeindruckten uns in dieser Musik \u00e4hnlich wie bei Bach und Mozart\u201c, sagt Helmut Branny. Ebenso h\u00e4tte die Strauss\u2019sche Verbindung zu Deutschland \u2013 er war seit 1887 B\u00fcrger von Sachsen-Coburg-Gotha \u2013 und speziell zu Dresden die Musiker thematisch nicht losgelassen.<\/p>\n<p class=\"Textstyled__Text-sc-1cqv9mi-0 dKgfuR\">Strauss weilte gern in Dresden. 27-j\u00e4hrig bezeichnete er beispielsweise 1852 den Aufenthalt in der Stadt als \u201edie sch\u00f6nste Zeit meines Lebens\u201c. Wenn das kein Ansporn sei, so Branny, gerade diese f\u00fcr Dresden oder in Erinnerung an Dresden komponierten St\u00fccke zu spielen!<\/p>\n<p>Dresdens Ex-OB Ro\u00dfberg als profunder Strauss-Experte<\/p>\n<p class=\"Textstyled__Text-sc-1cqv9mi-0 dKgfuR\">Wichtig f\u00fcr das Entstehen der Aufnahme: Dresdens fr\u00fcherer Oberb\u00fcrgermeister Ingolf Ro\u00dfberg ist der 1. Vorsitzende der Deutschen Johann-Strauss-Gesellschaft. Aus der Verbindung mit diesem gl\u00fchenden Verehrer Strauss\u2019scher Musik entstand die Idee, St\u00fccke erstmals aufzunehmen, die f\u00fcr deutsche Ohren oder unter dem Eindruck von Erlebnissen in Deutschland geschrieben wurden. Und Ro\u00dfberg steuerte zudem einen profunden Booklet-Text bei.<\/p>\n<p class=\"Textstyled__Text-sc-1cqv9mi-0 dKgfuR\">Zur Auswahl der St\u00fccke: Es sollten die im Wiener Musikleben eher weniger gespielten Werke in den Fokus genommen werden. Eine besondere Rolle spielte Herzog Ernst II. von Sachsen-Coburg-Gotha, ein kunstsinniger und selbst komponierender Mensch. Er erm\u00f6glichte Strauss die Hochzeit mit seiner dritten Frau Adele, wodurch dieser danach Zeit seines Lebens deutscher B\u00fcrger blieb. Mit dem Marsch nach Motiven der Oper \u201eCasilda\u201c, heiter und beschwingt, voll Eleganz und Lebensfreude, darf der Herzog deshalb als einzige Ausnahme auf der CD erklingen.<\/p>\n<p>F\u00fcr die Liebe wurde der Walzerk\u00f6nig Deutscher<\/p>\n<p class=\"Textstyled__Text-sc-1cqv9mi-0 dKgfuR\">Die kurz nach der Hochzeit in Coburg komponierte Polka \u201eNeues Leben\u201c ist quasi der Strauss\u2019sche Startpunkt seines musikalischen Schaffens als Deutscher \u2013 der weiterhin in Wien lebte. Auch der \u201eGrillenbanner\u201c-Walzer entstand im Coburger Zusammenhang. In Berlin wurde die Polka-Mazurka \u201eAnnina\u201c innerhalb der Operette \u201eEine Nacht in Venedig\u201c uraufgef\u00fchrt, und die \u201eNeue Pizzicato\u201c-Polka schickte Johann nach Hamburg zu Bruder Eduard. Sie entfaltet einen mitrei\u00dfenden, pointierten Schwung.<\/p>\n<p>Weiterlesen nach der Anzeige<\/p>\n<p>Weiterlesen nach der Anzeige<\/p>\n<p class=\"Textstyled__Text-sc-1cqv9mi-0 dKgfuR\">Die in Dresden entstandenen Miniaturen basieren alle auf Erlebnissen mit Natur und Menschen vor Ort. Ein Beispiel ist die witzig-energische \u201eZehner\u201c-Polka, die er in Dresden komponierte und einer \u201eaus zehn Personen bestehenden Gesellschaft in Dresden\u201c widmete. Zu hohem Anlass schuf er den emotional bewegten \u201eVerm\u00e4hlungstoaste\u201c-Walzer: zur Hochzeit des Kronprinzen und sp\u00e4teren K\u00f6nigs Albert von Sachsen mit Prinzessin Carola von Wasa.<\/p>\n<p>R\u00e4tsel um den letzten Walzer \u201eAn der Elbe\u201c<\/p>\n<p class=\"Textstyled__Text-sc-1cqv9mi-0 dKgfuR\">Die Sch\u00f6nheit der s\u00e4chsischen Natur spiegelt sich in dem gut neunmin\u00fctigen Walzer \u201eAn der Elbe\u201c in zarten Anfl\u00fcgen melancholischer Tiefe wider, wenn die Violine in h\u00f6chsten T\u00f6nen \u00fcber dem kammermusikalischen Ganzen schwebt. Experte Ro\u00dfberg merkt zum \u201eElb\u201c-Walzer an, dass dieser R\u00e4tsel aufgebe. Warum sei der Walzerk\u00f6nig, weltweit bekannt und finanziell auf nichts mehr angewiesen, der Bitte eines winzigen Verlages aus der Dresdner Neustadt nachgekommen, f\u00fcr ihn zu komponieren? Zum 50. Verlagsjubil\u00e4um 1897 schrieb Strauss den grandiosen Walzer \u2013 es \u201esollte der letzte Walzer sein, den er zu Lebzeiten ver\u00f6ffentlichte\u201c.<\/p>\n<p class=\"Textstyled__Text-sc-1cqv9mi-0 dKgfuR\">Interessant ist auch der s\u00e4chsische Aspekt bei dem knapp dreimin\u00fctigen \u201eKlipp-Klapp-Galopp\u201c und dem \u201eEs war so wundersch\u00f6n\u201c-Marsch aus der Operette \u201eWaldmeister\u201c. Die ebenfalls eingespielte \u201eWaldmeister\u201c-Ouvert\u00fcre greift Motive der Operette vorweg, erklingt mal innig und zart, fast nachdenklich, dann wieder schwungvoll und intensiv.<\/p>\n<p>Und dann die \u201eWaldmeister\u201c-Operette aus dem Tharandter Wald<\/p>\n<p class=\"Textstyled__Text-sc-1cqv9mi-0 dKgfuR\">Letztere, 1895 als \u201emeine sch\u00f6nste Altersoperette\u201c uraufgef\u00fchrt, ist die einzige von Strauss, die in Deutschland spielt \u2013 in der N\u00e4he von Dresden, im Tharandter Wald. Akteure sind eine S\u00e4ngerin an der Dresdner Oper, ein Professor der Botanik und ein Direktor der Forstakademie.<\/p>\n<p>Weiterlesen nach der Anzeige<\/p>\n<p>Weiterlesen nach der Anzeige<\/p>\n<p class=\"Textstyled__Text-sc-1cqv9mi-0 dKgfuR\">Die Geschichte: Der Waldmeister ist ja ein fester Bestandteil f\u00fcr eine gute Maibowle, und die setzte den Akteuren nach \u00fcppigem Genuss zu, bis sie sich schlie\u00dflich doch als Paare fanden. Allein der regionale Bezug legt nahe, dass \u201eWaldmeister\u201c eine Wiederentdeckung in Dresdens spezialisiertem Operettentheater wert w\u00e4re.<\/p>\n<p class=\"Textstyled__Text-sc-1cqv9mi-0 dKgfuR\">Es lohnt also, die Aufnahme zu h\u00f6ren. Die f\u00fcnf Dresdner Musiker haben sich mit den Feinheiten, dem Charakter der Tempi, der Traurigkeit, Sehnsucht, Melancholie und Fr\u00f6hlichkeit befasst. Gut, dass sie mit der Streicherkultur der S\u00e4chsischen Staatskapelle vertraut sind, die an Weichheit und Klangsinn dem Wienerischen sehr nah ist.<\/p>\n<p>Dresdner mit nat\u00fcrlicher Leichtigkeit und unaufdringlichem Charme<\/p>\n<p class=\"Textstyled__Text-sc-1cqv9mi-0 dKgfuR\">Eines wird man in Wien nicht gern h\u00f6ren, ist aber Fakt: Es ist erstaunlich, was f\u00fcr Entdeckungen m\u00f6glich sind, wenn Experten sich nicht nur mit Johann Strauss\u2019 (Sohn) klingenden \u00f6sterreichischen Bez\u00fcgen, sondern seinen deutschen Ankn\u00fcpfungspunkten besch\u00e4ftigen. Zumal die Dresdner Musiker eine nat\u00fcrliche Leichtigkeit und unaufdringlichen Charme haben, die die Kompositionen mit Klangsinn und Feinheit adeln. <\/p>\n<p>Weiterlesen nach der Anzeige<\/p>\n<p>Weiterlesen nach der Anzeige<\/p>\n<p class=\"Textstyled__Text-sc-1cqv9mi-0 dKgfuR\">Information: \u201eJohann Strauss\u201c, Cappella Musica Dresden, ARS<\/p>\n<p class=\"Editorialstyled__Editorial-sc-1bfvh9l-0 cSmjnJ\">SZ<\/p>\n","protected":false},"excerpt":{"rendered":"Dresden. \u00dcberraschungen beim Walzerk\u00f6nig? Kaum m\u00f6glich! Scheinen doch die Melodien von Johann Baptist Strauss (1825\u20131899), der zur Unterscheidung&hellip;\n","protected":false},"author":2,"featured_media":820367,"comment_status":"","ping_status":"","sticky":false,"template":"","format":"standard","meta":{"footnotes":"","_share_on_mastodon":"0"},"categories":[1835],"tags":[3364,29,2386,30,859],"class_list":["post-820366","post","type-post","status-publish","format-standard","has-post-thumbnail","category-dresden","tag-de","tag-deutschland","tag-dresden","tag-germany","tag-sachsen"],"share_on_mastodon":{"url":"https:\/\/pubeurope.com\/@de\/116121706757344164","error":""},"_links":{"self":[{"href":"https:\/\/www.europesays.com\/de\/wp-json\/wp\/v2\/posts\/820366","targetHints":{"allow":["GET"]}}],"collection":[{"href":"https:\/\/www.europesays.com\/de\/wp-json\/wp\/v2\/posts"}],"about":[{"href":"https:\/\/www.europesays.com\/de\/wp-json\/wp\/v2\/types\/post"}],"author":[{"embeddable":true,"href":"https:\/\/www.europesays.com\/de\/wp-json\/wp\/v2\/users\/2"}],"replies":[{"embeddable":true,"href":"https:\/\/www.europesays.com\/de\/wp-json\/wp\/v2\/comments?post=820366"}],"version-history":[{"count":0,"href":"https:\/\/www.europesays.com\/de\/wp-json\/wp\/v2\/posts\/820366\/revisions"}],"wp:featuredmedia":[{"embeddable":true,"href":"https:\/\/www.europesays.com\/de\/wp-json\/wp\/v2\/media\/820367"}],"wp:attachment":[{"href":"https:\/\/www.europesays.com\/de\/wp-json\/wp\/v2\/media?parent=820366"}],"wp:term":[{"taxonomy":"category","embeddable":true,"href":"https:\/\/www.europesays.com\/de\/wp-json\/wp\/v2\/categories?post=820366"},{"taxonomy":"post_tag","embeddable":true,"href":"https:\/\/www.europesays.com\/de\/wp-json\/wp\/v2\/tags?post=820366"}],"curies":[{"name":"wp","href":"https:\/\/api.w.org\/{rel}","templated":true}]}}