{"id":820482,"date":"2026-02-23T20:59:15","date_gmt":"2026-02-23T20:59:15","guid":{"rendered":"https:\/\/www.europesays.com\/de\/820482\/"},"modified":"2026-02-23T20:59:15","modified_gmt":"2026-02-23T20:59:15","slug":"streit-um-oel-aus-russland-slowakei-stellt-ukraine-den-notstrom-ab-politik","status":"publish","type":"post","link":"https:\/\/www.europesays.com\/de\/820482\/","title":{"rendered":"Streit um \u00d6l aus Russland: Slowakei stellt Ukraine den Notstrom ab | Politik"},"content":{"rendered":"<p><a class=\"skip-content skip-content--link\" href=\"#in-content-skip-link-target-v-0-0\">TTS-Player \u00fcberspringen\u21b5<\/a><a id=\"in-content-skip-link-target-v-0-0\" class=\"skip-content--target-link-hidden skip-content skip-content--target-link\" href=\"#in-content-skip-link-target-v-0-0\">Artikel weiterlesen<\/a><\/p>\n<p>Kiew \u2013 <b>Der slowakische Ministerpr\u00e4sident Robert Fico (61) hat am Montag seine Drohung wahr gemacht und die Einstellung von Notstrom-Lieferungen an die Ukraine angek\u00fcndigt. Zuvor hatte Ungarn einen EU-Kredit \u00fcber 90 Milliarden Euro f\u00fcr die Ukraine im Abwehrkampf gegen Putins Angriffskrieg verhindert. Das geplante 20. Sanktionspaket gegen Russland sei vorerst gescheitert, r\u00e4umte EU-Au\u00dfenbeauftragte Kaja Kallas (48) ein.<\/b><\/p>\n<p>Hintergrund der Blockade ist der Streit um die Pipeline Druschba, \u00fcber die russisches <a href=\"https:\/\/www.bild.de\/themen\/specials\/erdoel\/aktuelle-news-und-infos-miftrh9cuRzQcnZ4M7Im\" class=\"text-link\" rel=\"nofollow noopener\" target=\"_blank\">Erd\u00f6l<\/a> durch die Ukraine in die Slowakei und nach Ungarn geliefert wird. Nach ukrainischen Angaben ist die Pipeline durch russische Bombardierungen seit Ende Januar unterbrochen. <a href=\"https:\/\/www.bild.de\/news\/ausland\/ungarn\/thema-ungarn-alle-infos-80026866.bild.html\" class=\"text-link\" rel=\"nofollow noopener\" target=\"_blank\">Ungarn<\/a> und die Slowakei werfen der ukrainischen F\u00fchrung vor, die Wiederaufnahme der Lieferungen absichtlich zu verhindern. Die slowakische Regierung hatte vergangene Woche einen \u201eErd\u00f6l-Notstand\u201c ausgerufen und dadurch die Freigabe von Notfallreserven erlaubt.<\/p>\n<p><img decoding=\"async\" width=\"992\" height=\"558\" alt=\"Ungarns Ministerpr\u00e4sident Viktor Orb\u00e1n (62, li.) und der slowakische Regierungschef Robert Fico (61) blockieren die Unterst\u00fctzung f\u00fcr die Ukraine\" src=\"https:\/\/www.europesays.com\/de\/wp-content\/uploads\/2026\/02\/85fbb149c2fae53de8a5bcfd4e6275c1,bebb994a.jpeg\"   class=\"landscape\" loading=\"lazy\"\/><\/p>\n<p class=\"fig__caption__text\">Die beiden Putin-freundlichsten Regierungschefs in der EU, Ungarns Ministerpr\u00e4sident Viktor Orb\u00e1n (62, l.) und der slowakische Regierungschef Robert Fico (61), blockieren die Unterst\u00fctzung f\u00fcr die Ukraine<\/p>\n<p>Foto: picture alliance \/ ASSOCIATED PRESS<\/p>\n<p>Als umstrittene \u201eGegenma\u00dfnahme\u201c stellt die Slowakei der <a href=\"https:\/\/www.bild.de\/news\/ausland\/ukraine\/thema-ukraine-alle-infos-80028690.bild.html\" class=\"text-link\" rel=\"nofollow noopener\" target=\"_blank\">Ukraine<\/a> jetzt den Strom ab. In einer Stellungnahme erkl\u00e4rte Ministerpr\u00e4sident Fico: \u201eAb heute wird die ukrainische Seite keine Unterst\u00fctzung erhalten, wenn sie sich mit der Bitte um Hilfe zur Stabilisierung des ukrainischen Energienetzes an die Slowakei wendet.\u201c Die Ma\u00dfnahme werde erst aufgehoben, wenn der \u00d6ltransit in die <a href=\"https:\/\/www.bild.de\/news\/ausland\/slowakei\/thema-slowakei-alle-infos-80027960.bild.html\" class=\"text-link\" rel=\"nofollow noopener\" target=\"_blank\">Slowakei<\/a> wieder aufgenommen werde. Das slowakische Wirtschaftsministerium teilte am Abend mit, die \u00d6llieferungen \u00fcber die Druschba-Pipeline sollen Mittwoch wieder aufgenommen werden. Dar\u00fcber habe die Ukraine den Netzbetreiber Transpetrol informiert. Brisant: Der ukrainische Geheimdienst SBU meldete am Montag einen Drohnenangriff auf eine f\u00fcr die Druschba-Pipeline wichtige Pumpstation in Russland. <\/p>\n<p>Merz: \u201eDruck auf Russland erh\u00f6hen\u201c<\/p>\n<p>Dass die EU-Au\u00dfenminister das 20. Sanktionspaket gegen Russland am Montag nicht verabschieden konnten, bezeichnete die Au\u00dfenbeauftragte Kallas als R\u00fcckschlag. \u201eDas ist nicht die Botschaft, die wir senden wollten.\u201c Erforderlich ist ein einstimmiges Votum aller 27 Mitgliedstaaten. Bundeskanzler <a href=\"https:\/\/www.bild.de\/politik\/leute\/friedrich-merz\/friedrich-merz-alle-infos-76682054.bild.html\" class=\"text-link\" rel=\"nofollow noopener\" target=\"_blank\">Friedrich Merz<\/a> (70, CDU) hingegen hofft, dass das Paket am Dienstag doch noch beschlossen wird: \u201eWir m\u00fcssen den Druck auf Russland aufrechterhalten. Wir m\u00fcssen ihn sogar erh\u00f6hen. Wir m\u00fcssen Moskaus Kriegsfinanzierung austrocknen.\u201c Die Bundesregierung kritisiert die ungarische Blockade scharf. Bundesau\u00dfenminister Johann Wadephul (63, <a href=\"https:\/\/www.bild.de\/politik\/inland\/cdu\/cdu-csu-alle-infos-76661590.bild.html\" class=\"text-link\" rel=\"nofollow noopener\" target=\"_blank\">CDU<\/a>) sagte: \u201eIch glaube nicht, dass es richtig ist, wenn Ungarn seinen eigenen Kampf f\u00fcr die Freiheit, f\u00fcr die europ\u00e4ische Souver\u00e4nit\u00e4t verr\u00e4t.\u201c<\/p>\n<p>Mehr zum Thema<\/p>\n<p>Der polnische Au\u00dfenminister Radoslaw Sikorski (63) warf der ungarischen Regierung vor, aus wahltaktischen Gr\u00fcnden eine feindselige Stimmung gegen Kiew zu sch\u00fcren. Ministerpr\u00e4sident <a href=\"https:\/\/www.bild.de\/politik\/leute\/viktor-orban\/thema-viktor-orban-alle-infos-80014730.bild.html\" class=\"text-link\" rel=\"nofollow noopener\" target=\"_blank\">Viktor Orb\u00e1n<\/a> (62) befindet sich mitten im Wahlkampf und richtet sehr harte T\u00f6ne an Br\u00fcssel und Kiew, denen er vorwirft, Ungarn in den Krieg hineinziehen zu wollen. Umfragen zufolge muss der rechtspopulistische Politiker bei der Wahl am 12. April um die Mehrheit seiner Fidesz-Partei bangen. <\/p>\n<tr>\n<td><b>Hinweis: <\/b>Der Text wurde um die Mitteilung des slowakischen Wirtschaftsministeriums erg\u00e4nzt, die ukrainische Seite habe \u00d6llieferungen ab Mittwoch in Aussicht gestellt. <\/td>\n<\/tr>\n","protected":false},"excerpt":{"rendered":"TTS-Player \u00fcberspringen\u21b5Artikel weiterlesen Kiew \u2013 Der slowakische Ministerpr\u00e4sident Robert Fico (61) hat am Montag seine Drohung wahr gemacht&hellip;\n","protected":false},"author":2,"featured_media":820483,"comment_status":"","ping_status":"","sticky":false,"template":"","format":"standard","meta":{"footnotes":"","_share_on_mastodon":"0"},"categories":[4012],"tags":[331,332,64211,158,13,14,15,54512,307,12,7376,138370,45,317,501],"class_list":["post-820482","post","type-post","status-publish","format-standard","has-post-thumbnail","category-ukraine","tag-aktuelle-nachrichten","tag-aktuelle-news","tag-erdoel","tag-europaeische-union","tag-headlines","tag-nachrichten","tag-news","tag-orban-viktor","tag-russland","tag-schlagzeilen","tag-slowakei","tag-team-first","tag-texttospeech","tag-ukraine","tag-ungarn"],"share_on_mastodon":{"url":"https:\/\/pubeurope.com\/@de\/116121958147112510","error":""},"_links":{"self":[{"href":"https:\/\/www.europesays.com\/de\/wp-json\/wp\/v2\/posts\/820482","targetHints":{"allow":["GET"]}}],"collection":[{"href":"https:\/\/www.europesays.com\/de\/wp-json\/wp\/v2\/posts"}],"about":[{"href":"https:\/\/www.europesays.com\/de\/wp-json\/wp\/v2\/types\/post"}],"author":[{"embeddable":true,"href":"https:\/\/www.europesays.com\/de\/wp-json\/wp\/v2\/users\/2"}],"replies":[{"embeddable":true,"href":"https:\/\/www.europesays.com\/de\/wp-json\/wp\/v2\/comments?post=820482"}],"version-history":[{"count":0,"href":"https:\/\/www.europesays.com\/de\/wp-json\/wp\/v2\/posts\/820482\/revisions"}],"wp:featuredmedia":[{"embeddable":true,"href":"https:\/\/www.europesays.com\/de\/wp-json\/wp\/v2\/media\/820483"}],"wp:attachment":[{"href":"https:\/\/www.europesays.com\/de\/wp-json\/wp\/v2\/media?parent=820482"}],"wp:term":[{"taxonomy":"category","embeddable":true,"href":"https:\/\/www.europesays.com\/de\/wp-json\/wp\/v2\/categories?post=820482"},{"taxonomy":"post_tag","embeddable":true,"href":"https:\/\/www.europesays.com\/de\/wp-json\/wp\/v2\/tags?post=820482"}],"curies":[{"name":"wp","href":"https:\/\/api.w.org\/{rel}","templated":true}]}}