{"id":820679,"date":"2026-02-23T23:18:19","date_gmt":"2026-02-23T23:18:19","guid":{"rendered":"https:\/\/www.europesays.com\/de\/820679\/"},"modified":"2026-02-23T23:18:19","modified_gmt":"2026-02-23T23:18:19","slug":"im-solebad-cannstatt-senior-lockt-maedchen-von-eltern-weg-und-bedraengt-sie-sexuell-zeugen-gesucht","status":"publish","type":"post","link":"https:\/\/www.europesays.com\/de\/820679\/","title":{"rendered":"Im Solebad Cannstatt: Senior lockt M\u00e4dchen von Eltern weg und bedr\u00e4ngt sie sexuell \u2013 Zeugen gesucht"},"content":{"rendered":"<p>\t\t\t\t\t\t\t\t\t\t\t\t\t\t\t\t\t\t\t\t\t\t\t\t\t\t\t\t      \t\t            \t\t             \t\t\t\t   \t\t\t\t\t   <img decoding=\"async\" id=\"article-image\" fetchpriority=\"high\" alt=\"Im Solebad Cannstatt: Senior lockt M\u00e4dchen von Eltern weg und bedr\u00e4ngt sie sexuell \u2013 Zeugen gesucht\" title=\"Im Solebad Cannstatt: Senior lockt M\u00e4dchen von Eltern weg und bedr\u00e4ngt sie sexuell \u2013 Zeugen gesucht\" src=\"https:\/\/www.europesays.com\/de\/wp-content\/uploads\/2026\/02\/media.media.b9e4055b-8f95-4d96-b638-5b133f34bbb6.16x9_700.jpg\" data-linkto=\"https:\/\/www.stuttgarter-nachrichten.de\/javascript:void(0);\"\/>\t\t\t\t\t\t\t\t\t\t\t\t\t\t\t\t\t\t\t\t\t\t\t\tIm Solebad Cannstatt kam es zu einer sexuellen Bel\u00e4stigung. (Archivbild)\u00a0Foto: imago images\/Arnulf Hettrich\t\t\t<\/p>\n<p>Ein 83-J\u00e4hriger soll ein zehn Jahre altes M\u00e4dchen im Solebad Cannstatt sexuell bedr\u00e4ngt haben. Zuvor habe er mit dem Kind Wasserball gespielt und sie damit von ihren Eltern weggelockt.<\/p>\n<p>Ein 83 Jahre alter Mann soll am Samstag im Solebad <a href=\"https:\/\/www.stuttgarter-nachrichten.de\/thema\/Stuttgart-Bad_Cannstatt\" title=\"Cannstatt\" class=\"art_thema\" rel=\"nofollow noopener\" target=\"_blank\">Cannstatt<\/a> in der Sulzerrainstra\u00dfe in Bad Cannstatt ein zehn Jahre altes M\u00e4dchen sexuell bedr\u00e4ngt haben. <\/p>\n<p>Wie die <a href=\"https:\/\/www.stuttgarter-nachrichten.de\/thema\/Polizei\" title=\"Polizei\" class=\"art_thema\" rel=\"nofollow noopener\" target=\"_blank\">Polizei<\/a> meldet, befand sich die Zehnj\u00e4hrige gegen 17.30 Uhr gemeinsam mit ihren Eltern in dem Schwimmbad, als der Senior sie ansprach und zum Wasserballspielen aufforderte. Dabei habe er zun\u00e4chst durch geschickte Ballw\u00fcrfe das M\u00e4dchen aus dem Sichtfeld der Eltern bewegt. Anschlie\u00dfend habe er mehrfach versucht, das M\u00e4dchen zu begrapschen. Der Bademeister wurde auf die sexuelle Bel\u00e4stigung aufmerksam und rief die Polizei. <\/p>\n<p>Polizisten nahmen den Mann noch im Thermalbad vorl\u00e4ufig fest. Nach Abschluss der polizeilichen Ma\u00dfnahmen setzten sie ihn wieder auf freien Fu\u00df. Zeugen werden gebeten, sich unter der Rufnummer 0711\/8990-5778 an die Kriminalpolizei zu wenden.<\/p>\n","protected":false},"excerpt":{"rendered":"Im Solebad Cannstatt kam es zu einer sexuellen Bel\u00e4stigung. (Archivbild)\u00a0Foto: imago images\/Arnulf Hettrich Ein 83-J\u00e4hriger soll ein zehn&hellip;\n","protected":false},"author":2,"featured_media":820680,"comment_status":"","ping_status":"","sticky":false,"template":"","format":"standard","meta":{"footnotes":"","_share_on_mastodon":"0"},"categories":[1830],"tags":[1634,3364,29,30,121,8248,8247,183911,1441,5251],"class_list":["post-820679","post","type-post","status-publish","format-standard","has-post-thumbnail","category-stuttgart","tag-baden-wuerttemberg","tag-de","tag-deutschland","tag-germany","tag-polizei","tag-polizeibericht-stuttgart","tag-sexuelle-belaestigung","tag-solebad-cannstatt","tag-stuttgart","tag-stuttgart-bad-cannstatt"],"share_on_mastodon":{"url":"https:\/\/pubeurope.com\/@de\/116122504916266428","error":""},"_links":{"self":[{"href":"https:\/\/www.europesays.com\/de\/wp-json\/wp\/v2\/posts\/820679","targetHints":{"allow":["GET"]}}],"collection":[{"href":"https:\/\/www.europesays.com\/de\/wp-json\/wp\/v2\/posts"}],"about":[{"href":"https:\/\/www.europesays.com\/de\/wp-json\/wp\/v2\/types\/post"}],"author":[{"embeddable":true,"href":"https:\/\/www.europesays.com\/de\/wp-json\/wp\/v2\/users\/2"}],"replies":[{"embeddable":true,"href":"https:\/\/www.europesays.com\/de\/wp-json\/wp\/v2\/comments?post=820679"}],"version-history":[{"count":0,"href":"https:\/\/www.europesays.com\/de\/wp-json\/wp\/v2\/posts\/820679\/revisions"}],"wp:featuredmedia":[{"embeddable":true,"href":"https:\/\/www.europesays.com\/de\/wp-json\/wp\/v2\/media\/820680"}],"wp:attachment":[{"href":"https:\/\/www.europesays.com\/de\/wp-json\/wp\/v2\/media?parent=820679"}],"wp:term":[{"taxonomy":"category","embeddable":true,"href":"https:\/\/www.europesays.com\/de\/wp-json\/wp\/v2\/categories?post=820679"},{"taxonomy":"post_tag","embeddable":true,"href":"https:\/\/www.europesays.com\/de\/wp-json\/wp\/v2\/tags?post=820679"}],"curies":[{"name":"wp","href":"https:\/\/api.w.org\/{rel}","templated":true}]}}