{"id":821120,"date":"2026-02-24T04:50:12","date_gmt":"2026-02-24T04:50:12","guid":{"rendered":"https:\/\/www.europesays.com\/de\/821120\/"},"modified":"2026-02-24T04:50:12","modified_gmt":"2026-02-24T04:50:12","slug":"rb-leipzig-was-hinter-den-egoismus-vorwuerfen-von-raum-wirklich-steckt-sport","status":"publish","type":"post","link":"https:\/\/www.europesays.com\/de\/821120\/","title":{"rendered":"RB Leipzig: Was hinter den Egoismus-Vorw\u00fcrfen von Raum wirklich steckt | Sport"},"content":{"rendered":"<p><a class=\"skip-content skip-content--link\" href=\"#in-content-skip-link-target-v-0-0\">TTS-Player \u00fcberspringen\u21b5<\/a><a id=\"in-content-skip-link-target-v-0-0\" class=\"skip-content--target-link-hidden skip-content skip-content--target-link\" href=\"#in-content-skip-link-target-v-0-0\">Artikel weiterlesen<\/a><\/p>\n<p><b>RB Leipzig taumelt durch die R\u00fcckrunde!<\/b><\/p>\n<p>Acht Punkte aus sechs Spielen sind zu wenig f\u00fcr den Anspruch Champions League. Vergangene Saison hat der Klub das Ziel bereits verpasst. Damals war eine vergiftete Kabine einer der Hauptgr\u00fcnde f\u00fcr das Europa-Versagen. Und jetzt lassen ausgerechnet S\u00e4tze des RB-Kapit\u00e4ns \u00fcber das Miteinander erneut die Alarmglocken schrillen! <\/p>\n<p><a href=\"https:\/\/www.bild.de\/sport\/fussball\/bundesliga-nach-remis-gegen-den-bvb-rb-leipzig-zerlegt-sich-selbst-699a203fee35d0f0647c3315\" class=\"text-link\" rel=\"nofollow noopener\" target=\"_blank\">Nach dem 2:2 gegen den BVB<\/a> hatte David Raum (27) gesagt: \u201eWir m\u00fcssen unser Ego hinten anstellen. Jeder muss sich in den Dienst der Mannschaft stellen, da muss sich jeder hinterfragen.\u201c Trainer Ole Werner (37) sprach von vielen falschen Entscheidungen seit Wochen.<\/p>\n<p>Mehr zum Thema<\/p>\n<p>Im Fokus stand eine Szene aus der 94. Minute: Adeyemi vert\u00e4ndelt einen Ball im Aufbau und so kann Leipzig kontern. Doch Harder sucht links im Strafraum den Abschluss. Anstatt, wie Werner sp\u00e4ter sagte, \u201eRichtung Ecke abzudrehen, den Ball in einer Situation zu halten, die nicht gerade vielversprechend ist\u201c, rennt er sich fest. Es gibt Absto\u00df, Dortmund macht kurz darauf das 2:2.<\/p>\n<p>Klar: Die Kritik zielt auf den St\u00fcrmer. Was da mit reinspielt: Der K\u00f6nigstransfer des Sommers (24 Mio. Euro) soll intern mit dem Selbstverst\u00e4ndnis eines Stammspielers (erst sieben Eins\u00e4tze von Beginn an) auftreten, aber auch im Training nicht gerade ein Torsch\u00fctzenk\u00f6nig sein.<\/p>\n<p>Die Krise kriecht in die RB-Kabine<\/p>\n<p>Dennoch: Zerr\u00fcttet ist die Kabine (noch) nicht. Aber es g\u00e4rt nat\u00fcrlich nach den schwierigen Wochen zuletzt. Als Kapit\u00e4n d\u00fcrfte Raum feine Antennen f\u00fcr die Stimmung in der Mannschaft haben. Aber auch er ist in der Pflicht, Missst\u00e4nde anzusprechen und alle Profis dem Team-Erfolg unterzuordnen. Nach dem Desaster der vergangenen Saison sollten eine bessere Struktur innerhalb des Teams und mehr Mentalit\u00e4t wieder mehr Zusammenhalt bringen. Dazu wurden echte F\u00fchrungsspieler wie Christoph Baumgartner (26) in die erste Reihe geschoben.<\/p>\n<p>Die Frage ist: Findet die Mannschaft den Weg aus dem Ego-Dilemma \u2013 oder frisst sich die Krise weiter in die Kabine? <a href=\"https:\/\/www.bild.de\/sport\/fussball\/rb-leipzig\/startseite-leipzig-31148870.bild.html\" class=\"text-link\" rel=\"nofollow noopener\" target=\"_blank\">RB Leipzig <\/a>wird schnell Antworten finden m\u00fcssen.<\/p>\n","protected":false},"excerpt":{"rendered":"TTS-Player \u00fcberspringen\u21b5Artikel weiterlesen RB Leipzig taumelt durch die R\u00fcckrunde! Acht Punkte aus sechs Spielen sind zu wenig f\u00fcr&hellip;\n","protected":false},"author":2,"featured_media":821121,"comment_status":"","ping_status":"","sticky":false,"template":"","format":"standard","meta":{"footnotes":"","_share_on_mastodon":"0"},"categories":[1832],"tags":[888,468,3364,29,538,30,3150,4917,12546,71,1655,859,3460,4581,45,539,38935],"class_list":["post-821120","post","type-post","status-publish","format-standard","has-post-thumbnail","category-leipzig","tag-borussia-dortmund","tag-champions-league","tag-de","tag-deutschland","tag-erste-bundesliga","tag-germany","tag-hamburger-sv","tag-kapitaen","tag-krisen","tag-leipzig","tag-rb-leipzig","tag-sachsen","tag-sport-leuchtturm-leipzig","tag-sport-tag-im-ticker","tag-texttospeech","tag-werner-ole","tag-werner-timo"],"share_on_mastodon":{"url":"https:\/\/pubeurope.com\/@de\/116123810182792752","error":""},"_links":{"self":[{"href":"https:\/\/www.europesays.com\/de\/wp-json\/wp\/v2\/posts\/821120","targetHints":{"allow":["GET"]}}],"collection":[{"href":"https:\/\/www.europesays.com\/de\/wp-json\/wp\/v2\/posts"}],"about":[{"href":"https:\/\/www.europesays.com\/de\/wp-json\/wp\/v2\/types\/post"}],"author":[{"embeddable":true,"href":"https:\/\/www.europesays.com\/de\/wp-json\/wp\/v2\/users\/2"}],"replies":[{"embeddable":true,"href":"https:\/\/www.europesays.com\/de\/wp-json\/wp\/v2\/comments?post=821120"}],"version-history":[{"count":0,"href":"https:\/\/www.europesays.com\/de\/wp-json\/wp\/v2\/posts\/821120\/revisions"}],"wp:featuredmedia":[{"embeddable":true,"href":"https:\/\/www.europesays.com\/de\/wp-json\/wp\/v2\/media\/821121"}],"wp:attachment":[{"href":"https:\/\/www.europesays.com\/de\/wp-json\/wp\/v2\/media?parent=821120"}],"wp:term":[{"taxonomy":"category","embeddable":true,"href":"https:\/\/www.europesays.com\/de\/wp-json\/wp\/v2\/categories?post=821120"},{"taxonomy":"post_tag","embeddable":true,"href":"https:\/\/www.europesays.com\/de\/wp-json\/wp\/v2\/tags?post=821120"}],"curies":[{"name":"wp","href":"https:\/\/api.w.org\/{rel}","templated":true}]}}