{"id":821411,"date":"2026-02-24T07:33:13","date_gmt":"2026-02-24T07:33:13","guid":{"rendered":"https:\/\/www.europesays.com\/de\/821411\/"},"modified":"2026-02-24T07:33:13","modified_gmt":"2026-02-24T07:33:13","slug":"bvb-muss-dortmund-das-adeyemi-angebot-zurueckziehen-sport","status":"publish","type":"post","link":"https:\/\/www.europesays.com\/de\/821411\/","title":{"rendered":"BVB: Muss Dortmund das Adeyemi-Angebot zur\u00fcckziehen? | Sport"},"content":{"rendered":"<p><b>Borussia Dortmund geht in die Knack-Woche der Saison! Am Mittwoch steigt das Play-off-R\u00fcckspiel der Champions League in Bergamo (18.45 Uhr\/DAZN), am Samstag der Liga-Klassiker gegen die Bayern (18.30 Uhr\/Sky). Beide Kracher haben unmittelbare Auswirkungen auf die Zukunft des Vereins. Es geht um Millionen-Pr\u00e4mien, Ansehen und die gro\u00dfen Star-Vertr\u00e4ge. Vor allem aber auch um die Brennpunkt-Personalien Nico Schlotterbeck (26) und Karim Adeyemi (24)!<\/b><\/p>\n","protected":false},"excerpt":{"rendered":"Borussia Dortmund geht in die Knack-Woche der Saison! Am Mittwoch steigt das Play-off-R\u00fcckspiel der Champions League in Bergamo&hellip;\n","protected":false},"author":2,"featured_media":821412,"comment_status":"","ping_status":"","sticky":false,"template":"","format":"standard","meta":{"footnotes":"","_share_on_mastodon":"0"},"categories":[1833],"tags":[888,3364,29,217,538,30,5133,21015,5131,1209,11220,73392,803,819,45],"class_list":["post-821411","post","type-post","status-publish","format-standard","has-post-thumbnail","category-dortmund","tag-borussia-dortmund","tag-de","tag-deutschland","tag-dortmund","tag-erste-bundesliga","tag-germany","tag-hueber-yannick","tag-kolsberger-sebastian","tag-kovac-niko","tag-nordrhein-westfalen","tag-schlotterbeck-nico","tag-schroeer-michel","tag-spielertransfer","tag-sport-leuchtturm-essen","tag-texttospeech"],"share_on_mastodon":{"url":"https:\/\/pubeurope.com\/@de\/116124451249392500","error":""},"_links":{"self":[{"href":"https:\/\/www.europesays.com\/de\/wp-json\/wp\/v2\/posts\/821411","targetHints":{"allow":["GET"]}}],"collection":[{"href":"https:\/\/www.europesays.com\/de\/wp-json\/wp\/v2\/posts"}],"about":[{"href":"https:\/\/www.europesays.com\/de\/wp-json\/wp\/v2\/types\/post"}],"author":[{"embeddable":true,"href":"https:\/\/www.europesays.com\/de\/wp-json\/wp\/v2\/users\/2"}],"replies":[{"embeddable":true,"href":"https:\/\/www.europesays.com\/de\/wp-json\/wp\/v2\/comments?post=821411"}],"version-history":[{"count":0,"href":"https:\/\/www.europesays.com\/de\/wp-json\/wp\/v2\/posts\/821411\/revisions"}],"wp:featuredmedia":[{"embeddable":true,"href":"https:\/\/www.europesays.com\/de\/wp-json\/wp\/v2\/media\/821412"}],"wp:attachment":[{"href":"https:\/\/www.europesays.com\/de\/wp-json\/wp\/v2\/media?parent=821411"}],"wp:term":[{"taxonomy":"category","embeddable":true,"href":"https:\/\/www.europesays.com\/de\/wp-json\/wp\/v2\/categories?post=821411"},{"taxonomy":"post_tag","embeddable":true,"href":"https:\/\/www.europesays.com\/de\/wp-json\/wp\/v2\/tags?post=821411"}],"curies":[{"name":"wp","href":"https:\/\/api.w.org\/{rel}","templated":true}]}}