{"id":821418,"date":"2026-02-24T07:37:13","date_gmt":"2026-02-24T07:37:13","guid":{"rendered":"https:\/\/www.europesays.com\/de\/821418\/"},"modified":"2026-02-24T07:37:13","modified_gmt":"2026-02-24T07:37:13","slug":"hier-stehen-in-dieser-woche-tempokontrollen","status":"publish","type":"post","link":"https:\/\/www.europesays.com\/de\/821418\/","title":{"rendered":"Hier stehen in dieser Woche Tempokontrollen"},"content":{"rendered":"<p>Tempokontrollen in der Landeshauptstadt <\/p>\n<p>Hier stehen ab Montag in D\u00fcsseldorf Blitzer<\/p>\n<p>Aktualisiert am 24.02.2026 &#8211; 08:26 UhrLesedauer: 1 Min.<\/p>\n<p><a href=\"#focus-0\" class=\"transition-colors duration-200 block text-current relative\" data-sctrack=\"FocusGalleryImage.Reference\"><img fetchpriority=\"high\" data-testid=\"Opener.Image\" style=\"--lqipURL:url('https:\/\/images.t-online.de\/2026\/02\/aagRh-EAfKcO\/0x208:4000x2250\/fit-in\/150x0\/filters:blur(25)\/image.jpg')\"   loading=\"eager\" src=\"https:\/\/www.europesays.com\/de\/wp-content\/uploads\/2026\/02\/1771918633_0_image.jpg\" alt=\"imago images 0395997893\" title=\"imago images 0395997893\" width=\"4000\" height=\"2250\" class=\"bg-[url:var(--lqipURL)] bg-cover bg-center flex h-full w-full max-w-full\" decoding=\"async\"\/><img style=\"--width:32;--height:32\" loading=\"lazy\" src=\"https:\/\/duesseldorf.t-online.de\/s\/paper\/_next\/static\/media\/zoom-in.f7dae02f.svg\" alt=\"Vergr\u00f6\u00dfern des Bildes\" title=\"Vergr\u00f6\u00dfern des Bildes\" class=\"block h-[calc(var(--height)_\/_16_*_1rem)] w-[calc(var(--width)_\/_16_*_1rem)] max-w-none absolute bottom-8 right-8 rounded-4 bg-snow p-8\" decoding=\"async\"\/><\/a><\/p>\n<p>Polizisten kontrollieren die Geschwindigkeit von Verkehrsteilnehmern in D\u00fcsseldorf (Symbolbild): Die Stadt D\u00fcsseldorf k\u00fcndigt regelm\u00e4\u00dfig an, wo sie blitzt. (Quelle: IMAGO\/Christoph Hardt)<\/p>\n<p class=\"font-bold text-18 leading-17 user-text-lg:text-22 user-text-xl:text-24\">Das Ordnungsamt k\u00fcndigt f\u00fcr die kommende Woche zahlreiche Tempokontrollen in D\u00fcsseldorf an. Die \u00dcbersicht.<\/p>\n<p class=\"text-18 leading-17 user-text-lg:text-22 user-text-xl:text-24\">Auch in der kommenden Woche (ab 23. Februar) wird wieder aktiv in D\u00fcsseldorf geblitzt. Autofahrer sollten darauf achten, die vorgeschriebenen Tempolimits einzuhalten, um b\u00f6se \u00dcberraschungen zu vermeiden.<\/p>\n<p class=\"text-18 leading-17 user-text-lg:text-22 user-text-xl:text-24\">Das Ordnungsamt k\u00fcndigt an, an verschiedenen Stellen im Stadtgebiet Kontrollen durchzuf\u00fchren. W\u00e4hrend einige Messstellen \u00f6ffentlich gemacht werden, kann es auch zu unangek\u00fcndigten Tempokontrollen kommen.<\/p>\n<p class=\"text-18 leading-17 user-text-lg:text-22 user-text-xl:text-24\">Hier gibt es in dieser Woche Geschwindigkeitskontrollen:<\/p>\n","protected":false},"excerpt":{"rendered":"Tempokontrollen in der Landeshauptstadt Hier stehen ab Montag in D\u00fcsseldorf Blitzer Aktualisiert am 24.02.2026 &#8211; 08:26 UhrLesedauer: 1&hellip;\n","protected":false},"author":2,"featured_media":821419,"comment_status":"","ping_status":"","sticky":false,"template":"","format":"standard","meta":{"footnotes":"","_share_on_mastodon":"0"},"categories":[1831],"tags":[6027,7071,36329,3364,29,3405,30,3565,3467,1209,176,8179],"class_list":["post-821418","post","type-post","status-publish","format-standard","has-post-thumbnail","category-duesseldorf","tag-ordnungsamt","tag-blitzeranlage","tag-blitzerfalle","tag-de","tag-deutschland","tag-duesseldorf","tag-germany","tag-geschwindigkeitskontrolle","tag-landeshauptstadt","tag-nordrhein-westfalen","tag-nrw","tag-tempokontrolle"],"share_on_mastodon":{"url":"https:\/\/pubeurope.com\/@de\/116124467128415920","error":""},"_links":{"self":[{"href":"https:\/\/www.europesays.com\/de\/wp-json\/wp\/v2\/posts\/821418","targetHints":{"allow":["GET"]}}],"collection":[{"href":"https:\/\/www.europesays.com\/de\/wp-json\/wp\/v2\/posts"}],"about":[{"href":"https:\/\/www.europesays.com\/de\/wp-json\/wp\/v2\/types\/post"}],"author":[{"embeddable":true,"href":"https:\/\/www.europesays.com\/de\/wp-json\/wp\/v2\/users\/2"}],"replies":[{"embeddable":true,"href":"https:\/\/www.europesays.com\/de\/wp-json\/wp\/v2\/comments?post=821418"}],"version-history":[{"count":0,"href":"https:\/\/www.europesays.com\/de\/wp-json\/wp\/v2\/posts\/821418\/revisions"}],"wp:featuredmedia":[{"embeddable":true,"href":"https:\/\/www.europesays.com\/de\/wp-json\/wp\/v2\/media\/821419"}],"wp:attachment":[{"href":"https:\/\/www.europesays.com\/de\/wp-json\/wp\/v2\/media?parent=821418"}],"wp:term":[{"taxonomy":"category","embeddable":true,"href":"https:\/\/www.europesays.com\/de\/wp-json\/wp\/v2\/categories?post=821418"},{"taxonomy":"post_tag","embeddable":true,"href":"https:\/\/www.europesays.com\/de\/wp-json\/wp\/v2\/tags?post=821418"}],"curies":[{"name":"wp","href":"https:\/\/api.w.org\/{rel}","templated":true}]}}