{"id":821461,"date":"2026-02-24T08:01:15","date_gmt":"2026-02-24T08:01:15","guid":{"rendered":"https:\/\/www.europesays.com\/de\/821461\/"},"modified":"2026-02-24T08:01:15","modified_gmt":"2026-02-24T08:01:15","slug":"olympiasieger-michael-roesch-spricht-ueber-depressionen","status":"publish","type":"post","link":"https:\/\/www.europesays.com\/de\/821461\/","title":{"rendered":"Olympiasieger Michael R\u00f6sch spricht \u00fcber Depressionen"},"content":{"rendered":"<p>&#8222;Mental war ich zeitweise tot&#8220; <\/p>\n<p>Deutscher Olympiasieger offenbart Depressionen<\/p>\n<p>Aktualisiert am 24.02.2026 &#8211; 08:14 UhrLesedauer: 2 Min.<\/p>\n<p><a href=\"#focus-0\" class=\"transition-colors duration-200 block text-current relative\" data-sctrack=\"FocusGalleryImage.Reference\"><img fetchpriority=\"high\" data-testid=\"Opener.Image\" style=\"--lqipURL:url('https:\/\/images.t-online.de\/2026\/02\/ck2lqcowA5MQ\/40x69:1950x1097\/fit-in\/150x0\/filters:blur(25)\/image.jpg')\"   loading=\"eager\" src=\"https:\/\/www.europesays.com\/de\/wp-content\/uploads\/2026\/02\/1771920075_900_image.jpg\" alt=\"urn:newsml:dpa.com:20090101:260224-935-1172629\" title=\"urn:newsml:dpa.com:20090101:260224-935-1172629\" width=\"1950\" height=\"1097\" class=\"bg-[url:var(--lqipURL)] bg-cover bg-center flex h-full w-full max-w-full\" decoding=\"async\"\/><img style=\"--width:32;--height:32\" loading=\"lazy\" src=\"https:\/\/www.t-online.de\/s\/paper\/_next\/static\/media\/zoom-in.f7dae02f.svg\" alt=\"Vergr\u00f6\u00dfern des Bildes\" title=\"Vergr\u00f6\u00dfern des Bildes\" class=\"block h-[calc(var(--height)_\/_16_*_1rem)] w-[calc(var(--width)_\/_16_*_1rem)] max-w-none absolute bottom-8 right-8 rounded-4 bg-snow p-8\" decoding=\"async\"\/><\/a><\/p>\n<p>Michael R\u00f6sch: Er spricht erstmals \u00fcber seine Depressionserkrankung. (Quelle: Hendrik Schmidt)<\/p>\n<p class=\"font-bold text-18 leading-17 user-text-lg:text-22 user-text-xl:text-24\">Vom Medaillenheld zum \u00dcberlebensk\u00e4mpfer: Warum Biathlon-Olympiasieger Michael R\u00f6sch erst nach dem Karriereende Hilfe sucht \u2013 und was er anderen Betroffenen r\u00e4t.<\/p>\n<p class=\"text-18 leading-17 user-text-lg:text-22 user-text-xl:text-24\">Biathlon-Olympiasieger Michael R\u00f6sch hat erstmals \u00fcber seine Depression gesprochen. &#8222;Der Olympiasieg war \u00f6ffentlich. Der schwerste Kampf fand im Stillen statt. Mental war ich zeitweise tot&#8220;, sagte der 42-J\u00e4hrige der Deutschen Presse-Agentur.<\/p>\n<p class=\"text-18 leading-17 user-text-lg:text-22 user-text-xl:text-24\">Nachdem er mit erst 22 Jahren im Februar 2006 mit der Staffel in Turin Olympiasieger wurde, galt er als das neue Gesicht des deutschen Biathlons. Zwar holte R\u00f6sch bis 2009 dreimal WM-Bronze mit der Staffel, dazu zwei Weltcupsiege und weitere Podestpl\u00e4tze. Sportlich konnte er die hohen Erwartungen aber nicht erf\u00fcllen. Dazu kamen finanzielle Probleme.<\/p>\n<p class=\"text-18 leading-17 user-text-lg:text-22 user-text-xl:text-24\">2009 erlebte der Sachse in Pokljuka einen ersten Tiefpunkt. &#8222;Ich bin mit einem M\u00fcllsack \u00fcber der Schulter aus dem Stadion gegangen \u2013 innerlich war ich gebrochen&#8220;, erz\u00e4hlte R\u00f6sch im gemeinsamen Podcast mit Christian Akber-Sade &#8222;Nacksch \u2013 vom Olympiasieg in die Depression&#8220;, mit dem er anderen Betroffenen Mut machen will.<\/p>\n<p class=\"text-18 leading-17 user-text-lg:text-22 user-text-xl:text-24\">Sp\u00e4ter verlor R\u00f6sch seinen Weltcup-Platz und verpasste <a class=\"transition-colors duration-200 cursor-pointer text-inherit no-underline text-salemsfur md:hover:text-magenta md:hover:border-magenta md:focus:text-magenta border-current border-b border-solid break-words\" href=\"https:\/\/www.t-online.de\/sport\/olympia\/\" data-sctrack=\"BodyAnchor\" rel=\"nofollow noopener\" target=\"_blank\">Olympia<\/a> 2010 in Vancouver. Psychologische Hilfe holte er sich nicht, weil er lange glaubte, mentale Probleme seien ein pers\u00f6nliches Versagen. &#8222;Wer Hilfe sucht, galt als nicht belastbar&#8220;, sagte R\u00f6sch. Dass sich das in den vergangenen Jahren ge\u00e4ndert hat, sei ein gro\u00dfer Fortschritt.<\/p>\n<p class=\"text-18 leading-17 user-text-lg:text-22 user-text-xl:text-24\">In der Saison 2011\/12 verpasste er trotz erf\u00fcllter WM-Norm die Heim-Weltmeisterschaft in Ruhpolding. Schon davor erlebte er Panikmomente. Auf die Idee seines Managers hin entschied er sich dann f\u00fcr einen Nationenwechsel nach Belgien und gab daf\u00fcr auch seinen Beamtenstatus bei der Bundespolizei auf. Doch weil sich der Wechsel bis Januar 2014 zog, hatte er im Januar 2013 erstmals den &#8222;Ansatz von Suizidgedanken&#8220;.<\/p>\n<p class=\"text-18 leading-17 user-text-lg:text-22 user-text-xl:text-24\">Auch 2015 kam es nach der Diagnose Dr\u00fcsenfieber und einem Achillessehnenriss wenige Tage nach einer Operation zu einer &#8222;lebensbedrohlichen Situation&#8220;. &#8222;Die Monate danach waren ein Dahinvegetieren&#8220;, sagte R\u00f6sch.<\/p>\n","protected":false},"excerpt":{"rendered":"&#8222;Mental war ich zeitweise tot&#8220; Deutscher Olympiasieger offenbart Depressionen Aktualisiert am 24.02.2026 &#8211; 08:14 UhrLesedauer: 2 Min. Michael&hellip;\n","protected":false},"author":2,"featured_media":821462,"comment_status":"","ping_status":"","sticky":false,"template":"","format":"standard","meta":{"footnotes":"","_share_on_mastodon":"0"},"categories":[136],"tags":[722,880,184100,2520,29,30,183740,656,265,20478],"class_list":["post-821461","post","type-post","status-publish","format-standard","has-post-thumbnail","category-sport","tag-722","tag-depression","tag-depressionserkrankung","tag-deutsche-presse-agentur","tag-deutschland","tag-germany","tag-michael-roesch","tag-olympia","tag-sport","tag-turin"],"share_on_mastodon":{"url":"https:\/\/pubeurope.com\/@de\/116124561313083954","error":""},"_links":{"self":[{"href":"https:\/\/www.europesays.com\/de\/wp-json\/wp\/v2\/posts\/821461","targetHints":{"allow":["GET"]}}],"collection":[{"href":"https:\/\/www.europesays.com\/de\/wp-json\/wp\/v2\/posts"}],"about":[{"href":"https:\/\/www.europesays.com\/de\/wp-json\/wp\/v2\/types\/post"}],"author":[{"embeddable":true,"href":"https:\/\/www.europesays.com\/de\/wp-json\/wp\/v2\/users\/2"}],"replies":[{"embeddable":true,"href":"https:\/\/www.europesays.com\/de\/wp-json\/wp\/v2\/comments?post=821461"}],"version-history":[{"count":0,"href":"https:\/\/www.europesays.com\/de\/wp-json\/wp\/v2\/posts\/821461\/revisions"}],"wp:featuredmedia":[{"embeddable":true,"href":"https:\/\/www.europesays.com\/de\/wp-json\/wp\/v2\/media\/821462"}],"wp:attachment":[{"href":"https:\/\/www.europesays.com\/de\/wp-json\/wp\/v2\/media?parent=821461"}],"wp:term":[{"taxonomy":"category","embeddable":true,"href":"https:\/\/www.europesays.com\/de\/wp-json\/wp\/v2\/categories?post=821461"},{"taxonomy":"post_tag","embeddable":true,"href":"https:\/\/www.europesays.com\/de\/wp-json\/wp\/v2\/tags?post=821461"}],"curies":[{"name":"wp","href":"https:\/\/api.w.org\/{rel}","templated":true}]}}