{"id":821581,"date":"2026-02-24T09:09:11","date_gmt":"2026-02-24T09:09:11","guid":{"rendered":"https:\/\/www.europesays.com\/de\/821581\/"},"modified":"2026-02-24T09:09:11","modified_gmt":"2026-02-24T09:09:11","slug":"tarifverhandlungen-bei-der-bvg-verdi-ruft-in-berlin-zu-zweitaegigem-oepnv-warnstreik-auf","status":"publish","type":"post","link":"https:\/\/www.europesays.com\/de\/821581\/","title":{"rendered":"Tarifverhandlungen bei der BVG: Verdi ruft in Berlin zu zweit\u00e4gigem \u00d6PNV-Warnstreik auf"},"content":{"rendered":"<p class=\"paragraph article__item\">Die Gewerkschaft <a class=\"rtr-entity\" href=\"https:\/\/www.zeit.de\/thema\/verdi\" rel=\"nofollow noopener\" target=\"_blank\">Verdi<\/a> hat in Berlin zum n\u00e4chsten Ausstand im Nahverkehr aufgerufen. Am Freitag und Samstag sollen Busse, Trams und U-Bahnen bei den Berliner Verkehrsbetrieben (BVG) f\u00fcr 48 Stunden in den Depots bleiben, wie die Gewerkschaft mitteilte. Es ist der zweite Warnstreik in der laufenden Tarifrunde. Der von der Deutschen Bahn betriebene S-Bahn- und Regionalverkehr ist nicht betroffen.\u00a0\n<\/p>\n<p>Aktuelles<\/p>\n<p>                <a href=\"https:\/\/www.zeit.de\/arbeit\/2026-01\/ver-di-ruft-bundesweit-zu-streik-im-nahverkehr-am-montag-auf-gxe\" data-ct-label=\"\u00d6ffentlicher Nahverkehr: Ver.di ruft bundesweit zu Streik im Nahverkehr am Montag auf\" data-uuid=\"040038cb-2b4e-4e88-a788-2604afaf066f\" rel=\"nofollow noopener\" target=\"_blank\"><\/p>\n<p>                        \u00d6ffentlicher Nahverkehr:<br \/>\n                        Ver.di ruft bundesweit zu Streik im Nahverkehr am Montag auf<\/p>\n<p>                <\/a><\/p>\n<p>                <a href=\"https:\/\/www.zeit.de\/arbeit\/2026-02\/verdi-warnstreik-nahverkehr-beginn\" data-ct-label=\"Ver.di: Bundesweite Warnstreiks im \u00f6ffentlichen Nahverkehr haben begonnen\" data-uuid=\"ca0c7dbf-cc4f-4d55-b7c4-4c234eee943a\" rel=\"nofollow noopener\" target=\"_blank\"><\/p>\n<p>                        Ver.di:<br \/>\n                        Bundesweite Warnstreiks im \u00f6ffentlichen Nahverkehr haben begonnen<\/p>\n<p>                <\/a><\/p>\n<p>                <a href=\"https:\/\/www.zeit.de\/wirtschaft\/2026-02\/streik-oepnv-verdi-bus-bahn-gewerkschaft\" data-ct-label=\"Streik im \u00d6PNV: Muss das sein?\" data-uuid=\"a052b24f-90bb-4f6c-baa4-227d5918c6b1\" rel=\"nofollow noopener\" target=\"_blank\"><\/p>\n<p>                        Streik im \u00d6PNV:<br \/>\n                        Muss das sein?<\/p>\n<p>                <\/a><\/p>\n<p class=\"paragraph article__item\">\u00abDer Streik beginnt mit der Fr\u00fchschicht am Freitag und endet mit dem Ende der Nachtschicht Sonntagfr\u00fch\u00bb, teilte Verdi mit. Der Kommunale Arbeitgeberverband (KAV) und die BVG h\u00e4tten in den bisherigen drei Gespr\u00e4chsrunden den Einstieg in echte Verhandlungen verweigert, betonte die Gewerkschaft. Deshalb rufe Verdi nun zum Arbeitskampf auf.\u00a0\n<\/p>\n<p>                BVG: Warnstreik v\u00f6llig unverh\u00e4ltnism\u00e4\u00dfig        <\/p>\n<p class=\"paragraph article__item\">Die BVG kritisierte die Ma\u00dfnahme als \u00abv\u00f6llig unverh\u00e4ltnism\u00e4\u00dfige Eskalation\u00bb. Die Verhandlungen in der Hauptstadt l\u00e4gen im vereinbarten Zeitplan. \u00abUnd trotzdem eskaliert Verdi <a class=\"rtr-entity\" href=\"https:\/\/www.zeit.de\/thema\/berlin\" rel=\"nofollow noopener\" target=\"_blank\">Berlin<\/a>, um einer bundesweiten Verdi-Dramaturgie zu folgen, ohne die Berliner Realit\u00e4t anzuerkennen.\u00bb\u00a0\n<\/p>\n<p class=\"paragraph article__item\">Verdi hat nicht nur in Berlin, sondern auch in fast allen anderen Bundesl\u00e4ndern zu <a class=\"rtr-entity\" href=\"https:\/\/www.zeit.de\/thema\/warnstreik\" rel=\"nofollow noopener\" target=\"_blank\">Warnstreiks<\/a> aufgerufen. Mancherorts dauert der Arbeitskampf lediglich einen Tag.\u00a0\n<\/p>\n<p class=\"paragraph article__item\">Es ist der zweite bundesweite Ausstand in der laufenden Tarifrunde, die Verdi parallel in allen 16 L\u00e4ndern f\u00fchrt. Anfang Februar kam deshalb auch der Berliner Nahverkehr weitgehend zum Erliegen. Forderungen und Tarifinhalte sind aber unterschiedlich.\u00a0\n<\/p>\n<p>        Keine Ann\u00e4herung in drei Gespr\u00e4chsrunden        <\/p>\n<p class=\"paragraph article__item\">In den bisherigen drei Verhandlungsrunden in Berlin gab es bisher keine Ann\u00e4herung. Verhandelt wird in der Hauptstadt nicht \u00fcber mehr Geld, sondern \u00fcber den sogenannten Manteltarifvertrag, der die Arbeitsbedingungen der Besch\u00e4ftigten regelt.\u00a0\n<\/p>\n<p class=\"paragraph article__item\">Die Arbeitnehmerseite fordert unter anderem mehr Urlaubstage, eine Mindestruhezeit zwischen den Schichten von elf Stunden sowie mehr Urlaubsgeld mit Umwandlungsm\u00f6glichkeit in freie Tage. \u00abBei den Wendezeiten geht es nicht nur um W\u00fcrde, sondern auch um Gesundheitsschutz. Alle wissen, wie belastend es ist, bei einer vollen Blase nicht aufs Klo gehen zu k\u00f6nnen\u00bb, teilte Verdi mit.\n<\/p>\n<p class=\"paragraph article__item\">Die Arbeitgeberseite fordert von der Gewerkschaft, ihre Forderungen st\u00e4rker zu priorisieren, um dann \u00fcber die wichtigsten Punkte in die inhaltlichen Gespr\u00e4che einsteigen zu k\u00f6nnen. Verdi wiederum pocht auf ein erstes Angebot der BVG.\n<\/p>\n<p class=\"paragraph article__item\">\u00a9 dpa-infocom, dpa:260224-930-727669\/2<\/p>\n","protected":false},"excerpt":{"rendered":"Die Gewerkschaft Verdi hat in Berlin zum n\u00e4chsten Ausstand im Nahverkehr aufgerufen. Am Freitag und Samstag sollen Busse,&hellip;\n","protected":false},"author":2,"featured_media":821582,"comment_status":"","ping_status":"","sticky":false,"template":"","format":"standard","meta":{"footnotes":"","_share_on_mastodon":"0"},"categories":[1825],"tags":[1941,1939,99432,296,1937,2236,2030,29,30,1940,15,1938,6700,184148,26217,2523],"class_list":["post-821581","post","type-post","status-publish","format-standard","has-post-thumbnail","category-berlin","tag-aktuelle-nachrichten-aus-berlin","tag-aktuelle-news-aus-berlin","tag-ausstand","tag-berlin","tag-berlin-news","tag-bvg","tag-deutsche-bahn","tag-deutschland","tag-germany","tag-nachrichten-aus-berlin","tag-news","tag-news-aus-berlin","tag-tarifverhandlung","tag-tarifverhandlungen-bei-der-bvg","tag-ver-di","tag-warnstreik"],"share_on_mastodon":{"url":"https:\/\/pubeurope.com\/@de\/116124828545038066","error":""},"_links":{"self":[{"href":"https:\/\/www.europesays.com\/de\/wp-json\/wp\/v2\/posts\/821581","targetHints":{"allow":["GET"]}}],"collection":[{"href":"https:\/\/www.europesays.com\/de\/wp-json\/wp\/v2\/posts"}],"about":[{"href":"https:\/\/www.europesays.com\/de\/wp-json\/wp\/v2\/types\/post"}],"author":[{"embeddable":true,"href":"https:\/\/www.europesays.com\/de\/wp-json\/wp\/v2\/users\/2"}],"replies":[{"embeddable":true,"href":"https:\/\/www.europesays.com\/de\/wp-json\/wp\/v2\/comments?post=821581"}],"version-history":[{"count":0,"href":"https:\/\/www.europesays.com\/de\/wp-json\/wp\/v2\/posts\/821581\/revisions"}],"wp:featuredmedia":[{"embeddable":true,"href":"https:\/\/www.europesays.com\/de\/wp-json\/wp\/v2\/media\/821582"}],"wp:attachment":[{"href":"https:\/\/www.europesays.com\/de\/wp-json\/wp\/v2\/media?parent=821581"}],"wp:term":[{"taxonomy":"category","embeddable":true,"href":"https:\/\/www.europesays.com\/de\/wp-json\/wp\/v2\/categories?post=821581"},{"taxonomy":"post_tag","embeddable":true,"href":"https:\/\/www.europesays.com\/de\/wp-json\/wp\/v2\/tags?post=821581"}],"curies":[{"name":"wp","href":"https:\/\/api.w.org\/{rel}","templated":true}]}}