{"id":821685,"date":"2026-02-24T10:10:34","date_gmt":"2026-02-24T10:10:34","guid":{"rendered":"https:\/\/www.europesays.com\/de\/821685\/"},"modified":"2026-02-24T10:10:34","modified_gmt":"2026-02-24T10:10:34","slug":"busse-und-bahnen-stehen-zwei-tage-lang-still","status":"publish","type":"post","link":"https:\/\/www.europesays.com\/de\/821685\/","title":{"rendered":"Busse und Bahnen stehen zwei Tage lang still"},"content":{"rendered":"<p>Warnstreik in Bremen <\/p>\n<p>BSAG-Mitarbeiter legen kompletten Betrieb f\u00fcr zwei Tage lahm<\/p>\n<p>24.02.2026 &#8211; 10:13 UhrLesedauer: 1 Min.<\/p>\n<p><a href=\"#focus-0\" class=\"transition-colors duration-200 block text-current relative\" data-sctrack=\"FocusGalleryImage.Reference\"><img fetchpriority=\"high\" data-testid=\"Opener.Image\" style=\"--lqipURL:url('https:\/\/images.t-online.de\/2024\/01\/H-ojFVYISnwv\/0x238:3500x1969\/fit-in\/150x0\/filters:blur(25)\/30-062023-streiktag-des-handels-verdi-fahne-vereinigte-dienstleistungsgewerkschaft-hessen-rheinland-pfalz-saarland-ruft-zum-streik-fuer-mehr-lohn-und-demonstration-vom-gewerkschaftshaus-zur-hauptwache-auf-esprit-h-m-zara-dougla-ikea-kaufland-rewe-frankfurt-main-hessen-deutschland-30-06-2023-strike-day-of-trade-verdi-flag-vereinigte-dienstleistungsgewerkschaft-hessen-rheinland-pfalz-saarland-calls-for-strike-for-more-pay-and-demonstration-from-union-house-to-hauptwache-esprit-h-m-zara-dougla-ikea-kaufl.jpg')\"   loading=\"eager\" src=\"https:\/\/www.europesays.com\/de\/wp-content\/uploads\/2026\/02\/30-062023-streiktag-des-handels-verdi-fahne-vereinigte-dienstleistungsgewerkschaft-hessen-rheinland-.jpeg\" alt=\"imago images 0262148567\" title=\"imago images 0262148567\" width=\"3500\" height=\"1969\" class=\"bg-[url:var(--lqipURL)] bg-cover bg-center flex h-full w-full max-w-full\" decoding=\"async\"\/><img style=\"--width:32;--height:32\" loading=\"lazy\" src=\"https:\/\/bremen.t-online.de\/s\/paper\/_next\/static\/media\/zoom-in.f7dae02f.svg\" alt=\"Vergr\u00f6\u00dfern des Bildes\" title=\"Vergr\u00f6\u00dfern des Bildes\" class=\"block h-[calc(var(--height)_\/_16_*_1rem)] w-[calc(var(--width)_\/_16_*_1rem)] max-w-none absolute bottom-8 right-8 rounded-4 bg-snow p-8\" decoding=\"async\"\/><\/a><\/p>\n<p>Verdi-Streik (Archivfoto): Von der Arbeitsniederlegung sind nicht nur Pendler und Wochenendausfl\u00fcgler betroffen, sondern auch Fu\u00dfballfans. (Quelle: IMAGO\/Peter Henrich \/ HEN-FOTO\/imago-images-bilder)<\/p>\n<p class=\"font-bold text-18 leading-17 user-text-lg:text-22 user-text-xl:text-24\">Die Gewerkschaft Verdi ruft erneut zum Ausstand im \u00f6ffentlichen Nahverkehr auf. Pendler und Werder-Fans m\u00fcssen von Freitagmorgen bis Samstagnacht alternative Bef\u00f6rderungsm\u00f6glichkeiten finden.<\/p>\n<p class=\"text-18 leading-17 user-text-lg:text-22 user-text-xl:text-24\">Der Nahverkehr in Bremen wird von Freitagmorgen bis Samstagnacht komplett stillstehen. Wie die Gewerkschaft Verdi mitteilt, kommt der \u00f6ffentliche Personennahverkehr im kleinsten Bundesland wegen eines Warnstreiks erneut zum Erliegen.<\/p>\n<p class=\"text-18 leading-17 user-text-lg:text-22 user-text-xl:text-24\">Alle Busse und Bahnen der Bremer Stra\u00dfenbahn AG (BSAG) werden in diesem Zeitraum nicht fahren. Die BSAG-Besch\u00e4ftigten planen f\u00fcr Freitagvormittag einen Demonstrationszug vom Gewerkschaftshaus zu einer Kundgebung an der Domsheide. Die Kundgebung soll um 11 Uhr beginnen.<\/p>\n<p class=\"text-18 leading-17 user-text-lg:text-22 user-text-xl:text-24\">Der Warnstreik d\u00fcrfte auch Auswirkungen auf das Heimspiel von <a class=\"transition-colors duration-200 cursor-pointer text-inherit no-underline text-salemsfur md:hover:text-magenta md:hover:border-magenta md:focus:text-magenta border-current border-b border-solid break-words\" href=\"https:\/\/www.t-online.de\/themen\/sv-werder-bremen\/\" data-sctrack=\"BodyAnchor\" rel=\"nofollow noopener\" target=\"_blank\">Werder Bremen<\/a> gegen Heidenheim im Weserstadion haben. Fu\u00dfballfans m\u00fcssen sich f\u00fcr Samstag nach alternativen Anreisewegen umsehen.<\/p>\n<p class=\"text-18 leading-17 user-text-lg:text-22 user-text-xl:text-24\">F\u00fcr Pendler gibt es jedoch Alternativen: Die \u00dcberlandbuslinien aus den umliegenden Landkreisen fahren auch mehrere Stationen in Bremen an. In Niedersachsen gilt eine Friedenspflicht, weshalb Busse und Bahnen dort nach Plan verkehren. Auch die Regionalz\u00fcge zwischen Bremen und Niedersachsen sollen wie gewohnt fahren.<\/p>\n<p class=\"text-18 leading-17 user-text-lg:text-22 user-text-xl:text-24\">Die Gewerkschaft ruft zum zweiten Mal in diesem Jahr zu einem bundesweiten \u00d6PNV-Warnstreik auf. Bereits am 2. Februar kam der Nahverkehr in Deutschland fast zum Erliegen. Auch in Bremen ging damals nichts mehr.<\/p>\n<p class=\"text-18 leading-17 user-text-lg:text-22 user-text-xl:text-24\">Mit dem erneuten Warnstreik will die Gewerkschaft im Tarifkonflikt den Druck auf die Arbeitgeber erh\u00f6hen. Verdi fordert unter anderem k\u00fcrzere Schichtzeiten, l\u00e4ngere Ruhezeiten und h\u00f6here Zuschl\u00e4ge in der Nacht und am Wochenende.<\/p>\n","protected":false},"excerpt":{"rendered":"Warnstreik in Bremen BSAG-Mitarbeiter legen kompletten Betrieb f\u00fcr zwei Tage lahm 24.02.2026 &#8211; 10:13 UhrLesedauer: 1 Min. Verdi-Streik&hellip;\n","protected":false},"author":2,"featured_media":821686,"comment_status":"","ping_status":"","sticky":false,"template":"","format":"standard","meta":{"footnotes":"","_share_on_mastodon":"0"},"categories":[1824],"tags":[722,17161,99432,184158,2420,26039,26032,3364,29,30,2526,4186,1411,4125,15156,2523],"class_list":["post-821685","post","type-post","status-publish","format-standard","has-post-thumbnail","category-bremen","tag-722","tag-17161","tag-ausstand","tag-befoerderungsmoeglichkeit","tag-bremen","tag-bremer-strassenbahn-ag","tag-bsag","tag-de","tag-deutschland","tag-germany","tag-gewerkschaften","tag-nahverkehr","tag-niedersachsen","tag-pendler","tag-vereinte-dienstleistungsgewerkschaft","tag-warnstreik"],"share_on_mastodon":{"url":"https:\/\/pubeurope.com\/@de\/116125068682763999","error":""},"_links":{"self":[{"href":"https:\/\/www.europesays.com\/de\/wp-json\/wp\/v2\/posts\/821685","targetHints":{"allow":["GET"]}}],"collection":[{"href":"https:\/\/www.europesays.com\/de\/wp-json\/wp\/v2\/posts"}],"about":[{"href":"https:\/\/www.europesays.com\/de\/wp-json\/wp\/v2\/types\/post"}],"author":[{"embeddable":true,"href":"https:\/\/www.europesays.com\/de\/wp-json\/wp\/v2\/users\/2"}],"replies":[{"embeddable":true,"href":"https:\/\/www.europesays.com\/de\/wp-json\/wp\/v2\/comments?post=821685"}],"version-history":[{"count":0,"href":"https:\/\/www.europesays.com\/de\/wp-json\/wp\/v2\/posts\/821685\/revisions"}],"wp:featuredmedia":[{"embeddable":true,"href":"https:\/\/www.europesays.com\/de\/wp-json\/wp\/v2\/media\/821686"}],"wp:attachment":[{"href":"https:\/\/www.europesays.com\/de\/wp-json\/wp\/v2\/media?parent=821685"}],"wp:term":[{"taxonomy":"category","embeddable":true,"href":"https:\/\/www.europesays.com\/de\/wp-json\/wp\/v2\/categories?post=821685"},{"taxonomy":"post_tag","embeddable":true,"href":"https:\/\/www.europesays.com\/de\/wp-json\/wp\/v2\/tags?post=821685"}],"curies":[{"name":"wp","href":"https:\/\/api.w.org\/{rel}","templated":true}]}}