{"id":822280,"date":"2026-02-24T15:32:13","date_gmt":"2026-02-24T15:32:13","guid":{"rendered":"https:\/\/www.europesays.com\/de\/822280\/"},"modified":"2026-02-24T15:32:13","modified_gmt":"2026-02-24T15:32:13","slug":"werder-bremen-wann-wird-er-fit-coulibaly-news-aus-dem-lazarett-sport","status":"publish","type":"post","link":"https:\/\/www.europesays.com\/de\/822280\/","title":{"rendered":"Werder Bremen: Wann wird er fit? Coulibaly-News aus dem Lazarett | Sport"},"content":{"rendered":"<p><a class=\"skip-content skip-content--link\" href=\"#in-content-skip-link-target-v-0-0\">TTS-Player \u00fcberspringen\u21b5<\/a><a id=\"in-content-skip-link-target-v-0-0\" class=\"skip-content--target-link-hidden skip-content skip-content--target-link\" href=\"#in-content-skip-link-target-v-0-0\">Artikel weiterlesen<\/a><\/p>\n<p><b>Sein Ausfall trifft Werders Defensive enorm. Gegen die Bayern (0:3) humpelte Abwehr-Teenie Karim Coulibaly (18) nach 61 Minuten mit Problemen im Po-Bereich vom Rasen. Von einer \u201estrukturellen Verletzung im Oberschenkel\u201c war die Rede. Und die h\u00e4lt an!<\/b><\/p>\n<p>Beim Spiel bei St. Pauli (1:2) musste Werder bereits ohne den Stamm-Innenverteidiger antreten und auch im Kellerduell gegen den Tabellenletzten Heidenheim (Sa., 15.30 Uhr, Sky) wird Coulibaly fehlen. Profi-Chef Peter Niemeyer (42) zu BILD: \u201eKarim steckt weiter ohne R\u00fcckschlag im Heilungsprozess. Von einer R\u00fcckkehr gegen Heidenheim ist jedoch nicht auszugehen.\u201c<\/p>\n<p>Coulibaly-News aus dem Werder-Lazarett<\/p>\n<p>Auch <a href=\"https:\/\/www.bild.de\/sport\/fussball\/agu-diagnose-da-naechster-schock-bei-werder-bremen-699c5b4ad2efdf1bd0d2fb49\" class=\"text-link\" rel=\"nofollow noopener\" target=\"_blank\">Felix Agu<\/a> (26) wird im Schl\u00fcsselspiel im Kampf um den Klassenerhalt nicht mitmachen k\u00f6nnen. Der Au\u00dfenverteidiger hatte sich nach langer Verletzungspause (Syndesmosebandriss) in Freiburg (0:1) mit einem Kurzeinsatz zur\u00fcckgemeldet und stand gegen die Bayern sogar in der Startelf. Wenige Minuten vor dem Anpfiff gegen St. Pauli musste er wegen Adduktoren-Beschwerden passen.<\/p>\n<p>Mehr zum Thema<\/p>\n<p>Niemeyer: \u201eDie Verletzung von Felix trifft uns nat\u00fcrlich. Sie ist aber keine Sache von Monaten. Dass wir ihn nach seiner langen Verletzungspause zu hoch belastet haben, sehen wir nicht. Wir haben ihn behutsam und mit Sorgfalt herangef\u00fchrt.\u201c Eine R\u00fcckkehr in den folgenden Spielen bei Union Berlin oder gegen Mainz scheint m\u00f6glich. Ob dies bei Innenverteidiger <a href=\"https:\/\/www.bild.de\/sport\/fussball\/werder-bremen-comeback-raetsel-um-mitchell-weiser-und-amos-pieper-699ad3cdd2efdf1bd0d2e498\" class=\"text-link\" rel=\"nofollow noopener\" target=\"_blank\">Amos Pieper (28)<\/a> gelingt, ist fraglich. \u201eAmos ist weiter im Rehaprozess, auf dem Trainingsplatz werden wir ihn in dieser Woche voraussichtlich noch nicht sehen\u201c, sagt Niemeyer.<\/p>\n<p>Gute Chancen auf einen Einsatz gegen Heidenheim hat Niklas Stark (30). \u201eDas glaube ich nicht\u201c, sagte Thioune zwar auf die Frage, ob der Innenverteidiger seinen intensiven 90-Minuten-Einsatz am Millerntor trotz endloser H\u00fcftprobleme gut verkraftet habe. Bis Samstag soll der Routinier dank zarter Belastung aber wiederhergestellt sein.<\/p>\n","protected":false},"excerpt":{"rendered":"TTS-Player \u00fcberspringen\u21b5Artikel weiterlesen Sein Ausfall trifft Werders Defensive enorm. Gegen die Bayern (0:3) humpelte Abwehr-Teenie Karim Coulibaly (18)&hellip;\n","protected":false},"author":2,"featured_media":822281,"comment_status":"","ping_status":"","sticky":false,"template":"","format":"standard","meta":{"footnotes":"","_share_on_mastodon":"0"},"categories":[1824],"tags":[2420,126291,3364,29,538,30,7653,24042,542,45,537],"class_list":["post-822280","post","type-post","status-publish","format-standard","has-post-thumbnail","category-bremen","tag-bremen","tag-coulibaly-karim","tag-de","tag-deutschland","tag-erste-bundesliga","tag-germany","tag-niemeyer-peter","tag-pieper-amos","tag-sport-leuchtturm-hamburg","tag-texttospeech","tag-werder-bremen"],"share_on_mastodon":{"url":"https:\/\/pubeurope.com\/@de\/116126334703464710","error":""},"_links":{"self":[{"href":"https:\/\/www.europesays.com\/de\/wp-json\/wp\/v2\/posts\/822280","targetHints":{"allow":["GET"]}}],"collection":[{"href":"https:\/\/www.europesays.com\/de\/wp-json\/wp\/v2\/posts"}],"about":[{"href":"https:\/\/www.europesays.com\/de\/wp-json\/wp\/v2\/types\/post"}],"author":[{"embeddable":true,"href":"https:\/\/www.europesays.com\/de\/wp-json\/wp\/v2\/users\/2"}],"replies":[{"embeddable":true,"href":"https:\/\/www.europesays.com\/de\/wp-json\/wp\/v2\/comments?post=822280"}],"version-history":[{"count":0,"href":"https:\/\/www.europesays.com\/de\/wp-json\/wp\/v2\/posts\/822280\/revisions"}],"wp:featuredmedia":[{"embeddable":true,"href":"https:\/\/www.europesays.com\/de\/wp-json\/wp\/v2\/media\/822281"}],"wp:attachment":[{"href":"https:\/\/www.europesays.com\/de\/wp-json\/wp\/v2\/media?parent=822280"}],"wp:term":[{"taxonomy":"category","embeddable":true,"href":"https:\/\/www.europesays.com\/de\/wp-json\/wp\/v2\/categories?post=822280"},{"taxonomy":"post_tag","embeddable":true,"href":"https:\/\/www.europesays.com\/de\/wp-json\/wp\/v2\/tags?post=822280"}],"curies":[{"name":"wp","href":"https:\/\/api.w.org\/{rel}","templated":true}]}}