{"id":822832,"date":"2026-02-24T20:37:14","date_gmt":"2026-02-24T20:37:14","guid":{"rendered":"https:\/\/www.europesays.com\/de\/822832\/"},"modified":"2026-02-24T20:37:14","modified_gmt":"2026-02-24T20:37:14","slug":"terrorermittlungen-in-russland-gegen-telegram-gruender-durow","status":"publish","type":"post","link":"https:\/\/www.europesays.com\/de\/822832\/","title":{"rendered":"Terrorermittlungen in Russland gegen Telegram-Gr\u00fcnder Durow?"},"content":{"rendered":"<p class=\"text-18 leading-17 user-text-lg:text-22 user-text-xl:text-24\">Dazu werde man die dezentrale Produktion erneuerbarer Energien beschleunigen und durch russische Angriffe besch\u00e4digte Netze wieder aufbauen und modernisieren, erkl\u00e4rte von der Leyen bei dem Besuch zum vierten Jahrestag der russischen Invasion in die Ukraine. Zudem sollten besch\u00e4digte Kraftwerke repariert werden.<\/p>\n<p class=\"text-18 leading-17 user-text-lg:text-22 user-text-xl:text-24\">F\u00fcr Soforthilfe in diesen Winter k\u00fcndigte die Deutsche zudem ein neues Paket im Umfang von mehr als 100 Millionen Euro an. &#8222;Es steht ab sofort zur Verf\u00fcgung&#8220;, sagte von der Leyen. Die Ukraine erlebt in diesem Winter nach eigenen Angaben die schwerste Energiekrise ihrer Geschichte. Wegen gezielter russischer Angriffe auf die Infrastruktur sind Millionen Menschen von langen Strom- und Heizungsausf\u00e4llen betroffen.<\/p>\n<p class=\"text-18 leading-17 user-text-lg:text-22 user-text-xl:text-24\">Der ukrainische Pr\u00e4sident <a class=\"transition-colors duration-200 cursor-pointer text-inherit no-underline text-salemsfur md:hover:text-magenta md:hover:border-magenta md:focus:text-magenta border-current border-b border-solid break-words\" href=\"https:\/\/www.t-online.de\/themen\/wolodymyr-selenskyj\/\" data-sctrack=\"BodyAnchor\" rel=\"nofollow noopener\" target=\"_blank\">Wolodymyr Selenskyj<\/a> h\u00e4lt trotz des Drucks der EU-Staaten <a class=\"transition-colors duration-200 cursor-pointer text-inherit no-underline text-salemsfur md:hover:text-magenta md:hover:border-magenta md:focus:text-magenta border-current border-b border-solid break-words\" href=\"https:\/\/www.t-online.de\/themen\/ungarn\/\" data-sctrack=\"BodyAnchor\" rel=\"nofollow noopener\" target=\"_blank\">Ungarn<\/a> und <a class=\"transition-colors duration-200 cursor-pointer text-inherit no-underline text-salemsfur md:hover:text-magenta md:hover:border-magenta md:focus:text-magenta border-current border-b border-solid break-words\" href=\"https:\/\/www.t-online.de\/themen\/slowakei\/\" data-sctrack=\"BodyAnchor\" rel=\"nofollow noopener\" target=\"_blank\">Slowakei<\/a> eine Reparatur der f\u00fcr russische \u00d6llieferungen wichtigen Druschba-Leitung f\u00fcr unn\u00f6tig. &#8222;Wozu reparieren? Um Menschen zu verlieren. Ich denke, das ist ein zu gro\u00dfer Preis&#8220;, sagte Selenskyj auf einer gemeinsamen Pressekonferenz mit EU-Kommissionschefin Ursula von der Leyen und Ratspr\u00e4sident Ant\u00f3nio Costas in Kiew. Ihm zufolge greift das russische Milit\u00e4r gezielt Reparaturtrupps an.<\/p>\n<p class=\"text-18 leading-17 user-text-lg:text-22 user-text-xl:text-24\">Dem ungarischen Ministerpr\u00e4sidenten Viktor Orb\u00e1n, der wegen der ausbleibenden Lieferungen Ukraine-Hilfen blockiert, empfahl er sich an <a class=\"transition-colors duration-200 cursor-pointer text-inherit no-underline text-salemsfur md:hover:text-magenta md:hover:border-magenta md:focus:text-magenta border-current border-b border-solid break-words\" href=\"https:\/\/www.t-online.de\/themen\/moskau\/\" data-sctrack=\"BodyAnchor\" rel=\"nofollow noopener\" target=\"_blank\">Moskau<\/a> zu wenden. &#8222;Russland zerst\u00f6rte diese Pipeline mehrfach&#8220;, sagte Selenskyj. Orb\u00e1n solle den Kreml um eine Energiewaffenruhe ersuchen. &#8222;Es kann nicht sein, dass Russland etwas zerst\u00f6rt und die Ukraine es dann repariert.&#8220; Selenskyj hatte auch gesagt, dass russisches \u00d6l, das zur Finanzierung des Kriegs dient, nichts auf dem europ\u00e4ischen Markt zu suchen habe.<\/p>\n<p class=\"text-18 leading-17 user-text-lg:text-22 user-text-xl:text-24\">Von der Leyen, die in den blau-gelben Farben der ukrainischen Flagge gekleidet war, machte allerdings deutlich, dass sie und Costa die Ukraine gebeten haben, die Reparaturen an der Pipeline zu beschleunigen. Sie dankte zudem dem kroatischen Ministerpr\u00e4sidenten Andrej Plenkovic f\u00fcr seine Bem\u00fchungen, den Transport von \u00d6l \u00fcber <a class=\"transition-colors duration-200 cursor-pointer text-inherit no-underline text-salemsfur md:hover:text-magenta md:hover:border-magenta md:focus:text-magenta border-current border-b border-solid break-words\" href=\"https:\/\/www.t-online.de\/themen\/serbien\/\" data-sctrack=\"BodyAnchor\" rel=\"nofollow noopener\" target=\"_blank\">Serbien<\/a> nach Ungarn und in die Slowakei \u00fcber die Adria-Pipeline abzusichern und auszubauen.<\/p>\n<p class=\"text-18 leading-17 user-text-lg:text-22 user-text-xl:text-24\">Vier Jahre nach Beginn des russischen Angriffs auf die Ukraine sind laut Bundesgesundheitsministerium inzwischen rund 1.700 Kriegsverletzte und Soldaten von dort zu Behandlungen nach Deutschland gekommen. Die Patientinnen und Patienten werden aus der Ukraine geholt und auf Kliniken verteilt, das Ministerium in <a class=\"transition-colors duration-200 cursor-pointer text-inherit no-underline text-salemsfur md:hover:text-magenta md:hover:border-magenta md:focus:text-magenta border-current border-b border-solid break-words\" href=\"https:\/\/berlin.t-online.de\/region\/berlin\/\" data-sctrack=\"BodyAnchor\" rel=\"nofollow noopener\" target=\"_blank\">Berlin<\/a> mitteilte. F\u00fcr die Behandlung in Deutschland stehen demnach in diesem Jahr 25 Millionen Euro \u00fcber Bundesmittel bereit.<\/p>\n","protected":false},"excerpt":{"rendered":"Dazu werde man die dezentrale Produktion erneuerbarer Energien beschleunigen und durch russische Angriffe besch\u00e4digte Netze wieder aufbauen und&hellip;\n","protected":false},"author":2,"featured_media":822833,"comment_status":"","ping_status":"","sticky":false,"template":"","format":"standard","meta":{"footnotes":"","_share_on_mastodon":"0"},"categories":[4013],"tags":[132921,1217,326,6079,331,332,6025,29,8331,6073,548,942,27489,325,13,5793,5020,1480,670,451,308,14,15,3129,184516,10251,4043,4044,850,307,12,7376,6075,184515,2544,3533,317,312,501,1493,500,672,107],"class_list":["post-822832","post","type-post","status-publish","format-standard","has-post-thumbnail","category-russland","tag-132921","tag-1217","tag-326","tag-6079","tag-aktuelle-nachrichten","tag-aktuelle-news","tag-antonio-costa","tag-deutschland","tag-dmitri-peskow","tag-dnjepropetrowsk","tag-eu","tag-eu-kommission","tag-fsb","tag-geheimdienst","tag-headlines","tag-kiew","tag-kreml","tag-luftwaffe","tag-meta","tag-militaer","tag-moskau","tag-nachrichten","tag-news","tag-newsblog","tag-olexander-ganscha","tag-pawel-durow","tag-russia","tag-russian-federation","tag-russische-foederation","tag-russland","tag-schlagzeilen","tag-slowakei","tag-telegram","tag-terrorermittlung","tag-terrorismus","tag-todesfall","tag-ukraine","tag-ukrainekrieg","tag-ungarn","tag-ursula-von-der-leyen","tag-viktor-orban","tag-whatsapp","tag-wolodymyr-selenskyj"],"share_on_mastodon":{"url":"","error":"Validation failed: Text character limit of 500 exceeded"},"_links":{"self":[{"href":"https:\/\/www.europesays.com\/de\/wp-json\/wp\/v2\/posts\/822832","targetHints":{"allow":["GET"]}}],"collection":[{"href":"https:\/\/www.europesays.com\/de\/wp-json\/wp\/v2\/posts"}],"about":[{"href":"https:\/\/www.europesays.com\/de\/wp-json\/wp\/v2\/types\/post"}],"author":[{"embeddable":true,"href":"https:\/\/www.europesays.com\/de\/wp-json\/wp\/v2\/users\/2"}],"replies":[{"embeddable":true,"href":"https:\/\/www.europesays.com\/de\/wp-json\/wp\/v2\/comments?post=822832"}],"version-history":[{"count":0,"href":"https:\/\/www.europesays.com\/de\/wp-json\/wp\/v2\/posts\/822832\/revisions"}],"wp:featuredmedia":[{"embeddable":true,"href":"https:\/\/www.europesays.com\/de\/wp-json\/wp\/v2\/media\/822833"}],"wp:attachment":[{"href":"https:\/\/www.europesays.com\/de\/wp-json\/wp\/v2\/media?parent=822832"}],"wp:term":[{"taxonomy":"category","embeddable":true,"href":"https:\/\/www.europesays.com\/de\/wp-json\/wp\/v2\/categories?post=822832"},{"taxonomy":"post_tag","embeddable":true,"href":"https:\/\/www.europesays.com\/de\/wp-json\/wp\/v2\/tags?post=822832"}],"curies":[{"name":"wp","href":"https:\/\/api.w.org\/{rel}","templated":true}]}}