{"id":823012,"date":"2026-02-24T22:20:15","date_gmt":"2026-02-24T22:20:15","guid":{"rendered":"https:\/\/www.europesays.com\/de\/823012\/"},"modified":"2026-02-24T22:20:15","modified_gmt":"2026-02-24T22:20:15","slug":"wacker-leuben-zurueck-an-der-tabellenspitze","status":"publish","type":"post","link":"https:\/\/www.europesays.com\/de\/823012\/","title":{"rendered":"Wacker Leuben zur\u00fcck an der Tabellenspitze"},"content":{"rendered":"<p>Kostenfrei bis 00:00 Uhr lesen<\/p>\n<p>Fu\u00dfball-Stadtoberliga<\/p>\n<p>Kostenpflichtig<\/p>\n<p>Kostenpflichtig<\/p>\n<p>\ufeffStadtoberliga Dresden: Wacker Leuben zur\u00fcck an der Tabellenspitze<img decoding=\"async\" alt=\"Vorm Laubegaster Geh\u00e4use, verteidigt von Torwart Fabian Vogel (l.) und Kapit\u00e4n Sascha Masopust (r.), herrschte einige Male Hochbetrieb. Hier versuchen sich die Leubener Tony Schmidt und Tom Beyer (im Liegen).\" fetchpriority=\"high\"  src=\"https:\/\/www.europesays.com\/de\/wp-content\/uploads\/2026\/02\/VJ5TWR2NQ5FAJMDFPURTC5WWOM.jpg\" \/><\/p>\n<p class=\"Textstyled__Text-sc-1cqv9mi-0 cLyiiX ArticleHeadstyled__ArticleSubHeadline-sc-tdzyy5-11 fXdZot\">Eine Nullnummer gegen Kellerkind FV Dresden 06 Laubegast II gen\u00fcgt der Mannschaft von Trainer Frank Selber im Nachholspiel am Dienstagabend, um aufgrund der besseren Tordifferenz wieder an der SpVgg L\u00f6btau vorbeizuziehen.<\/p>\n<p class=\"Textstyled__Text-sc-1cqv9mi-0 cLyiiX\">Dresden. Mit einem torlosen Unentschieden haben sich am Dienstagabend im Nachholspiel der Dresdner Fu\u00dfball-Stadtoberliga Wacker Leuben und der FV 06 Laubegast II getrennt. In der kampfbetonten Partie hatten Tony Schmidt, Kay Weska und Aaron Wartenberg die besten Chancen aufseiten der Hausherren. Einmal lag das Leder im Laubegaster Kasten, doch der Treffer fiel der Abseitsregelung zum Opfer.<\/p>\n<p>Weiterlesen nach der Anzeige<\/p>\n<p>Weiterlesen nach der Anzeige<\/p>\n<p class=\"Textstyled__Text-sc-1cqv9mi-0 cLyiiX\">Die G\u00e4ste, die mit einigen Akteuren aus dem Kader der ersten Garnitur aufgelaufen waren, blieben mit ihren schnellen Leuten bei Kontern stets gef\u00e4hrlich. Bei bissig gef\u00fchrten Zweik\u00e4mpfen und stellenweiser Hektik auf der Laubegaster Trainerbank musste der Striesener Schiedsrichter Gustav Stiefel vor 56 zahlenden Zuschauern f\u00fcnf Gelbe Karten verteilen. F\u00fcr Wacker sahen Routinier Tony Schmidt und Tom Beyer Gelb, auf der Gegenseite heimsten Colin M\u00fcller, Ibrahim Husni und Sascha Masopust Verwarnungen ein.<\/p>\n<blockquote><p>In unserer Situation im Abstiegskampf nehmen wir diesen Punkt gern mit.<\/p><\/blockquote>\n<p class=\"Quotestyled__Author-sc-q277fq-1 jpwDCb\">Richard May,<\/p>\n<p class=\"Quotestyled__AuthorDescription-sc-q277fq-2 hpcTzH\">Co-Trainer FC Laubegast<\/p>\n<p class=\"Textstyled__Text-sc-1cqv9mi-0 cLyiiX\">\u201eDie Jungs haben ein starkes Spiel gezeigt mit einer geschlossenen Mannschaftsleistung. Hinten heraus haben wir uns leider nicht belohnt f\u00fcr den Einsatz. Die eine oder andere Schiedsrichterentscheidung war etwas ungl\u00fccklich, aber daran m\u00f6chte ich das Remis nicht festmachen\u201c, sagte Leubens Trainer Frank Selber.<\/p>\n<p>Weiterlesen nach der Anzeige<\/p>\n<p>Weiterlesen nach der Anzeige<\/p>\n<p class=\"Textstyled__Text-sc-1cqv9mi-0 cLyiiX\">Der Laubegaster Co-Trainer Richard May war mit dem Unentschieden nicht unzufrieden: \u201eKlar, im Fu\u00dfball will man immer gewinnen. Aber in unserer Situation im Abstiegskampf nehmen wir diesen Punkt gern mit.\u201c Mit diesem einen Punkt hat Leuben aufgrund der besseren Tordifferenz gegen\u00fcber der SpVgg L\u00f6btau wieder die Tabellenf\u00fchrung in der Liga \u00fcbernommen. Laubegast II rangiert weiterhin auf dem 14. Tabellenplatz.<\/p>\n<p class=\"Editorialstyled__Editorial-sc-1bfvh9l-0 cSmjnJ\">DNN<\/p>\n","protected":false},"excerpt":{"rendered":"Kostenfrei bis 00:00 Uhr lesen Fu\u00dfball-Stadtoberliga Kostenpflichtig Kostenpflichtig \ufeffStadtoberliga Dresden: Wacker Leuben zur\u00fcck an der Tabellenspitze Eine Nullnummer&hellip;\n","protected":false},"author":2,"featured_media":823013,"comment_status":"","ping_status":"","sticky":false,"template":"","format":"standard","meta":{"footnotes":"","_share_on_mastodon":"0"},"categories":[1835],"tags":[3364,29,2386,30,859],"class_list":["post-823012","post","type-post","status-publish","format-standard","has-post-thumbnail","category-dresden","tag-de","tag-deutschland","tag-dresden","tag-germany","tag-sachsen"],"share_on_mastodon":{"url":"https:\/\/pubeurope.com\/@de\/116127939100786429","error":""},"_links":{"self":[{"href":"https:\/\/www.europesays.com\/de\/wp-json\/wp\/v2\/posts\/823012","targetHints":{"allow":["GET"]}}],"collection":[{"href":"https:\/\/www.europesays.com\/de\/wp-json\/wp\/v2\/posts"}],"about":[{"href":"https:\/\/www.europesays.com\/de\/wp-json\/wp\/v2\/types\/post"}],"author":[{"embeddable":true,"href":"https:\/\/www.europesays.com\/de\/wp-json\/wp\/v2\/users\/2"}],"replies":[{"embeddable":true,"href":"https:\/\/www.europesays.com\/de\/wp-json\/wp\/v2\/comments?post=823012"}],"version-history":[{"count":0,"href":"https:\/\/www.europesays.com\/de\/wp-json\/wp\/v2\/posts\/823012\/revisions"}],"wp:featuredmedia":[{"embeddable":true,"href":"https:\/\/www.europesays.com\/de\/wp-json\/wp\/v2\/media\/823013"}],"wp:attachment":[{"href":"https:\/\/www.europesays.com\/de\/wp-json\/wp\/v2\/media?parent=823012"}],"wp:term":[{"taxonomy":"category","embeddable":true,"href":"https:\/\/www.europesays.com\/de\/wp-json\/wp\/v2\/categories?post=823012"},{"taxonomy":"post_tag","embeddable":true,"href":"https:\/\/www.europesays.com\/de\/wp-json\/wp\/v2\/tags?post=823012"}],"curies":[{"name":"wp","href":"https:\/\/api.w.org\/{rel}","templated":true}]}}