{"id":823157,"date":"2026-02-24T23:40:15","date_gmt":"2026-02-24T23:40:15","guid":{"rendered":"https:\/\/www.europesays.com\/de\/823157\/"},"modified":"2026-02-24T23:40:15","modified_gmt":"2026-02-24T23:40:15","slug":"sachsen-grossreinemachen-in-den-staatlichen-kunstsammlungen-dresden","status":"publish","type":"post","link":"https:\/\/www.europesays.com\/de\/823157\/","title":{"rendered":"Sachsen: Gro\u00dfreinemachen in den Staatlichen Kunstsammlungen Dresden"},"content":{"rendered":"<p>SachsenGro\u00dfreinemachen in den Staatlichen Kunstsammlungen Dresden<img decoding=\"async\" class=\"Image_img__fQCi0 Image_Img_16_9__4BLfH\" loading=\"eager\" fetchpriority=\"high\" src=\"https:\/\/www.europesays.com\/de\/wp-content\/uploads\/2026\/02\/Im-ersten-Quartal-ist-Grossreinemachen-bei-der-SKD-angesagt.webp.webp\" alt=\"Im-ersten-Quartal-ist-Grossreinemachen-bei-der-SKD-angesagt\"\/>(Foto: J\u00fcrgen L\u00f6sel\/dpa)TeilenFolgen auf:<a href=\"https:\/\/www.whatsapp.com\/channel\/0029Va5cdVJD8SDp5YZgYF01\" title=\"Auf WhatsApp folgen\" target=\"_blank\" rel=\"nofollow noopener\"><img decoding=\"async\" src=\"https:\/\/www.n-tv.de\/socialIcons\/whatsapp.svg\" alt=\"whatsapp\" class=\"ArticleShare_icon__FsrC2\"\/><\/a><a href=\"https:\/\/news.google.com\/publications\/CAAiEPMdif5mpRNxiLOeUpHCwwsqFAgKIhDzHYn-ZqUTcYiznlKRwsML?hl=de&amp;gl=DE&amp;ceid=DE%3Ade\" title=\"Auf Google News folgen\" target=\"_blank\" rel=\"nofollow noopener\"><img decoding=\"async\" src=\"https:\/\/www.n-tv.de\/socialIcons\/google.svg\" alt=\"whatsapp\" class=\"ArticleShare_icon__FsrC2\"\/><\/a><\/p>\n<p class=\"Typography_text-m__XI0da Typography_weight-bold__uT6mq storyline_lead_text_leadtext__q_wg8\">Wenn Besucher drau\u00dfen bleiben m\u00fcssen, wird drinnen geputzt und renoviert. Was w\u00e4hrend der Schlie\u00dfzeiten bei den Staatlichen Kunstsammlungen alles gepflegt wird.<\/p>\n<p class=\"Typography_text-default__P3otY Typography_weight-normal__pqUbH storyline_paragraph_p__qSR5N\">Dresden (dpa\/sn) &#8211; In den Staatlichen Kunstsammlungen Dresden (SKD) kommen derzeit Exponate unter den Staubwedel. Der Museumsverbund nutzt traditionell die Schlie\u00dfzeiten der verschiedenen Sammlungen in den ersten drei Monaten des Jahres f\u00fcr ein Gro\u00dfreinemachen.<\/p>\n<p class=\"Typography_text-default__P3otY Typography_weight-normal__pqUbH storyline_paragraph_p__qSR5N\">Aktuell f\u00e4nden Reinigungsarbeiten im Mathematisch-Physikalischen Salon statt, teilten die SKD mit. Vom 9. bis 20. M\u00e4rz werden die Porzellansammlung und die Gem\u00e4ldegalerie Alte Meister geschlossen sein. Dann werde auch dort geputzt. Bereits Anfang des Jahres waren die Sammlungen im Residenzschloss und das Albertinum dran.<\/p>\n<p class=\"Typography_text-default__P3otY Typography_weight-normal__pqUbH storyline_paragraph_p__qSR5N\">Gepflegt werde das Sammlungsgut. Aber auch R\u00e4umlichkeiten wie Foyer, Garderobe oder Veranstaltungsfl\u00e4chen w\u00fcrden in dieser Zeit renoviert, so die SKD. Je nach Gr\u00f6\u00dfe der Museen sei eine k\u00fcrzere oder l\u00e4ngere Schlie\u00dfzeit n\u00f6tig.<\/p>\n<p class=\"Typography_text-s__wu_cm Typography_weight-normal__pqUbH Typography_color-darkgrey__sZEnP article-detail-footer_source__KslPc\">Quelle: dpa<\/p>\n","protected":false},"excerpt":{"rendered":"SachsenGro\u00dfreinemachen in den Staatlichen Kunstsammlungen Dresden(Foto: J\u00fcrgen L\u00f6sel\/dpa)TeilenFolgen auf: Wenn Besucher drau\u00dfen bleiben m\u00fcssen, wird drinnen geputzt und&hellip;\n","protected":false},"author":2,"featured_media":823158,"comment_status":"","ping_status":"","sticky":false,"template":"","format":"standard","meta":{"footnotes":"","_share_on_mastodon":"0"},"categories":[1835],"tags":[3364,29,2386,30,859],"class_list":["post-823157","post","type-post","status-publish","format-standard","has-post-thumbnail","category-dresden","tag-de","tag-deutschland","tag-dresden","tag-germany","tag-sachsen"],"share_on_mastodon":{"url":"https:\/\/pubeurope.com\/@de\/116128253779776876","error":""},"_links":{"self":[{"href":"https:\/\/www.europesays.com\/de\/wp-json\/wp\/v2\/posts\/823157","targetHints":{"allow":["GET"]}}],"collection":[{"href":"https:\/\/www.europesays.com\/de\/wp-json\/wp\/v2\/posts"}],"about":[{"href":"https:\/\/www.europesays.com\/de\/wp-json\/wp\/v2\/types\/post"}],"author":[{"embeddable":true,"href":"https:\/\/www.europesays.com\/de\/wp-json\/wp\/v2\/users\/2"}],"replies":[{"embeddable":true,"href":"https:\/\/www.europesays.com\/de\/wp-json\/wp\/v2\/comments?post=823157"}],"version-history":[{"count":0,"href":"https:\/\/www.europesays.com\/de\/wp-json\/wp\/v2\/posts\/823157\/revisions"}],"wp:featuredmedia":[{"embeddable":true,"href":"https:\/\/www.europesays.com\/de\/wp-json\/wp\/v2\/media\/823158"}],"wp:attachment":[{"href":"https:\/\/www.europesays.com\/de\/wp-json\/wp\/v2\/media?parent=823157"}],"wp:term":[{"taxonomy":"category","embeddable":true,"href":"https:\/\/www.europesays.com\/de\/wp-json\/wp\/v2\/categories?post=823157"},{"taxonomy":"post_tag","embeddable":true,"href":"https:\/\/www.europesays.com\/de\/wp-json\/wp\/v2\/tags?post=823157"}],"curies":[{"name":"wp","href":"https:\/\/api.w.org\/{rel}","templated":true}]}}