{"id":823272,"date":"2026-02-25T00:42:14","date_gmt":"2026-02-25T00:42:14","guid":{"rendered":"https:\/\/www.europesays.com\/de\/823272\/"},"modified":"2026-02-25T00:42:14","modified_gmt":"2026-02-25T00:42:14","slug":"ukraine-news-merz-wirbt-in-peking-fuer-ukraine-frieden","status":"publish","type":"post","link":"https:\/\/www.europesays.com\/de\/823272\/","title":{"rendered":"Ukraine-News: Merz wirbt in Peking f\u00fcr Ukraine-Frieden"},"content":{"rendered":"<p class=\"text\">\nVor seinem Antrittsbesuch in China hat Bundeskanzler Friedrich Merz die Bedeutung des Landes f\u00fcr ein Ende des Ukraine-Kriegs betont. Der CDU-Politiker sagte, China habe die M\u00f6glichkeit, seinen Einfluss geltend zu machen. Pekings Stimme werde auch in Moskau geh\u00f6rt. Er k\u00fcndigte an, w\u00e4hrend seines Besuchs \u00fcber die Rolle Chinas bei der Beilegung des Krieges zu sprechen. Westliche Staaten werfen China vor, Russland indirekt zu unterst\u00fctzen. Peking weist dies zur\u00fcck. (Quelle: AFP)<\/p>\n","protected":false},"excerpt":{"rendered":"Vor seinem Antrittsbesuch in China hat Bundeskanzler Friedrich Merz die Bedeutung des Landes f\u00fcr ein Ende des Ukraine-Kriegs&hellip;\n","protected":false},"author":2,"featured_media":823273,"comment_status":"","ping_status":"","sticky":false,"template":"","format":"standard","meta":{"footnotes":"","_share_on_mastodon":"0"},"categories":[4012],"tags":[331,332,4870,184571,227,13,4046,81,182,14,15,60855,307,859,860,12,861,317,26,64,580,103],"class_list":["post-823272","post","type-post","status-publish","format-standard","has-post-thumbnail","category-ukraine","tag-aktuelle-nachrichten","tag-aktuelle-news","tag-baerbock","tag-charta","tag-china","tag-headlines","tag-krieg","tag-mdr","tag-merz","tag-nachrichten","tag-news","tag-resolution","tag-russland","tag-sachsen","tag-sachsen-anhalt","tag-schlagzeilen","tag-thueringen","tag-ukraine","tag-un","tag-usa","tag-waffenruhe","tag-welt"],"share_on_mastodon":{"url":"https:\/\/pubeurope.com\/@de\/116128497364147132","error":""},"_links":{"self":[{"href":"https:\/\/www.europesays.com\/de\/wp-json\/wp\/v2\/posts\/823272","targetHints":{"allow":["GET"]}}],"collection":[{"href":"https:\/\/www.europesays.com\/de\/wp-json\/wp\/v2\/posts"}],"about":[{"href":"https:\/\/www.europesays.com\/de\/wp-json\/wp\/v2\/types\/post"}],"author":[{"embeddable":true,"href":"https:\/\/www.europesays.com\/de\/wp-json\/wp\/v2\/users\/2"}],"replies":[{"embeddable":true,"href":"https:\/\/www.europesays.com\/de\/wp-json\/wp\/v2\/comments?post=823272"}],"version-history":[{"count":0,"href":"https:\/\/www.europesays.com\/de\/wp-json\/wp\/v2\/posts\/823272\/revisions"}],"wp:featuredmedia":[{"embeddable":true,"href":"https:\/\/www.europesays.com\/de\/wp-json\/wp\/v2\/media\/823273"}],"wp:attachment":[{"href":"https:\/\/www.europesays.com\/de\/wp-json\/wp\/v2\/media?parent=823272"}],"wp:term":[{"taxonomy":"category","embeddable":true,"href":"https:\/\/www.europesays.com\/de\/wp-json\/wp\/v2\/categories?post=823272"},{"taxonomy":"post_tag","embeddable":true,"href":"https:\/\/www.europesays.com\/de\/wp-json\/wp\/v2\/tags?post=823272"}],"curies":[{"name":"wp","href":"https:\/\/api.w.org\/{rel}","templated":true}]}}