{"id":823351,"date":"2026-02-25T01:26:41","date_gmt":"2026-02-25T01:26:41","guid":{"rendered":"https:\/\/www.europesays.com\/de\/823351\/"},"modified":"2026-02-25T01:26:41","modified_gmt":"2026-02-25T01:26:41","slug":"kind-stellt-sich-nach-brutaler-tat","status":"publish","type":"post","link":"https:\/\/www.europesays.com\/de\/823351\/","title":{"rendered":"Kind stellt sich nach brutaler Tat"},"content":{"rendered":"<p>Eltern begleiten ihn zur Wache <\/p>\n<p>Brutaler S-Bahn-Treter von Berlin soll noch ein Kind sein<\/p>\n<p>Aktualisiert am 24.02.2026 &#8211; 17:51 UhrLesedauer: 2 Min.<\/p>\n<p><a href=\"#focus-0\" class=\"transition-colors duration-200 block text-current relative\" data-sctrack=\"FocusGalleryImage.Reference\"><img fetchpriority=\"high\" data-testid=\"Opener.Image\" style=\"--lqipURL:url('https:\/\/images.t-online.de\/2026\/02\/bPFWfV2I4nxO\/0x150:2953x1661\/fit-in\/150x0\/filters:blur(25)\/ausgang-des-s-bahnhofes-hermannstrasse-auf-der-ringbahn-in-berlin-neukoelln-berlin-deutschland-output-of-s-station-hermannstrasse-at-the-ring-railway-in-berlin-neukoelln-berlin-germany.jpg')\"   loading=\"eager\" src=\"https:\/\/www.europesays.com\/de\/wp-content\/uploads\/2026\/02\/ausgang-des-s-bahnhofes-hermannstrasse-auf-der-ringbahn-in-berlin-neukoelln-berlin-deutschland-outpu.jpeg\" alt=\"imago images 0794777307\" title=\"imago images 0794777307\" width=\"2953\" height=\"1661\" class=\"bg-[url:var(--lqipURL)] bg-cover bg-center flex h-full w-full max-w-full\" decoding=\"async\"\/><img style=\"--width:32;--height:32\" loading=\"lazy\" src=\"https:\/\/www.t-online.de\/s\/paper\/_next\/static\/media\/zoom-in.f7dae02f.svg\" alt=\"Vergr\u00f6\u00dfern des Bildes\" title=\"Vergr\u00f6\u00dfern des Bildes\" class=\"block h-[calc(var(--height)_\/_16_*_1rem)] w-[calc(var(--width)_\/_16_*_1rem)] max-w-none absolute bottom-8 right-8 rounded-4 bg-snow p-8\" decoding=\"async\"\/><\/a><\/p>\n<p>Ausgang am S-Bahnhof Hermannstra\u00dfe in Berlin (Archivbild): Hier wurde ein 26-J\u00e4hriger die Treppe hinuntergetreten. (Quelle: IMAGO\/imago)<\/p>\n<p class=\"font-bold text-18 leading-17 user-text-lg:text-22 user-text-xl:text-24\">Drei filmen, ein Vierter tritt einen Mann in einem S-Bahnhof die Treppe hinunter. Jetzt kommt heraus: Bei dem Hauptverd\u00e4chtigen handelt es sich um ein Kind.<\/p>\n<p class=\"text-18 leading-17 user-text-lg:text-22 user-text-xl:text-24\">Nach dem brutalen Angriff auf einen 26-J\u00e4hrigen am Berliner S-Bahnhof Hermannstra\u00dfe hat sich die gesuchte Jugendgruppe gestellt. Wie ein Sprecher der Bundespolizei t-online mitteilte, handele es sich um vier Kinder und Jugendliche im Alter von zw\u00f6lf, 14, 14 und 15 Jahren.<\/p>\n<p class=\"text-18 leading-17 user-text-lg:text-22 user-text-xl:text-24\">Der Zw\u00f6lfj\u00e4hrige sei der Hauptverd\u00e4chtige, der das Opfer mit einem gezielten Tritt die Treppe hinuntergesto\u00dfen haben soll. Er habe sich mit seinen Eltern auf einer Polizeiwache gestellt, sagte der Sprecher. Nach und nach habe man auch die Identit\u00e4ten der anderen Jugendlichen kl\u00e4ren k\u00f6nnen. Ob und gegen wen etwaige Strafverfahren eingeleitet werden, sei noch offen, so der Sprecher. Der Zw\u00f6lfj\u00e4hrige ist strafunm\u00fcndig und kann daher juristisch nicht belangt werden.<\/p>\n<p class=\"text-18 leading-17 user-text-lg:text-22 user-text-xl:text-24\">Das sp\u00e4tere Opfer hatte die Jugendgruppe am Sonntagabend vor dem Bahnhof Hermannstra\u00dfe im Berliner Bezirk <a class=\"transition-colors duration-200 cursor-pointer text-inherit no-underline text-salemsfur md:hover:text-magenta md:hover:border-magenta md:focus:text-magenta border-current border-b border-solid break-words\" href=\"https:\/\/www.t-online.de\/themen\/neukoelln\/\" data-sctrack=\"BodyAnchor\" rel=\"nofollow noopener\" target=\"_blank\">Neuk\u00f6lln<\/a> angesprochen. Zun\u00e4chst habe sich die Gruppe von dem Letten entfernt. Dann habe sie ihn wieder eingeholt, als der Mann sich gerade auf der Treppe Richtung S-Bahn befunden habe.<\/p>\n<p class=\"text-18 leading-17 user-text-lg:text-22 user-text-xl:text-24\">Drei Jugendliche h\u00e4tten ihre Handys gez\u00fcckt, offenbar, um zu filmen, schilderte die Bundespolizei. Der Zw\u00f6lfj\u00e4hrige sei dem 26-J\u00e4hrigen daraufhin &#8222;gezielt mit dem Fu\u00df in den R\u00fccken&#8220; gesprungen, sodass er die Treppe hinunterst\u00fcrzte. Die Gruppe fl\u00fcchtete daraufhin und wurde gesucht.<\/p>\n<p class=\"text-18 leading-17 user-text-lg:text-22 user-text-xl:text-24\">Der Lette wurde mit Verdacht auf ein Sch\u00e4del-Hirn-Trauma in eine Klinik eingeliefert. RTL berichtete, er habe sich am Montagabend selbst aus dem Krankenhaus entlassen.<\/p>\n","protected":false},"excerpt":{"rendered":"Eltern begleiten ihn zur Wache Brutaler S-Bahn-Treter von Berlin soll noch ein Kind sein Aktualisiert am 24.02.2026 &#8211;&hellip;\n","protected":false},"author":2,"featured_media":823352,"comment_status":"","ping_status":"","sticky":false,"template":"","format":"standard","meta":{"footnotes":"","_share_on_mastodon":"0"},"categories":[1825],"tags":[1434,296,421,29,30,26790,1460,6040],"class_list":["post-823351","post","type-post","status-publish","format-standard","has-post-thumbnail","category-berlin","tag-1434","tag-berlin","tag-bundespolizei","tag-deutschland","tag-germany","tag-hermannstrasse","tag-kind","tag-kinder-und-jugendliche"],"share_on_mastodon":{"url":"https:\/\/pubeurope.com\/@de\/116128670534944956","error":""},"_links":{"self":[{"href":"https:\/\/www.europesays.com\/de\/wp-json\/wp\/v2\/posts\/823351","targetHints":{"allow":["GET"]}}],"collection":[{"href":"https:\/\/www.europesays.com\/de\/wp-json\/wp\/v2\/posts"}],"about":[{"href":"https:\/\/www.europesays.com\/de\/wp-json\/wp\/v2\/types\/post"}],"author":[{"embeddable":true,"href":"https:\/\/www.europesays.com\/de\/wp-json\/wp\/v2\/users\/2"}],"replies":[{"embeddable":true,"href":"https:\/\/www.europesays.com\/de\/wp-json\/wp\/v2\/comments?post=823351"}],"version-history":[{"count":0,"href":"https:\/\/www.europesays.com\/de\/wp-json\/wp\/v2\/posts\/823351\/revisions"}],"wp:featuredmedia":[{"embeddable":true,"href":"https:\/\/www.europesays.com\/de\/wp-json\/wp\/v2\/media\/823352"}],"wp:attachment":[{"href":"https:\/\/www.europesays.com\/de\/wp-json\/wp\/v2\/media?parent=823351"}],"wp:term":[{"taxonomy":"category","embeddable":true,"href":"https:\/\/www.europesays.com\/de\/wp-json\/wp\/v2\/categories?post=823351"},{"taxonomy":"post_tag","embeddable":true,"href":"https:\/\/www.europesays.com\/de\/wp-json\/wp\/v2\/tags?post=823351"}],"curies":[{"name":"wp","href":"https:\/\/api.w.org\/{rel}","templated":true}]}}